{"id":197283,"date":"2026-09-01T15:45:10","date_gmt":"2026-09-01T15:45:10","guid":{"rendered":"https:\/\/www.europesays.com\/afrique\/197283\/"},"modified":"2026-09-01T15:45:10","modified_gmt":"2026-09-01T15:45:10","slug":"face-a-lenlisement-de-la-guerre-en-ukraine-poutine-tente-par-la-fuite-en-avant-lexpress","status":"publish","type":"post","link":"https:\/\/www.europesays.com\/afrique\/197283\/","title":{"rendered":"Face \u00e0 l&rsquo;enlisement de la guerre en Ukraine, Poutine tent\u00e9 par la fuite en avant \u2013 L&rsquo;Express"},"content":{"rendered":"<p class=\"paragraph article-body-paragraph article__item   article-body-paragraph--first \">Le tout pour le tout. Face \u00e0 la r\u00e9sistance de l\u2019Ukraine, que <a href=\"https:\/\/www.lexpress.fr\/monde\/europe\/guerre-en-ukraine-vladimir-poutine-a-deja-perdu-par-eric-chol-BVT3KND2W5DY7PS3UFYLHCL2M4\/\" target=\"_self\" rel=\"nofollow noopener\" title=\"https:\/\/www.lexpress.fr\/monde\/europe\/guerre-en-ukraine-vladimir-poutine-a-deja-perdu-par-eric-chol-BVT3KND2W5DY7PS3UFYLHCL2M4\/\">Vladimir Poutine<\/a> avait sous-estim\u00e9e lors du lancement de l&rsquo;invasion en f\u00e9vrier 2022, le pr\u00e9sident russe se trouverait aujourd&rsquo;hui dans une impasse. Plut\u00f4t que de faire cesser le conflit, le chef de l\u2019\u00c9tat russe pourrait donc choisir de passer \u00e0 la vitesse sup\u00e9rieure.<\/p>\n<p class=\"paragraph article-body-paragraph article__item   \">Lors d\u2019une prise de parole officielle, le 22 ao\u00fbt dernier, Vladimir Poutine a r\u00e9agi aux <a href=\"https:\/\/www.lexpress.fr\/monde\/amerique\/quand-les-drones-ukrainiens-donnent-une-lecon-a-larmee-americaine-DXHZ45R7X5F5REB7M3DIQ56B6Y\/\" target=\"_blank\" rel=\"nofollow noopener\" title=\"https:\/\/www.lexpress.fr\/monde\/amerique\/quand-les-drones-ukrainiens-donnent-une-lecon-a-larmee-americaine-DXHZ45R7X5F5REB7M3DIQ56B6Y\/\">r\u00e9centes attaques de drones<\/a> ukrainiennes, de plus en plus efficaces, contre des raffineries de p\u00e9trole et des centres logistiques russes. Le chef du Kremlin a accus\u00e9 l&rsquo;Ukraine d\u2019avoir ouvert une \u00ab\u00a0bo\u00eete de Pandore\u00a0\u00bb tout en promettant des repr\u00e9sailles contre \u00ab\u00a0les secteurs le plus sensibles\u00a0\u00bb de son \u00e9conomie. Le m\u00eame jour, en s\u2019adressant \u00e0 son parti, la Russie unie, l&rsquo;initiateur de la guerre a balay\u00e9 d\u2019un revers de la main toute possibilit\u00e9 d\u2019un arr\u00eat de la guerre. \u00ab\u00a0L\u2019op\u00e9ration militaire sp\u00e9ciale [NDLR : le terme utilis\u00e9 par Moscou pour qualifier la guerre en Ukraine] continue\u00a0\u00bb, a-t-il d\u00e9clar\u00e9. \u00ab\u00a0Nous irons de l&rsquo;avant.\u00a0\u00bb<\/p>\n<p>A lire aussi : : <a class=\"article-body-link-list__item-link\" href=\"https:\/\/www.lexpress.fr\/secret-defense\/visite-du-patron-de-la-cia-a-moscou-le-niveau-de-danger-est-aussi-eleve-que-les-mois-avant-le-11-HZBFINLYTBDS3P6P7SSFIMNPMQ\/\" rel=\"nofollow noopener\" target=\"_blank\">Visite du patron de la CIA \u00e0 Moscou : \u00ab\u00a0Le niveau de danger est aussi \u00e9lev\u00e9 que les mois avant le 11-Septembre\u00a0\u00bb<\/a>Crainte de l\u2019Otan<\/p>\n<p class=\"paragraph article-body-paragraph article__item   \">En parall\u00e8le, les r\u00e9actions r\u00e9centes des pays membres de l\u2019Otan t\u00e9moignent de leurs inqui\u00e9tudes face au risque d&rsquo;escalade du conflit. Le 4 ao\u00fbt, l\u2019a\u00e9roport allemand de Leipzig-Halle a \u00e9t\u00e9 la cible d&rsquo;une tentative d&rsquo;attaque par drone, que Berlin s&rsquo;appr\u00eaterait \u00e0 attribuer officiellemet \u00e0 la Russie. De nouvelles sanctions pourraient suivre.<\/p>\n<p class=\"paragraph article-body-paragraph article__item   \">Le 20 ao\u00fbt, la Roumanie a affirm\u00e9 qu\u2019une de ses plateformes de forage, a \u00e9t\u00e9 vis\u00e9e par un drone naval qu\u2019elle a toutefois r\u00e9ussi \u00e0 d\u00e9truire. Cinq jours plus tard, le 25 ao\u00fbt, la Slovaquie a annonc\u00e9 avoir d\u00e9jou\u00e9 une tentative d&rsquo;incendie criminel visant une usine de drones.<\/p>\n<p class=\"paragraph article-body-paragraph article__item   \">Ce m\u00eame 25 ao\u00fbt, <a href=\"https:\/\/www.lexpress.fr\/monde\/ukraine-iran-otan-ce-que-le-directeur-de-la-cia-est-alle-negocier-secretement-en-russie-N5ZSPAPTFFAMXED3CTTXWDMZTA\/\" target=\"_blank\" rel=\"nofollow noopener\" title=\"https:\/\/www.lexpress.fr\/monde\/ukraine-iran-otan-ce-que-le-directeur-de-la-cia-est-alle-negocier-secretement-en-russie-N5ZSPAPTFFAMXED3CTTXWDMZTA\/\">le directeur de la CIA, John Ratcliffe, s\u2019est discr\u00e8tement rendu \u00e0 Moscou<\/a>. Le motif de cette visite surprise n&rsquo;a pas \u00e9t\u00e9 rendu public. Selon diff\u00e9rentes sources cit\u00e9es par <a href=\"https:\/\/www.economist.com\/europe\/2026\/08\/30\/cornered-vladimir-putin-plans-to-escalate-his-war\" target=\"_blank\" rel=\"nofollow noopener\" title=\"https:\/\/www.economist.com\/europe\/2026\/08\/30\/cornered-vladimir-putin-plans-to-escalate-his-war\">The Economist<\/a>, John Ratcliffe aurait pu tenter de persuader le pr\u00e9sident russe de n\u00e9gocier un accord de paix ou, selon une autre hypoth\u00e8se, de le mettre en garde contre une \u00e9ventuelle attaque visant un pays membre de l&rsquo;Otan.<\/p>\n<p class=\"paragraph article-body-paragraph article__item   \">Enfin, le 28 ao\u00fbt, la Finlande a demand\u00e9 l&rsquo;appui de la Su\u00e8de, qui pr\u00e9voit de d\u00e9ployer des avions de chasse Gripen et un navire de guerre afin de renforcer la surveillance du territoire finlandais, notamment face au risque d&rsquo;incursions dans la zone frontali\u00e8re avec la Russie.<\/p>\n<p class=\"paragraph article-body-paragraph article__item   \">Apr\u00e8s plusieurs semaines de r\u00e9flexion au cours de l&rsquo;\u00e9t\u00e9, Vladimir Poutine semblerait avoir d\u00e9cid\u00e9 d&rsquo;intensifier le conflit, rapportent des sources proches du Kremlin cit\u00e9es par <a href=\"https:\/\/groupelexpress.slack.com\/archives\/D0B8K2SK1Q8\/p1788261548031499\" target=\"_blank\" rel=\"nofollow noopener\" title=\"https:\/\/groupelexpress.slack.com\/archives\/D0B8K2SK1Q8\/p1788261548031499\">The Economist<\/a>. L&rsquo;un de ses associ\u00e9s de longue date estime notamment que le pr\u00e9sident russe pourrait avoir interpr\u00e9t\u00e9 la visite du patron de la CIA comme un signe de faiblesse am\u00e9ricaine. Selon cette source, Vladimir Poutine aurait d\u00e9j\u00e0 interpr\u00e9t\u00e9 de la m\u00eame mani\u00e8re la visite \u00e0 Moscou, en novembre 2021, de Bill Burns, alors directeur de la CIA, venu le mettre en garde contre une invasion de l\u2019Ukraine. Trois mois plus tard, le 24 f\u00e9vrier 2022, le pr\u00e9sident russe lan\u00e7ait son offensive contre son voisin.<\/p>\n<p>\u00ab\u00a0Ils vont me pendre\u00a0\u00bb : le risque d&rsquo;une d\u00e9sapprobation populaire<\/p>\n<p class=\"paragraph article-body-paragraph article__item   \">Ce qui p\u00e8se surtout dans la balance pour le pr\u00e9sident russe, c\u2019est surtout son sort personnel qui pourrait vaciller si la population n\u2019est pas satisfaite. Selon le Centre Levada, un institut de sondage ind\u00e9pendant, 57 % des Russes d\u00e9crivent la situation actuelle comme \u00ab\u00a0tendue\u00a0\u00bb. Les personnes interrog\u00e9es \u00e9voquent notamment la guerre, son bilan, la mobilisation militaire, les attaques de drones et l&rsquo;incertitude face \u00e0 l&rsquo;avenir. \u00c0 cela s\u2019ajoutent une baisse de la confiance populaire accord\u00e9e \u00e0 la propagande t\u00e9l\u00e9visuelle et des appels \u00e0 mettre fin \u00e0 la guerre publi\u00e9s par des jeunes sur les r\u00e9seaux sociaux. Selon The Economist, la cote de popularit\u00e9 de Vladimir Poutine est \u00e9galement en baisse.<\/p>\n<p>A lire aussi : : <a class=\"article-body-link-list__item-link\" href=\"https:\/\/www.lexpress.fr\/monde\/europe\/vera-grantseva-poutine-est-pris-dans-une-impasse-quil-a-lui-meme-creee-7427IK34PZCDBFGIG4O364RGXE\/\" rel=\"nofollow noopener\" target=\"_blank\">Vera Grantseva : \u00ab\u00a0Poutine est pris dans une impasse qu&rsquo;il a lui-m\u00eame cr\u00e9\u00e9e\u00a0\u00bb<\/a><\/p>\n<p class=\"paragraph article-body-paragraph article__item   \">Si la d\u00e9fiance pourrait \u00eatre populaire, elle pourrait aussi venir des \u00e9lites du pays. Selon un initi\u00e9, le probl\u00e8me est la dur\u00e9e de ce conflit. Vladimir Poutine, ne pourrait pas, apr\u00e8s cinq ans, cesser cette guerre sans avoir accompli l\u2019objectif principal &#8211; conqu\u00e9rir toute la r\u00e9gion du Donbass oriental, ou bien, il le ferait en avouant son \u00e9chec, ce qui n\u2019est pas envisageable pour son r\u00e9gime autoritaire. Le chef du Kremlin aurait m\u00eame confi\u00e9 avoir peur pour sa vie, le cas \u00e9ch\u00e9ant. \u00ab\u00a0<a href=\"https:\/\/www.lexpress.fr\/monde\/asie\/craignant-pour-sa-vie-vladimir-poutine-renforce-sa-securite-YQ5HTSMFBFGTPHKWVT35AR55BQ\/\" target=\"_blank\" rel=\"nofollow noopener\" title=\"https:\/\/www.lexpress.fr\/monde\/asie\/craignant-pour-sa-vie-vladimir-poutine-renforce-sa-securite-YQ5HTSMFBFGTPHKWVT35AR55BQ\/\">Ils vont me pendre\u00a0\u00bb, aurait-il racont\u00e9 \u00e0 certains de ses proches<\/a>, rapporte \u00e0 The Economist une source interne.<\/p>\n<p class=\"paragraph article-body-paragraph article__item   \">Si l\u2019enlisement n\u2019est pas une option &#8211; occasionnant trop de pertes \u00e9conomiques et politiques \u00e0 la Russie &#8211; faire cesser la guerre ne l\u2019est pas non plus. L\u2019alternative d\u2019intensifier la guerre est donc de plus en plus attrayante pour Moscou. Dans un entretien accord\u00e9 \u00e0 L&rsquo;Express, <a href=\"https:\/\/www.lexpress.fr\/monde\/europe\/vera-grantseva-poutine-est-pris-dans-une-impasse-quil-a-lui-meme-creee-7427IK34PZCDBFGIG4O364RGXE\/\" target=\"_self\" rel=\"nofollow noopener\" title=\"https:\/\/www.lexpress.fr\/monde\/europe\/vera-grantseva-poutine-est-pris-dans-une-impasse-quil-a-lui-meme-creee-7427IK34PZCDBFGIG4O364RGXE\/\">la chercheuse Vera Grantseva, affirmait que le risque d&rsquo;une fuite en avant du conflit \u00e9tait bien r\u00e9el.<\/a><\/p>\n<p class=\"paragraph article-body-paragraph article__item   \">L\u2019Ukraine pourrait \u00eatre la premi\u00e8re cible de cette intensification. D\u2019abord par les missiles : le 30 ao\u00fbt, le minist\u00e8re russe de la D\u00e9fense a d\u00e9clar\u00e9 pr\u00e9parer une frappe massive contre les infrastructures \u00e9nerg\u00e9tiques de l&rsquo;Ukraine. Mais aussi sur le terrain : selon des sources russes cit\u00e9es par The Economist, Vladimir Poutine serait d\u00e9termin\u00e9 \u00e0 envoyer 300 000 \u00e0 400 000 hommes suppl\u00e9mentaires au front. <a href=\"https:\/\/www.lexpress.fr\/monde\/europe\/pressions-tromperies-raids-en-russie-des-civils-enroles-de-force-pour-aller-combattre-en-ukraine-6BXTLCNY4VGFZK43R5MYEE65MY\/\" target=\"_self\" rel=\"nofollow noopener\" title=\"https:\/\/www.lexpress.fr\/monde\/europe\/pressions-tromperies-raids-en-russie-des-civils-enroles-de-force-pour-aller-combattre-en-ukraine-6BXTLCNY4VGFZK43R5MYEE65MY\/\">Certaines pourraient d\u2019ailleurs s\u2019av\u00e9rer coercitives<\/a>. \u00c0 Penza, une r\u00e9gion situ\u00e9e \u00e0 750 kilom\u00e8tres au sud-est de Moscou, les autorit\u00e9s testeraient d&rsquo;ores-et-d\u00e9j\u00e0 ce nouveau syst\u00e8me de recrutement.<\/p>\n<p class=\"paragraph article-body-paragraph article__item    article__text__endpicto\">Face \u00e0 l&rsquo;Otan, la Russie pourrait \u00e9galement intensifier ses op\u00e9rations de sabotage contre les alli\u00e9s de l&rsquo;Ukraine et cibler les voies d&rsquo;approvisionnement reliant l&rsquo;Europe \u00e0 l&rsquo;Ukraine. Les services de renseignement occidentaux craignent aussi que Moscou ne s&rsquo;en prenne \u00e0 des usines europ\u00e9ennes produisant du mat\u00e9riel destin\u00e9 \u00e0 l&rsquo;effort de guerre ukrainien. Ils estiment toutefois que Vladimir Poutine ne souhaite pas une confrontation militaire directe avec l&rsquo;Otan.<\/p>\n","protected":false},"excerpt":{"rendered":"Le tout pour le tout. Face \u00e0 la r\u00e9sistance de l\u2019Ukraine, que Vladimir Poutine avait sous-estim\u00e9e lors du&hellip;\n","protected":false},"author":2,"featured_media":197284,"comment_status":"","ping_status":"","sticky":false,"template":"","format":"standard","meta":{"footnotes":"","_share_on_mastodon":"0"},"categories":[2],"tags":[18,133],"class_list":["post-197283","post","type-post","status-publish","format-standard","has-post-thumbnail","category-europe","tag-europe","tag-monde"],"share_on_mastodon":{"url":"https:\/\/pubeurope.com\/@afrique\/117196562234671879","error":""},"_links":{"self":[{"href":"https:\/\/www.europesays.com\/afrique\/wp-json\/wp\/v2\/posts\/197283","targetHints":{"allow":["GET"]}}],"collection":[{"href":"https:\/\/www.europesays.com\/afrique\/wp-json\/wp\/v2\/posts"}],"about":[{"href":"https:\/\/www.europesays.com\/afrique\/wp-json\/wp\/v2\/types\/post"}],"author":[{"embeddable":true,"href":"https:\/\/www.europesays.com\/afrique\/wp-json\/wp\/v2\/users\/2"}],"replies":[{"embeddable":true,"href":"https:\/\/www.europesays.com\/afrique\/wp-json\/wp\/v2\/comments?post=197283"}],"version-history":[{"count":0,"href":"https:\/\/www.europesays.com\/afrique\/wp-json\/wp\/v2\/posts\/197283\/revisions"}],"wp:featuredmedia":[{"embeddable":true,"href":"https:\/\/www.europesays.com\/afrique\/wp-json\/wp\/v2\/media\/197284"}],"wp:attachment":[{"href":"https:\/\/www.europesays.com\/afrique\/wp-json\/wp\/v2\/media?parent=197283"}],"wp:term":[{"taxonomy":"category","embeddable":true,"href":"https:\/\/www.europesays.com\/afrique\/wp-json\/wp\/v2\/categories?post=197283"},{"taxonomy":"post_tag","embeddable":true,"href":"https:\/\/www.europesays.com\/afrique\/wp-json\/wp\/v2\/tags?post=197283"}],"curies":[{"name":"wp","href":"https:\/\/api.w.org\/{rel}","templated":true}]}}