{"id":197289,"date":"2026-09-01T15:49:15","date_gmt":"2026-09-01T15:49:15","guid":{"rendered":"https:\/\/www.europesays.com\/afrique\/197289\/"},"modified":"2026-09-01T15:49:15","modified_gmt":"2026-09-01T15:49:15","slug":"congo-kinshasa-linfluenceuse-denise-dusauchoy-arretee-en-tanzanie-sous-mandat-darret-international","status":"publish","type":"post","link":"https:\/\/www.europesays.com\/afrique\/197289\/","title":{"rendered":"Congo-Kinshasa: L&rsquo;influenceuse Denise Dusauchoy arr\u00eat\u00e9e en Tanzanie sous mandat d&rsquo;arr\u00eat international"},"content":{"rendered":"<p class=\"story-body-text\" data-para-word-count=\"38\">Le minist\u00e8re de la Justice de la RDC a confirm\u00e9 ce mardi 1er septembre, l&rsquo;arrestation de l&rsquo;influenceuse congolaise Denise Dusauchoy, (Denise Mukendi) intervenue le 30 ao\u00fbt 2026 en Tanzanie, dans le cadre d&rsquo;une proc\u00e9dure de coop\u00e9ration judiciaire internationale.<\/p>\n<p class=\"story-body-text\" data-para-word-count=\"34\">Selon le communiqu\u00e9 publi\u00e9 t\u00f4t ce matin sur ses r\u00e9seaux sociaux, le minist\u00e8re pr\u00e9cise que Denise Dusauchoy a \u00e9t\u00e9 interpell\u00e9e par les autorit\u00e9s tanzaniennes en ex\u00e9cution d&rsquo;un mandat d&rsquo;arr\u00eat d\u00e9livr\u00e9 par la justice congolaise.<\/p>\n<p class=\"story-body-text\" data-para-word-count=\"24\">Le minist\u00e8re pr\u00e9cise que cette op\u00e9ration intervient \u00e0 la suite de plusieurs d\u00e9marches judiciaires engag\u00e9es dans le cadre de dossiers p\u00e9naux en cours d&rsquo;instruction.<\/p>\n<p class=\"story-body-text\" style=\"text-align: center;\">\n<p>Suivez-nous sur <a href=\"https:\/\/whatsapp.com\/channel\/0029Vae09IP4inotqC0BUQ2V\" target=\"_blank\" rel=\"nofollow noopener\">WhatsApp<\/a> | <a href=\"https:\/\/www.linkedin.com\/company\/allafrica\/\" target=\"_blank\" rel=\"nofollow noopener\">LinkedIn<\/a> pour les derniers titres<\/p>\n<p class=\"story-body-text\" data-para-word-count=\"5\">Trois commissions rogatoires en Belgique<\/p>\n<p class=\"story-body-text\" data-para-word-count=\"39\">La Justice congolaise rappelle que cette proc\u00e9dure s&rsquo;inscrit dans des d\u00e9marches engag\u00e9es depuis 2025. En octobre et novembre de cette ann\u00e9e-l\u00e0, le Procureur g\u00e9n\u00e9ral pr\u00e8s la Cour de cassation avait transmis trois commissions rogatoires internationales aux autorit\u00e9s judiciaires belges.<\/p>\n<p class=\"story-body-text\" data-para-word-count=\"34\">Ces requ\u00eates concernaient plusieurs dossiers ouverts au Parquet de grande instance de Kinshasa\/Gombe, impliquant notamment Denise Dusauchoy et d&rsquo;autres personnes. Des mandats d&rsquo;arr\u00eat internationaux avaient \u00e9galement \u00e9t\u00e9 \u00e9mis dans le cadre de ces proc\u00e9dures.<\/p>\n<p class=\"story-body-text\" data-para-word-count=\"4\">La pr\u00e9somption d&rsquo;innocence rappel\u00e9e<\/p>\n<p class=\"story-body-text\" data-para-word-count=\"18\">Le minist\u00e8re de la Justice a salu\u00e9 la coop\u00e9ration des autorit\u00e9s tanzaniennes, \u00e9voquant leur \u00ab collaboration diligente \u00bb.<\/p>\n<p class=\"story-body-text\" data-para-word-count=\"37\">Il rappelle toutefois que l&rsquo;arrestation constitue un acte de proc\u00e9dure et ne pr\u00e9juge pas de la culpabilit\u00e9 de l&rsquo;int\u00e9ress\u00e9e. \u00ab L&rsquo;int\u00e9ress\u00e9e demeure b\u00e9n\u00e9ficiaire de la pr\u00e9somption d&rsquo;innocence jusqu&rsquo;\u00e0 l&rsquo;intervention d&rsquo;une d\u00e9cision judiciaire d\u00e9finitive \u00bb, souligne le communiqu\u00e9.<\/p>\n","protected":false},"excerpt":{"rendered":"Le minist\u00e8re de la Justice de la RDC a confirm\u00e9 ce mardi 1er septembre, l&rsquo;arrestation de l&rsquo;influenceuse congolaise&hellip;\n","protected":false},"author":2,"featured_media":197290,"comment_status":"","ping_status":"","sticky":false,"template":"","format":"standard","meta":{"footnotes":"","_share_on_mastodon":"0"},"categories":[185],"tags":[263,267,271,841,269,749,265,751,80,264,268,2959,304,266,270],"class_list":["post-197289","post","type-post","status-publish","format-standard","has-post-thumbnail","category-tanzanie","tag-africa","tag-business","tag-central-africa","tag-congo-kinshasa","tag-current-events","tag-east-africa","tag-economy","tag-legal-and-judicial-affairs","tag-news","tag-politics","tag-sports","tag-tanzania","tag-tanzanie","tag-trade","tag-travel"],"share_on_mastodon":{"url":"https:\/\/pubeurope.com\/@afrique\/117196578337669313","error":""},"_links":{"self":[{"href":"https:\/\/www.europesays.com\/afrique\/wp-json\/wp\/v2\/posts\/197289","targetHints":{"allow":["GET"]}}],"collection":[{"href":"https:\/\/www.europesays.com\/afrique\/wp-json\/wp\/v2\/posts"}],"about":[{"href":"https:\/\/www.europesays.com\/afrique\/wp-json\/wp\/v2\/types\/post"}],"author":[{"embeddable":true,"href":"https:\/\/www.europesays.com\/afrique\/wp-json\/wp\/v2\/users\/2"}],"replies":[{"embeddable":true,"href":"https:\/\/www.europesays.com\/afrique\/wp-json\/wp\/v2\/comments?post=197289"}],"version-history":[{"count":0,"href":"https:\/\/www.europesays.com\/afrique\/wp-json\/wp\/v2\/posts\/197289\/revisions"}],"wp:featuredmedia":[{"embeddable":true,"href":"https:\/\/www.europesays.com\/afrique\/wp-json\/wp\/v2\/media\/197290"}],"wp:attachment":[{"href":"https:\/\/www.europesays.com\/afrique\/wp-json\/wp\/v2\/media?parent=197289"}],"wp:term":[{"taxonomy":"category","embeddable":true,"href":"https:\/\/www.europesays.com\/afrique\/wp-json\/wp\/v2\/categories?post=197289"},{"taxonomy":"post_tag","embeddable":true,"href":"https:\/\/www.europesays.com\/afrique\/wp-json\/wp\/v2\/tags?post=197289"}],"curies":[{"name":"wp","href":"https:\/\/api.w.org\/{rel}","templated":true}]}}