{"id":197522,"date":"2026-09-01T21:17:46","date_gmt":"2026-09-01T21:17:46","guid":{"rendered":"https:\/\/www.europesays.com\/afrique\/197522\/"},"modified":"2026-09-01T21:17:46","modified_gmt":"2026-09-01T21:17:46","slug":"feux-de-foret-en-tunisie-plus-de-14-000-hectares-touches-durant-lete-2026","status":"publish","type":"post","link":"https:\/\/www.europesays.com\/afrique\/197522\/","title":{"rendered":"Feux de for\u00eat en Tunisie : plus de 14 000 hectares touch\u00e9s durant l\u2019\u00e9t\u00e9 2026"},"content":{"rendered":"<p>Des milliers d\u2019hectares auraient \u00e9t\u00e9 parcourus par les flammes entre Siliana et Kairouan, touchant notamment des for\u00eats de pins et des oliviers. Apr\u00e8s l\u2019urgence des \u00e9vacuations, l\u2019enjeu est d\u00e9sormais de mesurer la destruction du capital agricole et forestier.<\/p>\n<p>\u00c0 Bargou et Oueslatia, l\u2019unit\u00e9 de mesure est en train de changer. Lundi soir, elle \u00e9tait encore le nombre de familles \u00e0 mettre \u00e0 l\u2019abri. Mardi matin, elle devient l\u2019hectare.<\/p>\n<p>Environ 100 familles ont \u00e9t\u00e9 \u00e9vacu\u00e9es \u00e0 Ksar Lemsa, dans la d\u00e9l\u00e9gation d\u2019Oueslatia, apr\u00e8s la propagation de l\u2019incendie parti de Siliana vers le gouvernorat de Kairouan. Une partie des sinistr\u00e9s a \u00e9t\u00e9 h\u00e9berg\u00e9e au coll\u00e8ge de Ksar Lemsa. Mardi matin, une douzaine de familles restaient encore \u00e9vacu\u00e9es.<\/p>\n<p>Selon les informations disponibles, le feu aurait parcouru des milliers d\u2019hectares dans la zone Siliana\u2013Kairouan. Les surfaces touch\u00e9es comprennent notamment des for\u00eats de pins, des oliviers et d\u2019autres arbres.<\/p>\n<p>Mais ce chiffre reste \u00e0 consolider. Aucun inventaire officiel d\u00e9taill\u00e9 n\u2019a encore \u00e9t\u00e9 publi\u00e9 pour distinguer les hectares forestiers, agricoles ou pastoraux effectivement d\u00e9truits.<\/p>\n<p>Un hectare br\u00fbl\u00e9 ne suffit pas \u00e0 calculer la facture<\/p>\n<p>Le co\u00fbt \u00e9conomique ne pourra pas \u00eatre \u00e9tabli en appliquant simplement un prix moyen \u00e0 chaque hectare incendi\u00e9.<\/p>\n<p>Un hectare de pin d\u2019Alep, une oliveraie adulte et une zone de broussailles n\u2019ont ni la m\u00eame valeur, ni le m\u00eame potentiel productif, ni le m\u00eame temps de reconstitution.<\/p>\n<p>Pour les exploitants agricoles, la question centrale sera celle des oliviers. Un arbre d\u00e9truit ne repr\u00e9sente pas seulement une perte imm\u00e9diate. Il peut aussi signifier plusieurs campagnes sans production, auxquelles s\u2019ajoutent les co\u00fbts d\u2019arrachage, de remplacement et d\u2019entretien des jeunes plants.<\/p>\n<p>Il faudra donc conna\u00eetre le nombre d\u2019oliviers irr\u00e9cup\u00e9rables, et non seulement les hectares touch\u00e9s.<\/p>\n<p>Plus de 14 000 hectares br\u00fbl\u00e9s en Tunisie cet \u00e9t\u00e9<\/p>\n<p>Le sinistre de Bargou\u2013Oueslatia intervient dans un contexte national d\u00e9j\u00e0 particuli\u00e8rement lourd.<\/p>\n<p>Selon un bilan pr\u00e9liminaire de la Protection civile, 239 incendies forestiers ont touch\u00e9 plus de 14 000 hectares en Tunisie entre le 1er juin et le 30 ao\u00fbt 2026. Ce bilan ne prenait pas encore en compte les derniers incendies.<\/p>\n<p>Au 23 juillet, les autorit\u00e9s foresti\u00e8res avaient d\u00e9j\u00e0 signal\u00e9 environ 4 400 hectares de superficies foresti\u00e8res touch\u00e9es depuis le d\u00e9but du mois de mai.<\/p>\n<p>L\u2019acc\u00e9l\u00e9ration observ\u00e9e durant l\u2019\u00e9t\u00e9 renforce l\u2019enjeu budg\u00e9taire : reboisement, protection des sols, remise en \u00e9tat des pistes foresti\u00e8res et soutien \u00e9ventuel aux agriculteurs pourraient repr\u00e9senter des d\u00e9penses importantes.<\/p>\n<p>Le prochain chiffre d\u00e9cisif viendra du terrain<\/p>\n<p>Pour Bargou\u2013Oueslatia, la priorit\u00e9 sera d\u00e9sormais de produire un inventaire pr\u00e9cis : hectares de for\u00eat br\u00fbl\u00e9s, superficie d\u2019oliveraies touch\u00e9e, nombre d\u2019arbres d\u00e9truits, pertes agricoles et besoins de restauration.<\/p>\n<p>C\u2019est seulement apr\u00e8s ce travail que l\u2019incendie pourra \u00eatre traduit en dinars.<\/p>\n<p>Les chiffres cl\u00e9s<\/p>\n<p>\u2013 Environ 100 familles \u00e9vacu\u00e9es \u00e0 Ksar Lemsa.<br \/>\u2013 Une douzaine de familles encore \u00e9vacu\u00e9es mardi matin.<br \/>\u2013 Des milliers d\u2019hectares parcourus par les flammes selon un responsable local.<br \/>\u2013 239 incendies forestiers recens\u00e9s en Tunisie entre le 1er juin et le 30 ao\u00fbt.<br \/>\u2013 Plus de 14 000 hectares de for\u00eats touch\u00e9s sur cette p\u00e9riode.<br \/>\u2013 Environ 4 400 hectares avaient d\u00e9j\u00e0 \u00e9t\u00e9 signal\u00e9s comme touch\u00e9s au 23 juillet.<\/p>\n<p>Le v\u00e9ritable bilan ne sera donc pas seulement celui des hectares br\u00fbl\u00e9s, mais celui des hectares productifs perdus et des ann\u00e9es n\u00e9cessaires pour les remettre en production.<\/p>\n","protected":false},"excerpt":{"rendered":"Des milliers d\u2019hectares auraient \u00e9t\u00e9 parcourus par les flammes entre Siliana et Kairouan, touchant notamment des for\u00eats de&hellip;\n","protected":false},"author":2,"featured_media":197523,"comment_status":"","ping_status":"","sticky":false,"template":"","format":"standard","meta":{"footnotes":"","_share_on_mastodon":"0"},"categories":[120],"tags":[31242,10519,41156,59947,34539,59948,59949,23499,59950,59951,124],"class_list":["post-197522","post","type-post","status-publish","format-standard","has-post-thumbnail","category-tunisie","tag-siliana","tag-agriculture-tunisienne","tag-bargou","tag-degats-agricoles","tag-feux-de-foret","tag-forets-tunisiennes","tag-incendie-tunisie","tag-kairouan","tag-oliviers","tag-oueslatia","tag-tunisie"],"share_on_mastodon":{"url":"https:\/\/pubeurope.com\/@afrique\/117197871727733967","error":""},"_links":{"self":[{"href":"https:\/\/www.europesays.com\/afrique\/wp-json\/wp\/v2\/posts\/197522","targetHints":{"allow":["GET"]}}],"collection":[{"href":"https:\/\/www.europesays.com\/afrique\/wp-json\/wp\/v2\/posts"}],"about":[{"href":"https:\/\/www.europesays.com\/afrique\/wp-json\/wp\/v2\/types\/post"}],"author":[{"embeddable":true,"href":"https:\/\/www.europesays.com\/afrique\/wp-json\/wp\/v2\/users\/2"}],"replies":[{"embeddable":true,"href":"https:\/\/www.europesays.com\/afrique\/wp-json\/wp\/v2\/comments?post=197522"}],"version-history":[{"count":0,"href":"https:\/\/www.europesays.com\/afrique\/wp-json\/wp\/v2\/posts\/197522\/revisions"}],"wp:featuredmedia":[{"embeddable":true,"href":"https:\/\/www.europesays.com\/afrique\/wp-json\/wp\/v2\/media\/197523"}],"wp:attachment":[{"href":"https:\/\/www.europesays.com\/afrique\/wp-json\/wp\/v2\/media?parent=197522"}],"wp:term":[{"taxonomy":"category","embeddable":true,"href":"https:\/\/www.europesays.com\/afrique\/wp-json\/wp\/v2\/categories?post=197522"},{"taxonomy":"post_tag","embeddable":true,"href":"https:\/\/www.europesays.com\/afrique\/wp-json\/wp\/v2\/tags?post=197522"}],"curies":[{"name":"wp","href":"https:\/\/api.w.org\/{rel}","templated":true}]}}