{"id":197644,"date":"2026-09-02T00:26:23","date_gmt":"2026-09-02T00:26:23","guid":{"rendered":"https:\/\/www.europesays.com\/afrique\/197644\/"},"modified":"2026-09-02T00:26:23","modified_gmt":"2026-09-02T00:26:23","slug":"teletravail-et-pouvoir-de-controle-patronal-en-tunisie","status":"publish","type":"post","link":"https:\/\/www.europesays.com\/afrique\/197644\/","title":{"rendered":"T\u00e9l\u00e9travail et pouvoir de contr\u00f4le patronal en Tunisie"},"content":{"rendered":"<p>Cartographie d&rsquo;un droit sans filet, entre vide juridique du secteur priv\u00e9, jurisprudence de l&rsquo;INPDP et refonte r\u00e9glementaire annonc\u00e9e<\/p>\n<p>Un salari\u00e9 connect\u00e9 depuis son salon, un ordinateur professionnel rest\u00e9 allum\u00e9 jusqu&rsquo;\u00e0 23 heures, une messagerie interne consult\u00e9e hors des heures contractuelles : le t\u00e9l\u00e9travail a d\u00e9plac\u00e9 le lieu de subordination sans d\u00e9placer le droit qui l&rsquo;encadre.<\/p>\n<p>En Tunisie, cette dissociation cr\u00e9e un espace o\u00f9 l&#8217;employeur dispose, de fait, d&rsquo;une latitude de contr\u00f4le que la loi ne borne encore que tr\u00e8s partiellement. Comprendre jusqu&rsquo;o\u00f9 ce pouvoir peut l\u00e9galement s&rsquo;exercer suppose de croiser trois strates normatives disjointes, un droit du travail rest\u00e9 silencieux dans le secteur priv\u00e9, un droit des donn\u00e9es personnelles vieux de 20 ans mais r\u00e9activ\u00e9 par la jurisprudence r\u00e9cente, et un chantier r\u00e9glementaire annonc\u00e9 pour les prochains mois qui rebattra sensiblement les cartes.<\/p>\n<p>Entre logiciels de suivi d&rsquo;activit\u00e9, g\u00e9olocalisation des \u00e9quipements et vid\u00e9osurveillance du poste de travail domestique, la fronti\u00e8re entre pilotage l\u00e9gitime de la performance et intrusion dans la vie priv\u00e9e du salari\u00e9 reste, \u00e0 ce jour, marqu\u00e9e davantage par la prudence des directions juridiques que par un texte de loi d\u00e9di\u00e9.<\/p>\n<p>Un salari\u00e9 \u00e0 distance, un droit rest\u00e9 au bureau<\/p>\n<p>Le Code du travail tunisien, issu de la loi n\u00b066-27 du 30 avril 1966 et ajust\u00e9 \u00e0 de multiples reprises, ne comporte toujours aucune disposition consacr\u00e9e au travail \u00e0 distance dans le secteur priv\u00e9. Le recours au t\u00e9l\u00e9travail y repose sur le seul accord entre les parties, sans d\u00e9claration ni autorisation administrative pr\u00e9alable, ce qui laisse les modalit\u00e9s de suivi et de contr\u00f4le du salari\u00e9 \u00e0 la discr\u00e9tion contractuelle de l&rsquo;entreprise.<\/p>\n<p>Cette absence de cadre sp\u00e9cifique tranche avec la situation du secteur public, organis\u00e9e depuis 2022 par un texte r\u00e9glementaire d\u00e9taill\u00e9. Le vide n&rsquo;est pas anodin sur le plan probatoire. En l&rsquo;absence de norme imp\u00e9rative, tout contentieux relatif \u00e0 une mesure de surveillance jug\u00e9e excessive doit se rattacher au droit commun du contrat de travail et \u00e0 la th\u00e9orie de l&rsquo;abus de droit, un terrain nettement moins pr\u00e9visible pour l&#8217;employeur comme pour le salari\u00e9.<\/p>\n<p>Le secteur priv\u00e9 livr\u00e9 au contrat<\/p>\n","protected":false},"excerpt":{"rendered":"Cartographie d&rsquo;un droit sans filet, entre vide juridique du secteur priv\u00e9, jurisprudence de l&rsquo;INPDP et refonte r\u00e9glementaire annonc\u00e9e&hellip;\n","protected":false},"author":2,"featured_media":197645,"comment_status":"","ping_status":"","sticky":false,"template":"","format":"standard","meta":{"footnotes":"","_share_on_mastodon":"0"},"categories":[120],"tags":[59975,22091,124],"class_list":["post-197644","post","type-post","status-publish","format-standard","has-post-thumbnail","category-tunisie","tag-pouvoir-de-controle-patronal","tag-teletravail","tag-tunisie"],"share_on_mastodon":{"url":"https:\/\/pubeurope.com\/@afrique\/117198611108049665","error":""},"_links":{"self":[{"href":"https:\/\/www.europesays.com\/afrique\/wp-json\/wp\/v2\/posts\/197644","targetHints":{"allow":["GET"]}}],"collection":[{"href":"https:\/\/www.europesays.com\/afrique\/wp-json\/wp\/v2\/posts"}],"about":[{"href":"https:\/\/www.europesays.com\/afrique\/wp-json\/wp\/v2\/types\/post"}],"author":[{"embeddable":true,"href":"https:\/\/www.europesays.com\/afrique\/wp-json\/wp\/v2\/users\/2"}],"replies":[{"embeddable":true,"href":"https:\/\/www.europesays.com\/afrique\/wp-json\/wp\/v2\/comments?post=197644"}],"version-history":[{"count":0,"href":"https:\/\/www.europesays.com\/afrique\/wp-json\/wp\/v2\/posts\/197644\/revisions"}],"wp:featuredmedia":[{"embeddable":true,"href":"https:\/\/www.europesays.com\/afrique\/wp-json\/wp\/v2\/media\/197645"}],"wp:attachment":[{"href":"https:\/\/www.europesays.com\/afrique\/wp-json\/wp\/v2\/media?parent=197644"}],"wp:term":[{"taxonomy":"category","embeddable":true,"href":"https:\/\/www.europesays.com\/afrique\/wp-json\/wp\/v2\/categories?post=197644"},{"taxonomy":"post_tag","embeddable":true,"href":"https:\/\/www.europesays.com\/afrique\/wp-json\/wp\/v2\/tags?post=197644"}],"curies":[{"name":"wp","href":"https:\/\/api.w.org\/{rel}","templated":true}]}}