{"id":197684,"date":"2026-09-02T01:28:36","date_gmt":"2026-09-02T01:28:36","guid":{"rendered":"https:\/\/www.europesays.com\/afrique\/197684\/"},"modified":"2026-09-02T01:28:36","modified_gmt":"2026-09-02T01:28:36","slug":"quand-une-certaine-presse-espagnole-confond-lalgerie-et-le-maroc","status":"publish","type":"post","link":"https:\/\/www.europesays.com\/afrique\/197684\/","title":{"rendered":"Quand une certaine presse espagnole confond l\u2019Alg\u00e9rie et le Maroc"},"content":{"rendered":"<p class=\"default__StyledText-sc-10mj2vp-0 CxBBS body-paragraph\">La question de Ceuta fait perdre la t\u00eate \u00e0 certains. Ne voil\u00e0-t-il en effet pas que nombre de journalistes et de commentateurs espagnols osent \u00e9crire que \u00able Maroc moderne est n\u00e9 en 1956\u00bb? Une affirmation anhistorique qui sert de fondation \u00e0 l\u2019argumentaire mis en avant pour d\u00e9fendre la souverainet\u00e9 espagnole sur Ceuta et Melilla. Une d\u00e9fense \u00e0 ce point maladroite qu\u2019elle va n\u00e9cessairement se retourner contre ceux qui l\u2019utilisent.<\/p>\n<p class=\"default__StyledText-sc-10mj2vp-0 CxBBS body-paragraph\">En effet, niant la permanence \u00e9tatique et les trait\u00e9s internationaux, certains pr\u00e9tendent, contre le r\u00e9el historique, que l\u2019\u00c9tat marocain moderne en tant qu\u2019entit\u00e9 politique souveraine reconnue internationalement, n\u2019existerait que depuis 1956, date de la fin du protectorat fran\u00e7ais et du protectorat espagnol le 7 avril 1956\u2026<\/p>\n<p class=\"default__StyledText-sc-10mj2vp-0 CxBBS body-paragraph\">Ceux qui osent \u00e9crire une telle \u00e9normit\u00e9 doivent probablement confondre le cas de l\u2019Alg\u00e9rie et celui du Maroc. En effet, si l\u2019Alg\u00e9rie, qui n\u2019a pas de pass\u00e9 national, na\u00eet en 1962 par la volont\u00e9 du g\u00e9n\u00e9ral de Gaulle, comment est-il possible d\u2019\u00e9crire que le Maroc \u00abmoderne\u00bb serait n\u00e9 en 1956, lui dont l\u2019anciennet\u00e9 remonte aux Idrissides? <\/p>\n<p class=\"default__StyledText-sc-10mj2vp-0 CxBBS body-paragraph\">Avec la m\u00eame manipulation de l\u2019histoire, il serait possible de soutenir que la France \u00abmoderne\u00bb serait n\u00e9e en 1789 avec la prise de la Bastille, et que la Russie \u00abmoderne\u00bb serait venue au monde en 1917 avec la r\u00e9volution bolch\u00e9vique\u2026 L\u2019absurdit\u00e9 d\u2019un tel argument laisse pantois tout historien car il sous-entend que la France ou la Russie n\u2019auraient pas de pass\u00e9 \u00e9tatique avant 1789 et 1917. Ainsi, les 40 rois fran\u00e7ais n\u2019auraient donc r\u00e9gn\u00e9 et administr\u00e9 qu\u2019un espace non identifi\u00e9. De m\u00eame, les Idrissides, les Almoravides, les Almohades, les M\u00e9rinides, les Saadiens, les Beni Wattas et les Alaouites ne seraient-elles donc que des dynasties fictives ayant r\u00e9gn\u00e9 sur un conglom\u00e9rat de tribus disparates n\u2019ayant jamais form\u00e9 un tout commun? <\/p>\n<p class=\"default__StyledText-sc-10mj2vp-0 CxBBS body-paragraph\">L\u2019Alg\u00e9rie ne pouvait naturellement pas ne pas soutenir un tel viol de la r\u00e9alit\u00e9 historique. C\u2019est ainsi que, se faisant le porte-voix de la presse espagnole, <a href=\"https:\/\/elwatan.dz\/le-maroc-na-jamais-possede-ceuta-et-melilla-une-historienne-espagnole-hausse-le-ton-face-aux-revendications-de-rabat\/\" target=\"_self\" rel=\"nofollow noopener\" title=\"https:\/\/elwatan.dz\/le-maroc-na-jamais-possede-ceuta-et-melilla-une-historienne-espagnole-hausse-le-ton-face-aux-revendications-de-rabat\/\">El Watan<\/a> a titr\u00e9 \u00abLe Maroc n\u2019a jamais poss\u00e9d\u00e9 Ceuta et Melilla: une historienne espagnole hausse le ton face aux revendications de Rabat\u00bb. <a href=\"https:\/\/www.algerie-dz.com\/forums\/international\/8846168-une-historienne-espagnole-deconstruit-le-recit-du-makhzen-sur-ceuta-et-melilla-de-la-pure-fantaisie-marocaine\" target=\"_blank\" rel=\"noreferrer nofollow noopener\" title=\"https:\/\/www.algerie-dz.com\/forums\/international\/8846168-une-historienne-espagnole-deconstruit-le-recit-du-makhzen-sur-ceuta-et-melilla-de-la-pure-fantaisie-marocaine\">Le Courrier d\u2019Alg\u00e9rie<\/a>, s\u2019est quant \u00e0 lui surpass\u00e9 en titrant: \u00abUne historienne espagnole d\u00e9construit le r\u00e9cit du Makhzen sur la paternit\u00e9 de Ceuta et Melilla. De la pure fantaisie marocaine\u00bb.<\/p>\n<p>\u00abN\u2019en d\u00e9plaise \u00e0 une certaine presse espagnole et aux journaux alg\u00e9riens, comme je l\u2019ai \u00e9crit dans une pr\u00e9c\u00e9dente chronique, de 788 \u00e0 1415, avant d\u2019\u00eatre portugaise puis espagnole, Ceuta-Sebta fut une ville marocaine. \u00bb<\/p>\n<p>\u2014 \u00a0Bernard Lugan<\/p>\n<p class=\"default__StyledText-sc-10mj2vp-0 CxBBS body-paragraph\">H\u00e9riti\u00e8re de l\u2019Alg\u00e9rie fran\u00e7aise \u00e0 laquelle elle doit son nom, ses fronti\u00e8res et toutes ses infrastructures, voil\u00e0 que d\u00e9sormais, par d\u00e9testation du Maroc, l\u2019Alg\u00e9rie jusque-l\u00e0 \u00abchampionne de l\u2019anticolonialisme\u00bb, se fait d\u00e9sormais le chantre de l\u2019Empire espagnol. C\u2019est en effet avec gourmandise que ses m\u00e9dias ont relay\u00e9 Margarita Cecilia Torres Sevilla\u2011Qui\u00f1ones, professeur d\u2019Histoire m\u00e9di\u00e9vale \u00e0 l\u2019Universit\u00e9 de Le\u00f3n dont les travaux portent sur la noblesse m\u00e9di\u00e9vale du royaume de Le\u00f3n et de Castille. C\u2019est elle qui, dans une interview \u00e0 <a href=\"https:\/\/www.cope.es\/programas\/la-tarde\/noticias\/margarita-torres-historiadora-1957-reino-marruecos-no-existia-no-perder-ciudades-espanolas-ceuta-melilla-han-sido-marroquies-20260821_3423369.html\" target=\"_self\" rel=\"nofollow noopener\" title=\"https:\/\/www.cope.es\/programas\/la-tarde\/noticias\/margarita-torres-historiadora-1957-reino-marruecos-no-existia-no-perder-ciudades-espanolas-ceuta-melilla-han-sido-marroquies-20260821_3423369.html\">COPE<\/a> le 21 ao\u00fbt 2026, a os\u00e9 dire que \u00abjusqu\u2019en 1957, le Royaume du Maroc n\u2019existait pas\u00bb. <\/p>\n<p class=\"default__StyledText-sc-10mj2vp-0 CxBBS body-paragraph\">Un argument qui rel\u00e8ve de la jonglerie sophistiqu\u00e9e: <\/p>\n<p class=\"default__StyledText-sc-10mj2vp-0 CxBBS body-paragraph\">1- La dynastie alaouite ayant adopt\u00e9 le titre de \u00abroi du Maroc\u00bb rempla\u00e7ant celui de Sultan en 1957, le Maroc n\u2019existait donc pas comme \u00c9tat \u00abmoderne\u00bb avant cette date. <\/p>\n<p class=\"default__StyledText-sc-10mj2vp-0 CxBBS body-paragraph\">2- Et puisque le Maroc moderne n\u2019existe que depuis les ann\u00e9es 1956-1957, il ne peut donc pas revendiquer r\u00e9troactivement des territoires conquis par le Portugal ou l\u2019Espagne au 15\u00e8me si\u00e8cle, donc bien avant sa propre formation puisque Ceuta a \u00e9t\u00e9 prise en 1415 par le Portugal avant d\u2019\u00eatre transf\u00e9r\u00e9e \u00e0 l\u2019Espagne en 1640.<\/p>\n<p class=\"default__StyledText-sc-10mj2vp-0 CxBBS body-paragraph\">De plus, et nous touchons l\u00e0 \u00e0 une authentique manipulation de l\u2019histoire, c\u2019est depuis l\u2019Antiquit\u00e9 que Ceuta aurait un destin \u00abespagnol\u00bb puisque la ville \u00e9tait int\u00e9gr\u00e9e aux structures administratives romaines de l\u2019Ib\u00e9rie, puis wisigothiques de la p\u00e9ninsule Ib\u00e9rique. Peut-\u00eatre pourrait-on ajouter \u00e0 cet insolite argumentaire que les liens entre al-Andalus et Ceuta sont une autre preuve de l\u2019hispanit\u00e9 de la ville\u2026<\/p>\n<p class=\"default__StyledText-sc-10mj2vp-0 CxBBS body-paragraph\">N\u2019en d\u00e9plaise \u00e0 une certaine presse espagnole et aux journaux alg\u00e9riens, comme je l\u2019ai \u00e9crit dans une <a href=\"https:\/\/fr.le360.ma\/politique\/de-788-a-1415-avant-detre-portugaise-puis-espagnole-ceuta-sebta-fut-une-ville-marocaine_AJ3QPFDBM5DUNKH6EIJN4UBV4I\/\" target=\"_self\" rel=\"nofollow noopener\" title=\"https:\/\/fr.le360.ma\/politique\/de-788-a-1415-avant-detre-portugaise-puis-espagnole-ceuta-sebta-fut-une-ville-marocaine_AJ3QPFDBM5DUNKH6EIJN4UBV4I\/\">pr\u00e9c\u00e9dente chronique<\/a>, de 788 \u00e0 1415, avant d\u2019\u00eatre portugaise puis espagnole, Ceuta-Sebta fut une ville marocaine. Et sa marocanit\u00e9 date de 788 quand elle passa sous l\u2019autorit\u00e9 des Idrissides, fondateurs de la premi\u00e8re dynastie et du premier \u00c9tat marocain. Jusqu\u2019en 1415, en dehors de parenth\u00e8ses de quelques ann\u00e9es de domination de Cordoue ou de Grenade, elle ne cessa d\u2019\u00eatre marocaine, sous les Almoravides, sous les Almohades puis sous les M\u00e9rinides. De plus, apr\u00e8s 1415, et Mouna Hachim l\u2019a bien montr\u00e9 dans <a href=\"https:\/\/fr.le360.ma\/politique\/de-788-a-1415-avant-detre-portugaise-puis-espagnole-ceuta-sebta-fut-une-ville-marocaine_AJ3QPFDBM5DUNKH6EIJN4UBV4I\/\" target=\"_self\" rel=\"nofollow noopener\" title=\"https:\/\/fr.le360.ma\/politique\/de-788-a-1415-avant-detre-portugaise-puis-espagnole-ceuta-sebta-fut-une-ville-marocaine_AJ3QPFDBM5DUNKH6EIJN4UBV4I\/\">Le360<\/a>, sous ses dynasties successives, l\u2019\u00c9tat marocain ne renon\u00e7a jamais \u00e0 tenter de r\u00e9cup\u00e9rer Ceuta. La liste des exp\u00e9ditions et des interventions \u00e0 ce sujet est bien \u00e9tablie. Madame Margarita Cecilia Torres Sevilla\u2011Qui\u00f1ones b\u00e9n\u00e9ficierait \u00e0 en prendre connaissance et \u00e0 lire mon \u00abHistoire du Maroc des origines \u00e0 nos jours\u00bb qui gagnerait \u00e0 \u00eatre traduite en espagnol, ce qui lui \u00e9viterait de dire des \u00e2neries au sujet du pass\u00e9 \u00e9tatique du Maroc. <\/p>\n","protected":false},"excerpt":{"rendered":"La question de Ceuta fait perdre la t\u00eate \u00e0 certains. Ne voil\u00e0-t-il en effet pas que nombre de&hellip;\n","protected":false},"author":2,"featured_media":9274,"comment_status":"","ping_status":"","sticky":false,"template":"","format":"standard","meta":{"footnotes":"","_share_on_mastodon":"0"},"categories":[85],"tags":[116,7187,59986,11666,3964,20196,3261,957,7784],"class_list":["post-197684","post","type-post","status-publish","format-standard","has-post-thumbnail","category-algerie","tag-algerie","tag-bernard-lugan","tag-cope","tag-el-watan","tag-espace","tag-histoire-du-maroc","tag-medias","tag-migration","tag-sebta"],"share_on_mastodon":{"url":"https:\/\/pubeurope.com\/@afrique\/117198854782078436","error":""},"_links":{"self":[{"href":"https:\/\/www.europesays.com\/afrique\/wp-json\/wp\/v2\/posts\/197684","targetHints":{"allow":["GET"]}}],"collection":[{"href":"https:\/\/www.europesays.com\/afrique\/wp-json\/wp\/v2\/posts"}],"about":[{"href":"https:\/\/www.europesays.com\/afrique\/wp-json\/wp\/v2\/types\/post"}],"author":[{"embeddable":true,"href":"https:\/\/www.europesays.com\/afrique\/wp-json\/wp\/v2\/users\/2"}],"replies":[{"embeddable":true,"href":"https:\/\/www.europesays.com\/afrique\/wp-json\/wp\/v2\/comments?post=197684"}],"version-history":[{"count":0,"href":"https:\/\/www.europesays.com\/afrique\/wp-json\/wp\/v2\/posts\/197684\/revisions"}],"wp:featuredmedia":[{"embeddable":true,"href":"https:\/\/www.europesays.com\/afrique\/wp-json\/wp\/v2\/media\/9274"}],"wp:attachment":[{"href":"https:\/\/www.europesays.com\/afrique\/wp-json\/wp\/v2\/media?parent=197684"}],"wp:term":[{"taxonomy":"category","embeddable":true,"href":"https:\/\/www.europesays.com\/afrique\/wp-json\/wp\/v2\/categories?post=197684"},{"taxonomy":"post_tag","embeddable":true,"href":"https:\/\/www.europesays.com\/afrique\/wp-json\/wp\/v2\/tags?post=197684"}],"curies":[{"name":"wp","href":"https:\/\/api.w.org\/{rel}","templated":true}]}}