{"id":197833,"date":"2026-09-02T06:39:35","date_gmt":"2026-09-02T06:39:35","guid":{"rendered":"https:\/\/www.europesays.com\/afrique\/197833\/"},"modified":"2026-09-02T06:39:35","modified_gmt":"2026-09-02T06:39:35","slug":"dal-ci-kon-yi-derriere-le-mouvement-un-choix-politique-desormais-assume","status":"publish","type":"post","link":"https:\/\/www.europesays.com\/afrique\/197833\/","title":{"rendered":"DAL CI KO\u00d1 YI : derri\u00e8re le mouvement, un choix politique d\u00e9sormais assum\u00e9"},"content":{"rendered":"<p>\t\t\t\t\t Apr\u00e8s plusieurs consultations de ses diff\u00e9rentes sections, le Mouvement politique Diiso \u00c0nd Ligg\u00e9ey (DAL \u2013 Les B\u00e2tisseurs) a finalement tranch\u00e9. R\u00e9uni en Assembl\u00e9e g\u00e9n\u00e9rale, DAL CI KO\u00d1 YI a d\u00e9cid\u00e9, \u00e0 l\u2019unanimit\u00e9, de rejoindre la mouvance pr\u00e9sidentielle et d\u2019accompagner d\u00e9sormais l\u2019action du Pr\u00e9sident Bassirou Diomaye Diakhar FAYE.<\/p>\n<p>Cette d\u00e9cision intervient apr\u00e8s l\u2019audience accord\u00e9e, le 29 ao\u00fbt 2026, \u00e0  Babacar MBENGUE, Coordonnateur du Mouvement et maire, par le Chef de l\u2019\u00c9tat. Les \u00e9changes de cette rencontre ont manifestement ouvert la voie \u00e0 une nouvelle orientation politique que DAL CI KO\u00d1 YI assume d\u00e9sormais publiquement.&#13;\t\t\t\t\t <\/p>\n<p>Il faut donc appeler les choses par leur nom : derri\u00e8re l\u2019appellation DAL CI KO\u00d1 YI et les formules convenues d\u2019\u00ab accompagnement \u00bb et de \u00ab construction d\u2019un S\u00e9n\u00e9gal uni et prosp\u00e8re \u00bb, c\u2019est bien un choix politique qui est pos\u00e9. Babacar MBENGUE et les responsables de DAL CI KO\u00d1 YI rejoignent ainsi la majorit\u00e9 pr\u00e9sidentielle.&#13;\t\t\t\t\t <\/p>\n<p>Le temps des ambigu\u00eft\u00e9s et des positionnements \u00e0 g\u00e9om\u00e9trie variable semble d\u00e9sormais r\u00e9volu. Plut\u00f4t que de se r\u00e9fugier derri\u00e8re des mouvements, des collectifs ou des plateformes aux contours parfois flous, il est d\u00e9sormais question d\u2019assumer clairement son appartenance politique et les cons\u00e9quences de ses choix.&#13;\t\t\t\t\t <\/p>\n<p>DAL CI KO\u00d1 YI prend donc acte de cette nouvelle orientation et s\u2019inscrit d\u00e9sormais dans la mouvance pr\u00e9sidentielle. Une d\u00e9cision politique comme une autre, qui m\u00e9rite simplement d\u2019\u00eatre assum\u00e9e comme telle.\n\t\t\t\t <\/p>\n","protected":false},"excerpt":{"rendered":"Apr\u00e8s plusieurs consultations de ses diff\u00e9rentes sections, le Mouvement politique Diiso \u00c0nd Ligg\u00e9ey (DAL \u2013 Les B\u00e2tisseurs) a&hellip;\n","protected":false},"author":2,"featured_media":197834,"comment_status":"","ping_status":"","sticky":false,"template":"","format":"standard","meta":{"footnotes":"","_share_on_mastodon":"0"},"categories":[84],"tags":[4142,4152,4156,4147,4148,3519,4157,4144,4154,4146,4138,4150,4153,4140,4151,199,2058,1875,4155,4139,4143,11,4149,4145,4141,1936],"class_list":["post-197833","post","type-post","status-publish","format-standard","has-post-thumbnail","category-senegal","tag-adji","tag-ale","tag-bassiroudiomaye-faye","tag-dakaractu","tag-dakarmatin","tag-depute","tag-diagne","tag-gendarmerie","tag-guy","tag-leral","tag-macky","tag-mariemefaye","tag-niang","tag-ousmane","tag-papa","tag-pastef","tag-police","tag-prison","tag-sagna","tag-sall","tag-sarr","tag-senegal","tag-senenews","tag-seneweb","tag-sonko","tag-tribunal"],"share_on_mastodon":{"url":"https:\/\/pubeurope.com\/@afrique\/117200077669948479","error":""},"_links":{"self":[{"href":"https:\/\/www.europesays.com\/afrique\/wp-json\/wp\/v2\/posts\/197833","targetHints":{"allow":["GET"]}}],"collection":[{"href":"https:\/\/www.europesays.com\/afrique\/wp-json\/wp\/v2\/posts"}],"about":[{"href":"https:\/\/www.europesays.com\/afrique\/wp-json\/wp\/v2\/types\/post"}],"author":[{"embeddable":true,"href":"https:\/\/www.europesays.com\/afrique\/wp-json\/wp\/v2\/users\/2"}],"replies":[{"embeddable":true,"href":"https:\/\/www.europesays.com\/afrique\/wp-json\/wp\/v2\/comments?post=197833"}],"version-history":[{"count":0,"href":"https:\/\/www.europesays.com\/afrique\/wp-json\/wp\/v2\/posts\/197833\/revisions"}],"wp:featuredmedia":[{"embeddable":true,"href":"https:\/\/www.europesays.com\/afrique\/wp-json\/wp\/v2\/media\/197834"}],"wp:attachment":[{"href":"https:\/\/www.europesays.com\/afrique\/wp-json\/wp\/v2\/media?parent=197833"}],"wp:term":[{"taxonomy":"category","embeddable":true,"href":"https:\/\/www.europesays.com\/afrique\/wp-json\/wp\/v2\/categories?post=197833"},{"taxonomy":"post_tag","embeddable":true,"href":"https:\/\/www.europesays.com\/afrique\/wp-json\/wp\/v2\/tags?post=197833"}],"curies":[{"name":"wp","href":"https:\/\/api.w.org\/{rel}","templated":true}]}}