{"id":197870,"date":"2026-09-02T07:27:19","date_gmt":"2026-09-02T07:27:19","guid":{"rendered":"https:\/\/www.europesays.com\/afrique\/197870\/"},"modified":"2026-09-02T07:27:19","modified_gmt":"2026-09-02T07:27:19","slug":"leurope-poursuit-sa-consolidation-les-tensions-geopolitiques-pesent-02-09-2026-a-0833","status":"publish","type":"post","link":"https:\/\/www.europesays.com\/afrique\/197870\/","title":{"rendered":"L&rsquo;Europe poursuit sa consolidation, les tensions g\u00e9opolitiques p\u00e8sent &#8211; 02\/09\/2026 \u00e0 08:33"},"content":{"rendered":"<p>\n Les Bourses europ\u00e9ennes devraient prolonger leur mouvement de repli mercredi dans les premiers \u00e9changes en r\u00e9action \u00e0 la poursuite de la remont\u00e9e des rendements obligataires et des cours du p\u00e9trole, dans un contexte marqu\u00e9 par une reprise des hostilit\u00e9s entre les Etats-Unis et l&rsquo;Iran. Selon les premi\u00e8res indications disponibles, le CAC 40 se dirige vers un recul de l&rsquo;ordre de 0,3%, le DAX est attendu sur des pertes de l&rsquo;ordre de 0,5% et l&rsquo;Euro STOXX 50 perd 0,4% en pr\u00e9ouverture.\n<\/p>\n<p>\n La d\u00e9t\u00e9rioration de la situation au Moyen-Orient rend les march\u00e9s prudents, l&rsquo;arm\u00e9e am\u00e9ricaine ayant conclu dans la nuit une s\u00e9rie de frappes contre l&rsquo;Iran, la deuxi\u00e8me en quelques jours, ce qui a conduit T\u00e9h\u00e9ran \u00e0 r\u00e9pliquer en visant plusieurs bases US situ\u00e9es en Jordanie, en Irak et \u00e0 Bahre\u00efn.\n<\/p>\n<p>\n Dans ce contexte g\u00e9opolitique tendu, les investisseurs devraient reprendre leur souffle en attendant d&rsquo;y voir plus clair, surtout apr\u00e8s le bon parcours r\u00e9alis\u00e9 cet \u00e9t\u00e9.\n<\/p>\n<p>\n Depuis son pic du 11 ao\u00fbt dernier, le CAC a perdu pr\u00e8s de 4,9%. L&rsquo;indice parisien n&rsquo;affiche plus qu&rsquo;un gain de 1,8% depuis le d\u00e9but de l&rsquo;ann\u00e9e.\n<\/p>\n<p>\n De son c\u00f4t\u00e9, l&rsquo;Euro STOXX 50 a mieux r\u00e9sist\u00e9, mais vient tout de m\u00eame d&rsquo;aligner trois s\u00e9ances de repli sur quatre. Il c\u00e8de maintenant plus de 3% depuis son record du 12 ao\u00fbt.\n<\/p>\n<p>  Des investisseurs de plus en plus sur leurs gardes<\/p>\n<p>\n L&rsquo;ampleur de la baisse alimente logiquement le d\u00e9bat sur l&rsquo;amorce d&rsquo;une simple consolidation ou le risque d&rsquo;une tendance baissi\u00e8re plus durable dans un contexte de resserrement des politiques mon\u00e9taires aux Etats-Unis comme en Europe.\n<\/p>\n<p>\n \u00ab\u00a0L&rsquo;absence de nouveaux catalyseurs haussiers, coupl\u00e9e \u00e0 la r\u00e9surgence des craintes inflationnistes, complique la t\u00e2che des investisseurs \u00e0 la recherche d&rsquo;arguments solides pour repasser \u00e0 l&rsquo;achat\u00a0\u00bb, explique Andreas Lipkow, le responsable de l&rsquo;analyse march\u00e9 chez CMC Markets \u00e0 Londres.\n<\/p>\n<p>\n \u00ab\u00a0Cela ne se traduit pas encore par des d\u00e9gagements massifs ou d\u00e9sordonn\u00e9s\u00a0\u00bb, temp\u00e8re-t-il toutefois.\n<\/p>\n<p>\n \u00ab\u00a0Le march\u00e9 s&rsquo;inscrit plut\u00f4t dans une sorte de d\u00e9rive baissi\u00e8re progressive, port\u00e9e par des prises de b\u00e9n\u00e9fices cibl\u00e9es. La question centrale est d\u00e9sormais de d\u00e9terminer quel est le niveau de valorisation qui saura susciter un r\u00e9el regain d&rsquo;int\u00e9r\u00eat acheteur et d\u00e9clencher un red\u00e9marrage significatif des flux d&rsquo;investissement\u00a0\u00bb, indique le professionnel.\n<\/p>\n<p>\n Cons\u00e9quence, les acheteurs pr\u00e9f\u00e8rent pour l&rsquo;instant se tenir \u00e0 l&rsquo;\u00e9cart du march\u00e9, laissant ainsi la main aux vendeurs, d&rsquo;autant que la remont\u00e9e des taux longs d\u00e9grade l&rsquo;attractivit\u00e9 relative des actions.\n<\/p>\n<p>\n La hausse des rendements obligataires s&rsquo;est d&rsquo;ailleurs amplifi\u00e9e hier soir \u00e0 Wall Street, avec des Treasuries qui crevaient tous les plafonds ou presque. Le taux \u00e0 dix ans am\u00e9ricain a franchi \u00e0 la hausse le seuil de 4,80%, un nouveau pic de quasiment trois ans. Le 30 ans se tend quant \u00e0 lui \u00e0 5,27%, au plus haut depuis 2006.\n<\/p>\n<p>\n Parall\u00e8lement, le rench\u00e9rissement de l&rsquo;\u00e9nergie vient un peu plus noircir la conjoncture \u00e9conomique et les perspectives en mati\u00e8re d&rsquo;inflation.\n<\/p>\n<p>\n Du fait du regain de tensions dans le Golfe, le baril de Brent s&rsquo;adjuge pr\u00e8s de 0,9% autour de 95,5 dollars tandis que le brut l\u00e9ger am\u00e9ricain avance de 0,5% \u00e0 90,7 dollars.\n<\/p>\n<p>  Le Brent en direction des 100 dollars<\/p>\n<p>\n Si le p\u00e9trole continue de franchir p\u00e9niblement le d\u00e9troit d&rsquo;Ormuz, de nombreux signes de p\u00e9nurie commencent \u00e0 appara\u00eetre, comme en t\u00e9moignent la hausse des prix de l&rsquo;essence aux Etats-Unis, la chert\u00e9 du diesel en Europe ou les rationnements en Russie.\n<\/p>\n<p>\n La hausse du prix du gaz est encore plus cons\u00e9quente. En Europe, le prix du MWh en Europe a atteint, au-del\u00e0 de 68 euros, son plus haut depuis l&rsquo;invasion de l&rsquo;Ukraine par la Russie. Ce niveau est surtout bien sup\u00e9rieur aux hypoth\u00e8ses formul\u00e9es par la BCE dans son dernier sc\u00e9nario de r\u00e9f\u00e9rence.\n<\/p>\n<p>\n Au vu de l&rsquo;instabilit\u00e9 de la situation au Moyen-Orient, le p\u00e9trole semble bien parti pour renouer avec ses sommets du 21 ao\u00fbt, ce qui pourrait ouvrir la voie \u00e0 des cours nettement plus \u00e9lev\u00e9s.\n<\/p>\n<p>\n D&rsquo;apr\u00e8s les analystes techniques, un retour vers le seuil des 100 dollars, qui n&rsquo;avait plus \u00e9t\u00e9 atteint depuis le 23 juillet, est d\u00e9sormais envisageable, avec en ligne de mire la zone des 117 dollars, c&rsquo;est-\u00e0-dire les sommets inscrits d\u00e9but mai.\n<\/p>\n<p>\n Les \u00e9changes pourraient un peu s&rsquo;animer dans la journ\u00e9e avec la publication de plusieurs indicateurs \u00e9conomiques importants aux Etats-Unis, en attendant les r\u00e9sultats de Broadcom ce soir.\n<\/p>\n<p>\n L&rsquo;enqu\u00eate ADP, suivie de pr\u00e8s par les investisseurs, para\u00eetra \u00e0 14h15. Les chiffres de commandes industrielles et des stocks hebdomadaires de p\u00e9trole suivront par la suite.\n<\/p>\n<p>\n Mais au-del\u00e0 des annonces pr\u00e9vues aujourd&rsquo;hui, ce sont \u00e9videmment les chiffres de l&#8217;emploi attendus ce vendredi qui compteront le plus.<\/p>\n","protected":false},"excerpt":{"rendered":"Les Bourses europ\u00e9ennes devraient prolonger leur mouvement de repli mercredi dans les premiers \u00e9changes en r\u00e9action \u00e0 la&hellip;\n","protected":false},"author":2,"featured_media":3432,"comment_status":"","ping_status":"","sticky":false,"template":"","format":"standard","meta":{"footnotes":"","_share_on_mastodon":"0"},"categories":[2],"tags":[593,591,601,598,18,596,595,592,597,594,599,600],"class_list":["post-197870","post","type-post","status-publish","format-standard","has-post-thumbnail","category-europe","tag-action-cac-40","tag-bourse-de-paris","tag-boursorama","tag-cotations","tag-europe","tag-indices-devises","tag-investir","tag-investissement","tag-marche-boursier","tag-sicav","tag-trackers","tag-warrants"],"share_on_mastodon":{"url":"https:\/\/pubeurope.com\/@afrique\/117200266442838744","error":""},"_links":{"self":[{"href":"https:\/\/www.europesays.com\/afrique\/wp-json\/wp\/v2\/posts\/197870","targetHints":{"allow":["GET"]}}],"collection":[{"href":"https:\/\/www.europesays.com\/afrique\/wp-json\/wp\/v2\/posts"}],"about":[{"href":"https:\/\/www.europesays.com\/afrique\/wp-json\/wp\/v2\/types\/post"}],"author":[{"embeddable":true,"href":"https:\/\/www.europesays.com\/afrique\/wp-json\/wp\/v2\/users\/2"}],"replies":[{"embeddable":true,"href":"https:\/\/www.europesays.com\/afrique\/wp-json\/wp\/v2\/comments?post=197870"}],"version-history":[{"count":0,"href":"https:\/\/www.europesays.com\/afrique\/wp-json\/wp\/v2\/posts\/197870\/revisions"}],"wp:featuredmedia":[{"embeddable":true,"href":"https:\/\/www.europesays.com\/afrique\/wp-json\/wp\/v2\/media\/3432"}],"wp:attachment":[{"href":"https:\/\/www.europesays.com\/afrique\/wp-json\/wp\/v2\/media?parent=197870"}],"wp:term":[{"taxonomy":"category","embeddable":true,"href":"https:\/\/www.europesays.com\/afrique\/wp-json\/wp\/v2\/categories?post=197870"},{"taxonomy":"post_tag","embeddable":true,"href":"https:\/\/www.europesays.com\/afrique\/wp-json\/wp\/v2\/tags?post=197870"}],"curies":[{"name":"wp","href":"https:\/\/api.w.org\/{rel}","templated":true}]}}