{"id":197925,"date":"2026-09-02T09:06:14","date_gmt":"2026-09-02T09:06:14","guid":{"rendered":"https:\/\/www.europesays.com\/afrique\/197925\/"},"modified":"2026-09-02T09:06:14","modified_gmt":"2026-09-02T09:06:14","slug":"fes-accueillera-en-novembre-la-7e-edition-du-congres-international-des-utilisateurs-de-sig","status":"publish","type":"post","link":"https:\/\/www.europesays.com\/afrique\/197925\/","title":{"rendered":"F\u00e8s accueillera en novembre la 7e \u00e9dition du Congr\u00e8s international des utilisateurs de SIG"},"content":{"rendered":"<p>La ville de F\u00e8s accueillera du 24 au 26 novembre 2026 la 7e \u00e9dition du Congr\u00e8s international des utilisateurs de syst\u00e8mes d\u2019information g\u00e9ographique, organis\u00e9e par l\u2019Universit\u00e9 Sidi Mohamed Ben Abdellah.<\/p>\n<p>\t\t\t\t\t<a class=\"post-thumbnail open-lightbox\" href=\"https:\/\/atlasinfo.fr\/wp-content\/uploads\/2026\/07\/TWITTER-ATLASINFO-81-1.png\" rel=\"nofollow noopener\" target=\"_blank\"><img decoding=\"async\" src=\"https:\/\/www.europesays.com\/afrique\/wp-content\/uploads\/2026\/09\/TWITTER-ATLASINFO-81-1-750x430.png\" alt=\"\"\/>\t\t\t\t\t\t<\/a><\/p>\n<p dir=\"ltr\">Un rendez-vous scientifique d\u00e9di\u00e9 \u00e0 la g\u00e9omatique<\/p>\n<p dir=\"ltr\">La ville de F\u00e8s accueillera, du 24 au 26 novembre prochain, une conf\u00e9rence internationale consacr\u00e9e aux syst\u00e8mes d\u2019information g\u00e9ographique, organis\u00e9e par le Laboratoire d\u2019innovation scientifique en durabilit\u00e9, environnement, \u00e9ducation et sant\u00e9 \u00e0 l\u2019\u00e8re de l\u2019intelligence artificielle (ISDEESIA), relevant de l\u2019\u00c9cole Normale Sup\u00e9rieure de l\u2019Universit\u00e9 Sidi Mohamed Ben Abdellah de F\u00e8s. Il s\u2019agit de la septi\u00e8me \u00e9dition du Congr\u00e8s international des utilisateurs de SIG, connu sous l\u2019appellation FEZ GIS-Users\u20192026.<\/p>\n<p dir=\"ltr\">Des outils jug\u00e9s strat\u00e9giques pour la d\u00e9cision territoriale<\/p>\n<p dir=\"ltr\">Cette rencontre portera sur les outils et m\u00e9thodes avanc\u00e9s permettant de mieux appr\u00e9hender la complexit\u00e9 des dynamiques g\u00e9ographiques et d\u2019appuyer les processus de prise de d\u00e9cision, dans un domaine d\u00e9sormais consid\u00e9r\u00e9 comme strat\u00e9gique pour l\u2019analyse, la gestion et l\u2019optimisation des donn\u00e9es spatiales. Les organisateurs soulignent que, dans un contexte marqu\u00e9 par le changement climatique, l\u2019urbanisation acc\u00e9l\u00e9r\u00e9e et la pression croissante sur les ressources naturelles, les syst\u00e8mes d\u2019information g\u00e9ographique repr\u00e9sentent un instrument cl\u00e9 pour une gouvernance territoriale durable.<\/p>\n<p dir=\"ltr\">Une utilisation en expansion au Maroc<\/p>\n<p dir=\"ltr\">Au Maroc, l\u2019usage des syst\u00e8mes d\u2019information g\u00e9ographique a connu une expansion significative dans les secteurs public, semi-public et priv\u00e9 ces derni\u00e8res ann\u00e9es. C\u2019est dans ce cadre que le Congr\u00e8s international des utilisateurs de SIG s\u2019est impos\u00e9 comme une plateforme scientifique et technique d\u00e9di\u00e9e \u00e0 la promotion et \u00e0 la diffusion des avanc\u00e9es en g\u00e9omatique, r\u00e9unissant chercheurs, universitaires et professionnels du domaine.<\/p>\n<p><a itemprop=\"url\" class=\"rohvzky-link\" href=\"https:\/\/www.youtube.com\/watch?v=x8XQAocYFhU\/?source=campagne-ep\" target=\"_blank\" rel=\"nofollow noopener\"><img decoding=\"async\" class=\"rohvzky-image\" src=\"https:\/\/www.europesays.com\/afrique\/wp-content\/uploads\/2026\/07\/300x250.jpg\" alt=\"onda-endpost-cdm-2026\"\/><\/a>\t\t\t<\/p>\n","protected":false},"excerpt":{"rendered":"La ville de F\u00e8s accueillera du 24 au 26 novembre 2026 la 7e \u00e9dition du Congr\u00e8s international des&hellip;\n","protected":false},"author":2,"featured_media":197926,"comment_status":"","ping_status":"","sticky":false,"template":"","format":"standard","meta":{"footnotes":"","_share_on_mastodon":"0"},"categories":[83],"tags":[13315,54830,103,2291,60064,97,10228,90,60065,311,1636,724,105,9266,60063,60066,25837,3540,127,88,86,42127,54831,41494,60067,6646],"class_list":["post-197925","post","type-post","status-publish","format-standard","has-post-thumbnail","category-maroc","tag-13315","tag-accueillera","tag-atlasinfo","tag-congres","tag-congres-international","tag-de","tag-decryptages","tag-des","tag-donnees-spatiales","tag-du","tag-edition","tag-en","tag-en-direct","tag-fes","tag-fes-accueillera-en-novembre-la-7e-edition-du-congres-international-des-utilisateurs-de-sig","tag-geomatique","tag-gouvernance-territoriale","tag-intelligence-artificielle","tag-international","tag-la","tag-maroc","tag-novembre","tag-science-sante","tag-sig","tag-systemes-d","tag-utilisateurs"],"share_on_mastodon":{"url":"https:\/\/pubeurope.com\/@afrique\/117200656000278531","error":""},"_links":{"self":[{"href":"https:\/\/www.europesays.com\/afrique\/wp-json\/wp\/v2\/posts\/197925","targetHints":{"allow":["GET"]}}],"collection":[{"href":"https:\/\/www.europesays.com\/afrique\/wp-json\/wp\/v2\/posts"}],"about":[{"href":"https:\/\/www.europesays.com\/afrique\/wp-json\/wp\/v2\/types\/post"}],"author":[{"embeddable":true,"href":"https:\/\/www.europesays.com\/afrique\/wp-json\/wp\/v2\/users\/2"}],"replies":[{"embeddable":true,"href":"https:\/\/www.europesays.com\/afrique\/wp-json\/wp\/v2\/comments?post=197925"}],"version-history":[{"count":0,"href":"https:\/\/www.europesays.com\/afrique\/wp-json\/wp\/v2\/posts\/197925\/revisions"}],"wp:featuredmedia":[{"embeddable":true,"href":"https:\/\/www.europesays.com\/afrique\/wp-json\/wp\/v2\/media\/197926"}],"wp:attachment":[{"href":"https:\/\/www.europesays.com\/afrique\/wp-json\/wp\/v2\/media?parent=197925"}],"wp:term":[{"taxonomy":"category","embeddable":true,"href":"https:\/\/www.europesays.com\/afrique\/wp-json\/wp\/v2\/categories?post=197925"},{"taxonomy":"post_tag","embeddable":true,"href":"https:\/\/www.europesays.com\/afrique\/wp-json\/wp\/v2\/tags?post=197925"}],"curies":[{"name":"wp","href":"https:\/\/api.w.org\/{rel}","templated":true}]}}