{"id":197953,"date":"2026-09-02T09:53:17","date_gmt":"2026-09-02T09:53:17","guid":{"rendered":"https:\/\/www.europesays.com\/afrique\/197953\/"},"modified":"2026-09-02T09:53:17","modified_gmt":"2026-09-02T09:53:17","slug":"marhaba-2026-des-departs-fluides-au-port-dal-hoceima","status":"publish","type":"post","link":"https:\/\/www.europesays.com\/afrique\/197953\/","title":{"rendered":"Marhaba 2026 : des d\u00e9parts fluides au port d\u2019Al Hoceima"},"content":{"rendered":"<p>La phase retour de l\u2019op\u00e9ration Marhaba 2026 se poursuit dans de bonnes conditions au port d\u2019Al Hoceima, o\u00f9 de nombreux Marocains du monde reprennent la route vers leurs pays de r\u00e9sidence apr\u00e8s les vacances estivales.<\/p>\n<p>Sur place, les diff\u00e9rents services mobilis\u00e9s, notamment les autorit\u00e9s portuaires, les Douanes, la police et la compagnie maritime, ont mis en place un dispositif destin\u00e9 \u00e0 faciliter les formalit\u00e9s et \u00e0 limiter les d\u00e9lais d\u2019attente des voyageurs.<\/p>\n<p><a href=\"https:\/\/pub.infomediaire.net\/www\/delivery\/ck.php?n=ac1a2de9&amp;cb=INSERT_RANDOM_NUMBER_HERE\" target=\"_blank\" rel=\"nofollow noopener\"><img decoding=\"async\" src=\"https:\/\/www.europesays.com\/afrique\/wp-content\/uploads\/2026\/09\/1788342797_280_avw.gif\" border=\"0\" alt=\"\"\/><\/a><\/p>\n<p>Lors de la travers\u00e9e reliant Al Hoceima \u00e0 Motril, en Espagne, lundi soir, les passagers ont notamment b\u00e9n\u00e9fici\u00e9 de circuits distincts selon leur mode de d\u00e9placement. Un point de contr\u00f4le \u00e9tait r\u00e9serv\u00e9 aux voyageurs \u00e0 pied, tandis qu\u2019un autre accueillait ceux embarquant avec leur v\u00e9hicule. Une organisation qui a permis de mieux r\u00e9partir les flux.<\/p>\n<p>Le dispositif comprend \u00e9galement une prise en charge sanitaire de proximit\u00e9. Des \u00e9quipes m\u00e9dicales sont pr\u00e9sentes au port, en coordination avec la Fondation Mohammed V pour la Solidarit\u00e9, afin d\u2019assister les voyageurs en cas de besoin.<\/p>\n<p>La Fondation a par ailleurs mobilis\u00e9 des assistantes sociales, des m\u00e9decins et des infirmiers dans les espaces d\u2019accueil d\u00e9di\u00e9s aux Marocains r\u00e9sidant \u00e0 l\u2019\u00e9tranger, tout en assurant la coordination avec les diff\u00e9rents services concern\u00e9s.<\/p>\n<p>Plusieurs voyageurs interrog\u00e9s \u00e0 l\u2019occasion de cette phase de d\u00e9part ont salu\u00e9 la qualit\u00e9 de l\u2019accueil et la fluidit\u00e9 des proc\u00e9dures, aussi bien lors de leur arriv\u00e9e que pour leur retour vers l\u2019Europe.<\/p>\n<p>La travers\u00e9e Al Hoceima-Motril effectu\u00e9e lundi soir a transport\u00e9 942 passagers et 201 v\u00e9hicules, parmi lesquels 193 voitures particuli\u00e8res, selon les donn\u00e9es officielles.<\/p>\n","protected":false},"excerpt":{"rendered":"La phase retour de l\u2019op\u00e9ration Marhaba 2026 se poursuit dans de bonnes conditions au port d\u2019Al Hoceima, o\u00f9&hellip;\n","protected":false},"author":2,"featured_media":197954,"comment_status":"","ping_status":"","sticky":false,"template":"","format":"standard","meta":{"footnotes":"","_share_on_mastodon":"0"},"categories":[83],"tags":[45022,454,51958,86,30266,15742,60071],"class_list":["post-197953","post","type-post","status-publish","format-standard","has-post-thumbnail","category-maroc","tag-al-hoceima","tag-la-une","tag-marhaba-2026","tag-maroc","tag-marocains-du-monde","tag-mre","tag-port-dal-hoceima"],"share_on_mastodon":{"url":"https:\/\/pubeurope.com\/@afrique\/117200840837217222","error":""},"_links":{"self":[{"href":"https:\/\/www.europesays.com\/afrique\/wp-json\/wp\/v2\/posts\/197953","targetHints":{"allow":["GET"]}}],"collection":[{"href":"https:\/\/www.europesays.com\/afrique\/wp-json\/wp\/v2\/posts"}],"about":[{"href":"https:\/\/www.europesays.com\/afrique\/wp-json\/wp\/v2\/types\/post"}],"author":[{"embeddable":true,"href":"https:\/\/www.europesays.com\/afrique\/wp-json\/wp\/v2\/users\/2"}],"replies":[{"embeddable":true,"href":"https:\/\/www.europesays.com\/afrique\/wp-json\/wp\/v2\/comments?post=197953"}],"version-history":[{"count":0,"href":"https:\/\/www.europesays.com\/afrique\/wp-json\/wp\/v2\/posts\/197953\/revisions"}],"wp:featuredmedia":[{"embeddable":true,"href":"https:\/\/www.europesays.com\/afrique\/wp-json\/wp\/v2\/media\/197954"}],"wp:attachment":[{"href":"https:\/\/www.europesays.com\/afrique\/wp-json\/wp\/v2\/media?parent=197953"}],"wp:term":[{"taxonomy":"category","embeddable":true,"href":"https:\/\/www.europesays.com\/afrique\/wp-json\/wp\/v2\/categories?post=197953"},{"taxonomy":"post_tag","embeddable":true,"href":"https:\/\/www.europesays.com\/afrique\/wp-json\/wp\/v2\/tags?post=197953"}],"curies":[{"name":"wp","href":"https:\/\/api.w.org\/{rel}","templated":true}]}}