{"id":197978,"date":"2026-09-02T10:28:10","date_gmt":"2026-09-02T10:28:10","guid":{"rendered":"https:\/\/www.europesays.com\/afrique\/197978\/"},"modified":"2026-09-02T10:28:10","modified_gmt":"2026-09-02T10:28:10","slug":"au-kenya-les-autorites-se-preparent-aux-effets-possiblement-devastateurs-del-nino","status":"publish","type":"post","link":"https:\/\/www.europesays.com\/afrique\/197978\/","title":{"rendered":"Au Kenya, les autorit\u00e9s se pr\u00e9parent aux effets possiblement d\u00e9vastateurs d&rsquo;El Ni\u00f1o"},"content":{"rendered":"<p class=\"mb-4 text-lg md:leading-8 break-words\">Avec notre correspondante \u00e0 Nairobi, Ga\u00eblle Laleix<\/p>\n<p class=\"mb-4 text-lg md:leading-8 break-words\">El Ni\u00f1o, ce ph\u00e9nom\u00e8ne climatique provoqu\u00e9 par le r\u00e9chauffement des eaux de surface dans le Pacifique, risque d&rsquo;avoir un impact tr\u00e8s fort sur la Corne de l&rsquo;<a data-ylk=\"slk:Afrique;elm:context_link;itc:0;sec:content-canvas;\" data-yga=\"{&quot;yLinkElement&quot;:&quot;link&quot;,&quot;yLinkElementType&quot;:&quot;article_link&quot;}\" href=\"https:\/\/www.rfi.fr\/fr\/afrique\/\" rel=\"noopener noreferrer nofollow\" target=\"_blank\">Afrique<\/a> et donc sur le <a data-ylk=\"slk:Kenya;elm:context_link;itc:0;sec:content-canvas;\" data-yga=\"{&quot;yLinkElement&quot;:&quot;link&quot;,&quot;yLinkElementType&quot;:&quot;article_link&quot;}\" href=\"https:\/\/www.rfi.fr\/fr\/tag\/kenya\/\" rel=\"noopener noreferrer nofollow\" target=\"_blank\">Kenya<\/a>. Le plan de pr\u00e9paration des autorit\u00e9s k\u00e9nyanes s&rsquo;appuie donc sur sept mesures.<\/p>\n<p class=\"mb-4 text-lg md:leading-8 break-words\">D&rsquo;abord, cartographier les endroits les plus vuln\u00e9rables en cas de fortes pluies. Le minist\u00e8re de l&rsquo;Int\u00e9rieur redoute des inondations, glissements de terrains ou destructions d&rsquo;infrastructures. L&rsquo;identification de zones \u00e0 risques permettra des \u00e9vacuations plus efficaces. Ensuite, d\u00e9boucher et entretenir les infrastructures de drainage, notamment dans les villes \u00e0 danger. Nairobi, la capitale, en fait partie.<\/p>\n<p class=\"mb-4 text-lg md:leading-8 break-words\">\u00c0 lire aussi<a data-ylk=\"slk:Ph\u00e9nom\u00e8ne climatique El Ni\u00f1o en Afrique de l&#039;Est: \u00abIl pourrait y avoir 3 millions de personnes d\u00e9plac\u00e9es\u00bb;elm:context_link;itc:0;sec:content-canvas;\" data-yga=\"{&quot;yLinkElement&quot;:&quot;link&quot;,&quot;yLinkElementType&quot;:&quot;article_link&quot;}\" href=\"https:\/\/www.rfi.fr\/fr\/afrique\/20260827-ph\u00e9nom\u00e8ne-climatique-el-ni\u00f1o-en-afrique-de-l-est-il-pourrait-y-avoir-3-millions-de-personnes-d\u00e9plac\u00e9es\" class=\"a-read-more__link\" rel=\"noopener noreferrer nofollow\" target=\"_blank\">Ph\u00e9nom\u00e8ne climatique El Ni\u00f1o en Afrique de l&rsquo;Est: \u00abIl pourrait y avoir 3 millions de personnes d\u00e9plac\u00e9es\u00bb<\/a><\/p>\n<p class=\"mb-4 text-lg md:leading-8 break-words\">En mars, <a data-ylk=\"slk:des pluies diluviennes y ont tu\u00e9 une cinquantaine de personnes;elm:context_link;itc:0;sec:content-canvas;\" data-yga=\"{&quot;yLinkElement&quot;:&quot;link&quot;,&quot;yLinkElementType&quot;:&quot;article_link&quot;}\" href=\"https:\/\/www.rfi.fr\/fr\/afrique\/20260309-kenya-au-moins-45-morts-dans-des-inondations-de-nombreuses-victimes-\u00e0-nairobi\" rel=\"noopener noreferrer nofollow\" target=\"_blank\">des pluies diluviennes y ont tu\u00e9 une cinquantaine de personnes<\/a> en une nuit, en raison notamment des \u00e9vacuations d&rsquo;eau d\u00e9fectueuses. Enfin, sensibiliser les populations au risque de devoir abandonner leurs domiciles. Des zones de refuge ont \u00e9t\u00e9 identifi\u00e9es, o\u00f9 les autorit\u00e9s stockent d\u00e9j\u00e0 vivres et m\u00e9dicaments.<\/p>\n<p class=\"mb-4 text-lg md:leading-8 break-words\">D&rsquo;apr\u00e8s la Croix-Rouge k\u00e9nyane, 46 des 47 cont\u00e9s du pays risquent d&rsquo;essuyer des pluies sup\u00e9rieures \u00e0 la normale dans les mois \u00e0 venir, notamment dans l&rsquo;Ouest, dans la vall\u00e9e du Rift et sur la c\u00f4te.<\/p>\n<p class=\"mb-4 text-lg md:leading-8 break-words\">Le dernier ph\u00e9nom\u00e8ne El Ni\u00f1o, en 2023 et 2024, avait caus\u00e9 la mort de 490 personnes et le d\u00e9placement de 790 000 autres au Kenya, selon la F\u00e9d\u00e9ration internationale des soci\u00e9t\u00e9s de la Croix-Rouge et du Croissant-Rouge.<\/p>\n<p class=\"mb-4 text-lg md:leading-8 break-words\">\u00c0 lire aussi<a data-ylk=\"slk:El Ni\u00f1o: \u00abOn s&#039;attend \u00e0 ce que son effet soit particuli\u00e8rement d\u00e9vastateur cette ann\u00e9e\u00bb;elm:context_link;itc:0;sec:content-canvas;\" data-yga=\"{&quot;yLinkElement&quot;:&quot;link&quot;,&quot;yLinkElementType&quot;:&quot;article_link&quot;}\" href=\"https:\/\/www.rfi.fr\/fr\/podcasts\/invit\u00e9-international\/20260827-el-ni\u00f1o-on-s-attend-\u00e0-ce-que-son-effet-soit-particuli\u00e8rement-d\u00e9vastateur-cette-ann\u00e9e\" class=\"a-read-more__link\" rel=\"noopener noreferrer nofollow\" target=\"_blank\">El Ni\u00f1o: \u00abOn s&rsquo;attend \u00e0 ce que son effet soit particuli\u00e8rement d\u00e9vastateur cette ann\u00e9e\u00bb<\/a><\/p>\n","protected":false},"excerpt":{"rendered":"Avec notre correspondante \u00e0 Nairobi, Ga\u00eblle Laleix El Ni\u00f1o, ce ph\u00e9nom\u00e8ne climatique provoqu\u00e9 par le r\u00e9chauffement des eaux&hellip;\n","protected":false},"author":2,"featured_media":197979,"comment_status":"","ping_status":"","sticky":false,"template":"","format":"standard","meta":{"footnotes":"","_share_on_mastodon":"0"},"categories":[165],"tags":[58312,60074,1056,32379,60073,230,5626],"class_list":["post-197978","post","type-post","status-publish","format-standard","has-post-thumbnail","category-kenya","tag-avec-notre","tag-cartographier-les-endroits-les","tag-croix-rouge","tag-el-nino","tag-el-nino-en-afrique-de-lest","tag-kenya","tag-nairobi"],"share_on_mastodon":{"url":"https:\/\/pubeurope.com\/@afrique\/117200978186371717","error":""},"_links":{"self":[{"href":"https:\/\/www.europesays.com\/afrique\/wp-json\/wp\/v2\/posts\/197978","targetHints":{"allow":["GET"]}}],"collection":[{"href":"https:\/\/www.europesays.com\/afrique\/wp-json\/wp\/v2\/posts"}],"about":[{"href":"https:\/\/www.europesays.com\/afrique\/wp-json\/wp\/v2\/types\/post"}],"author":[{"embeddable":true,"href":"https:\/\/www.europesays.com\/afrique\/wp-json\/wp\/v2\/users\/2"}],"replies":[{"embeddable":true,"href":"https:\/\/www.europesays.com\/afrique\/wp-json\/wp\/v2\/comments?post=197978"}],"version-history":[{"count":0,"href":"https:\/\/www.europesays.com\/afrique\/wp-json\/wp\/v2\/posts\/197978\/revisions"}],"wp:featuredmedia":[{"embeddable":true,"href":"https:\/\/www.europesays.com\/afrique\/wp-json\/wp\/v2\/media\/197979"}],"wp:attachment":[{"href":"https:\/\/www.europesays.com\/afrique\/wp-json\/wp\/v2\/media?parent=197978"}],"wp:term":[{"taxonomy":"category","embeddable":true,"href":"https:\/\/www.europesays.com\/afrique\/wp-json\/wp\/v2\/categories?post=197978"},{"taxonomy":"post_tag","embeddable":true,"href":"https:\/\/www.europesays.com\/afrique\/wp-json\/wp\/v2\/tags?post=197978"}],"curies":[{"name":"wp","href":"https:\/\/api.w.org\/{rel}","templated":true}]}}