{"id":197982,"date":"2026-09-02T10:34:13","date_gmt":"2026-09-02T10:34:13","guid":{"rendered":"https:\/\/www.europesays.com\/afrique\/197982\/"},"modified":"2026-09-02T10:34:13","modified_gmt":"2026-09-02T10:34:13","slug":"tunisie-7-ans-apres-loperation-terroriste-hommage-au-commandant-najiballah-charni","status":"publish","type":"post","link":"https:\/\/www.europesays.com\/afrique\/197982\/","title":{"rendered":"Tunisie : 7 ans apr\u00e8s l\u2019op\u00e9ration terroriste, hommage au commandant Najiballah Charni"},"content":{"rendered":"<p>Facebook<br \/>\nTwitter<br \/>\nLinkedIn<br \/>\nWhatsApp<\/p>\n<p>   Lire plus tard<\/p>\n<p>La Direction g\u00e9n\u00e9rale de la garde nationale a comm\u00e9mor\u00e9, mercredi 2 septembre 2026, le septi\u00e8me anniversaire du d\u00e9c\u00e8s en service du commandant Najiballah Charni, tomb\u00e9 dans l\u2019exercice de ses fonctions lors de l\u2019op\u00e9ration terroriste survenue \u00e0 Ha\u00efdra, dans le gouvernorat de Kasserine, le 2 septembre 2019.\n<\/p>\n<p>Cette comm\u00e9moration vise \u00e0 honorer sa m\u00e9moire et \u00e0 rappeler les sacrifices consentis dans le cadre de la protection de la s\u00e9curit\u00e9 du pays et des citoyens.<\/p>\n<p>Une comm\u00e9moration en hommage \u00e0 son engagement\n<\/p>\n<p>\u00c0 cette occasion, la Direction g\u00e9n\u00e9rale de la garde nationale a rappel\u00e9 les qualit\u00e9s du commandant Najiballah Charni, notamment son courage, son sens du devoir, son d\u00e9vouement et son engagement dans l\u2019accomplissement de ses missions.\n<\/p>\n<p>L\u2019institution a soulign\u00e9 que les sacrifices des membres des forces de s\u00e9curit\u00e9 et de l\u2019arm\u00e9e tomb\u00e9s dans l\u2019exercice de leurs fonctions resteront ancr\u00e9s dans la m\u00e9moire nationale.\n<\/p>\n<p>Retour sur l\u2019op\u00e9ration de Ha\u00efdra\n<\/p>\n<p>Le commandant Najiballah Charni est d\u00e9c\u00e9d\u00e9 le 2 septembre 2019 \u00e0 la suite d\u2019une op\u00e9ration terroriste survenue dans la r\u00e9gion de Ha\u00efdra, relevant du gouvernorat de Kasserine, alors qu\u2019il accomplissait son devoir.\n<\/p>\n<p>Sept ans apr\u00e8s les faits, la garde nationale a renouvel\u00e9 son hommage \u00e0 sa m\u00e9moire et rappel\u00e9 l\u2019importance de pr\u00e9server le souvenir de celles et ceux qui ont perdu la vie dans l\u2019exercice de leurs missions de s\u00e9curit\u00e9.\n<\/p>\n<p>Un hommage inscrit dans la m\u00e9moire nationale\n<\/p>\n<p>La Direction g\u00e9n\u00e9rale de la garde nationale a indiqu\u00e9 que cette date constitue \u00e9galement une occasion de rappeler les valeurs de courage, de sacrifice et de fid\u00e9lit\u00e9 au devoir associ\u00e9es au parcours du commandant Najiballah Charni.\n<\/p>\n<p>Elle a \u00e9galement rendu hommage \u00e0 l\u2019ensemble des membres des institutions s\u00e9curitaire et militaire tomb\u00e9s en service, dont les sacrifices demeurent, selon elle, une r\u00e9f\u00e9rence pour les g\u00e9n\u00e9rations futures dans le service de la Tunisie et la protection de sa s\u00e9curit\u00e9 et de sa stabilit\u00e9.\n<\/p>\n<p>\u00a0\n<\/p>\n<p>\u00a0\n<\/p>\n<p>\u00a0\n<\/p>\n<p>\u00a0\n<\/p>\n<p>Facebook<br \/>\nTwitter<br \/>\nLinkedIn<br \/>\nWhatsApp<\/p>\n<p>\n                                                Que se passe-t-il en Tunisie?<br \/>Nous expliquons sur notre <a href=\"https:\/\/www.youtube.com\/channel\/UCRzypVq0B_yBad5eGrwBx0Q?sub_confirmation=1\" target=\"_blank\" rel=\"nofollow noopener\">cha\u00eene YouTube<\/a> . <a href=\"https:\/\/www.youtube.com\/channel\/UCRzypVq0B_yBad5eGrwBx0Q?sub_confirmation=1\" target=\"_blank\" rel=\"nofollow noopener\">Abonnez-vous!<\/a><\/p>\n<p>\t\t\t\t\t\t\t\t\t\t\t\t\t\t\t\t\t\t\t\t\t\t\t\t\t<img loading=\"lazy\" decoding=\"async\" width=\"290\" height=\"78\" src=\"data:image\/svg+xml,%3Csvg%20xmlns=\" http:=\"\" data-lazy-src=\"https:\/\/www.europesays.com\/afrique\/wp-content\/uploads\/2026\/08\/Logo-Tn1-1-3.png\"\/><img loading=\"lazy\" decoding=\"async\" width=\"290\" height=\"78\" src=\"https:\/\/www.europesays.com\/afrique\/wp-content\/uploads\/2026\/08\/Logo-Tn1-1-3.png\"\/><\/p>\n<p>\t\t\t\t\t\t\t\t\t\t\t\t<a href=\"https:\/\/www.tunisienumerique.com\/tunisie-actualite\/2-septembre-2019\/\" rel=\"tag nofollow noopener\" target=\"_blank\">2 septembre 2019<\/a>, <a href=\"https:\/\/www.tunisienumerique.com\/tunisie-actualite\/commemoration\/\" rel=\"tag nofollow noopener\" target=\"_blank\">Comm\u00e9moration<\/a>, <a href=\"https:\/\/www.tunisienumerique.com\/tunisie-actualite\/forces-de-securite\/\" rel=\"tag nofollow noopener\" target=\"_blank\">forces de s\u00e9curit\u00e9<\/a>, <a href=\"https:\/\/www.tunisienumerique.com\/tunisie-actualite\/garde-nationale\/\" rel=\"tag nofollow noopener\" target=\"_blank\">garde nationale<\/a>, <a href=\"https:\/\/www.tunisienumerique.com\/tunisie-actualite\/haidra\/\" rel=\"tag nofollow noopener\" target=\"_blank\">haidra<\/a>, <a href=\"https:\/\/www.tunisienumerique.com\/tunisie-actualite\/hommage\/\" rel=\"tag nofollow noopener\" target=\"_blank\">hommage<\/a>, <a href=\"https:\/\/www.tunisienumerique.com\/tunisie-actualite\/kasserine\/\" rel=\"tag nofollow noopener\" target=\"_blank\">kasserine<\/a>, <a href=\"https:\/\/www.tunisienumerique.com\/tunisie-actualite\/memoire-nationale\/\" rel=\"tag nofollow noopener\" target=\"_blank\">m\u00e9moire nationale<\/a>, <a href=\"https:\/\/www.tunisienumerique.com\/tunisie-actualite\/najiballah-charni\/\" rel=\"tag nofollow noopener\" target=\"_blank\">Najiballah Charni<\/a>, <a href=\"https:\/\/www.tunisienumerique.com\/tunisie-actualite\/operation-terroriste\/\" rel=\"tag nofollow noopener\" target=\"_blank\">op\u00e9ration terroriste<\/a>, <a href=\"https:\/\/www.tunisienumerique.com\/tunisie-actualite\/securite-en-tunisie\/\" rel=\"tag nofollow noopener\" target=\"_blank\">s\u00e9curit\u00e9 en Tunisie<\/a>, <a href=\"https:\/\/www.tunisienumerique.com\/tunisie-actualite\/tunisie\/\" rel=\"tag nofollow noopener\" target=\"_blank\">Tunisie<\/a><\/p>\n","protected":false},"excerpt":{"rendered":"Facebook Twitter LinkedIn WhatsApp Lire plus tard La Direction g\u00e9n\u00e9rale de la garde nationale a comm\u00e9mor\u00e9, mercredi 2&hellip;\n","protected":false},"author":2,"featured_media":197983,"comment_status":"","ping_status":"","sticky":false,"template":"","format":"standard","meta":{"footnotes":"","_share_on_mastodon":"0"},"categories":[120],"tags":[60076,8513,3006,33903,60077,14419,9163,55272,60078,60079,60080,124],"class_list":["post-197982","post","type-post","status-publish","format-standard","has-post-thumbnail","category-tunisie","tag-2-septembre-2019","tag-commemoration","tag-forces-de-securite","tag-garde-nationale","tag-haidra","tag-hommage","tag-kasserine","tag-memoire-nationale","tag-najiballah-charni","tag-operation-terroriste","tag-securite-en-tunisie","tag-tunisie"],"share_on_mastodon":{"url":"https:\/\/pubeurope.com\/@afrique\/117201001935539843","error":""},"_links":{"self":[{"href":"https:\/\/www.europesays.com\/afrique\/wp-json\/wp\/v2\/posts\/197982","targetHints":{"allow":["GET"]}}],"collection":[{"href":"https:\/\/www.europesays.com\/afrique\/wp-json\/wp\/v2\/posts"}],"about":[{"href":"https:\/\/www.europesays.com\/afrique\/wp-json\/wp\/v2\/types\/post"}],"author":[{"embeddable":true,"href":"https:\/\/www.europesays.com\/afrique\/wp-json\/wp\/v2\/users\/2"}],"replies":[{"embeddable":true,"href":"https:\/\/www.europesays.com\/afrique\/wp-json\/wp\/v2\/comments?post=197982"}],"version-history":[{"count":0,"href":"https:\/\/www.europesays.com\/afrique\/wp-json\/wp\/v2\/posts\/197982\/revisions"}],"wp:featuredmedia":[{"embeddable":true,"href":"https:\/\/www.europesays.com\/afrique\/wp-json\/wp\/v2\/media\/197983"}],"wp:attachment":[{"href":"https:\/\/www.europesays.com\/afrique\/wp-json\/wp\/v2\/media?parent=197982"}],"wp:term":[{"taxonomy":"category","embeddable":true,"href":"https:\/\/www.europesays.com\/afrique\/wp-json\/wp\/v2\/categories?post=197982"},{"taxonomy":"post_tag","embeddable":true,"href":"https:\/\/www.europesays.com\/afrique\/wp-json\/wp\/v2\/tags?post=197982"}],"curies":[{"name":"wp","href":"https:\/\/api.w.org\/{rel}","templated":true}]}}