{"id":197992,"date":"2026-09-02T10:42:18","date_gmt":"2026-09-02T10:42:18","guid":{"rendered":"https:\/\/www.europesays.com\/afrique\/197992\/"},"modified":"2026-09-02T10:42:18","modified_gmt":"2026-09-02T10:42:18","slug":"le-benin-recherche-un-expert-international-pour-renforcer-son-systeme-didentite-numerique","status":"publish","type":"post","link":"https:\/\/www.europesays.com\/afrique\/197992\/","title":{"rendered":"Le B\u00e9nin recherche un expert international pour renforcer son syst\u00e8me d\u2019identit\u00e9 num\u00e9rique"},"content":{"rendered":"<p style=\"text-align: justify;\">Alors que le B\u00e9nin d\u00e9veloppe ses infrastructures publiques num\u00e9riques, l\u2019identification des citoyens constitue l\u2019un des piliers de cette transformation. Le pays cherche d\u00e9sormais \u00e0 d\u00e9finir un mod\u00e8le durable pour l\u2019agence charg\u00e9e de ce syst\u00e8me.<\/p>\n<p class=\"texte\" style=\"text-align: justify;\">Le gouvernement du B\u00e9nin, \u00e0 travers le Projet d\u2019identification unique pour l\u2019int\u00e9gration et l\u2019inclusion en Afrique de l\u2019Ouest (WURI), a lanc\u00e9 un appel \u00e0 manifestation d\u2019int\u00e9r\u00eat pour le recrutement d\u2019un expert international en strat\u00e9gie des infrastructures publiques num\u00e9riques. La mission porte sur la d\u00e9finition du mod\u00e8le \u00e9conomique de l\u2019Agence nationale d\u2019identification des personnes (ANIP) et est financ\u00e9e par la Banque mondiale.<\/p>\n<p>&#13;<\/p>\n<p dir=\"ltr\" lang=\"fr\">\ud83d\udce2 Avis \u00e0 Manifestation d\u2019Int\u00e9r\u00eat<\/p>\n<p>L\u2019ANIP recrute un Expert International en Strat\u00e9gie des Infrastructures Publiques Num\u00e9riques pour d\u00e9finir un mod\u00e8le \u00e9conomique durable.<\/p>\n<p>\ud83d\udcc5 Limite : 08 septembre 2026 \u00e0 10h30<\/p>\n<p>\ud83d\udcc4 Avis complet : <a href=\"https:\/\/t.co\/L7Cc3SwTdU\" rel=\"nofollow\">https:\/\/t.co\/L7Cc3SwTdU<\/a><a href=\"https:\/\/x.com\/hashtag\/ANIP?src=hash&amp;ref_src=twsrc%5Etfw\" rel=\"nofollow\">#ANIP<\/a> <a href=\"https:\/\/x.com\/hashtag\/WURI?src=hash&amp;ref_src=twsrc%5Etfw\" rel=\"nofollow\">#WURI<\/a> <a href=\"https:\/\/x.com\/hashtag\/AppelDOffres?src=hash&amp;ref_src=twsrc%5Etfw\" rel=\"nofollow\">#AppelDOffres<\/a> <a href=\"https:\/\/t.co\/q7CkkYHCSO\" rel=\"nofollow\">pic.twitter.com\/q7CkkYHCSO<\/a><\/p>\n<p>&#13;<br \/>\n\u2014 Agence Nationale d&rsquo;Identification des Personnes (@BeninANIP) <a href=\"https:\/\/x.com\/BeninANIP\/status\/2094661103615606811?ref_src=twsrc%5Etfw\" rel=\"nofollow\">September 1, 2026<\/a><\/p>\n<p class=\"texte\" style=\"text-align: justify;\">L\u2019expert recrut\u00e9 accompagnera l\u2019ANIP dans la d\u00e9finition d\u2019un mod\u00e8le \u00e9conomique durable et d\u2019un cadre institutionnel adapt\u00e9 \u00e0 ses activit\u00e9s. Il devra notamment \u00e9tablir un diagnostic strat\u00e9gique de l\u2019agence, analyser les mod\u00e8les internationaux d\u2019infrastructures publiques num\u00e9riques et d\u2019identification nationale, puis proposer plusieurs sc\u00e9narios d\u2019\u00e9volution.<\/p>\n<p class=\"texte\" style=\"text-align: justify;\">La mission de l\u2019expert comprend \u00e9galement la d\u00e9finition d\u2019un sc\u00e9nario cible pour l\u2019ANIP et l\u2019\u00e9laboration d\u2019une feuille de route couvrant le financement, l\u2019exploitation, la maintenance, la modernisation et le d\u00e9veloppement de ses infrastructures et services num\u00e9riques. La mission est pr\u00e9vue pour une dur\u00e9e de 60 jours r\u00e9partis sur cinq mois. Les candidats doivent notamment justifier de qualifications et d\u2019exp\u00e9riences en lien avec les infrastructures publiques num\u00e9riques, les syst\u00e8mes nationaux d\u2019identit\u00e9 et leur gouvernance.<\/p>\n<p class=\"texte\" style=\"text-align: justify;\">Les manifestations d\u2019int\u00e9r\u00eat, r\u00e9dig\u00e9es en fran\u00e7ais, doivent \u00eatre d\u00e9pos\u00e9es au plus tard le 8 septembre 2026 \u00e0 10 h 00 (heure de Cotonou) au Secr\u00e9tariat du Projet WURI B\u00e9nin, situ\u00e9 dans la rue de Golden Tulip, \u00e0 150 m\u00e8tres de la plage Obama Beach \u00e0 Cotonou. L\u2019ouverture des plis est pr\u00e9vue le m\u00eame jour \u00e0 10 h 30, \u00e0 la m\u00eame adresse.<\/p>\n<p class=\"texte\" style=\"text-align: justify;\">Samira Njoya<\/p>\n<p class=\"texte\" style=\"text-align: justify;\">Lire aussi:<\/p>\n<p class=\"texte\" style=\"text-align: justify;\"><a href=\"https:\/\/www.wearetech.africa\/fr\/fils\/actualites\/tech\/benin-10-5-millions-de-documents-d-etat-civil-et-d-identite-numeriques-deja-delivres\" rel=\"nofollow noopener\" target=\"_blank\">B\u00e9nin:10,5\u202fmillions de documents d\u2019\u00e9tat civil et d\u2019identit\u00e9 num\u00e9riques d\u00e9j\u00e0 d\u00e9livr\u00e9s<\/a><\/p>\n<p>\t\t<script async src=\"https:\/\/platform.twitter.com\/widgets.js\" charset=\"utf-8\"><\/script><\/p>\n","protected":false},"excerpt":{"rendered":"Alors que le B\u00e9nin d\u00e9veloppe ses infrastructures publiques num\u00e9riques, l\u2019identification des citoyens constitue l\u2019un des piliers de cette&hellip;\n","protected":false},"author":2,"featured_media":197993,"comment_status":"","ping_status":"","sticky":false,"template":"","format":"standard","meta":{"footnotes":"","_share_on_mastodon":"0"},"categories":[4],"tags":[6,569,90,1979,223,11862,226,315,5255],"class_list":["post-197992","post","type-post","status-publish","format-standard","has-post-thumbnail","category-afrique","tag-afrique","tag-dun","tag-des","tag-infrastructures","tag-les","tag-modele","tag-numeriques","tag-pour","tag-publiques"],"share_on_mastodon":{"url":"https:\/\/pubeurope.com\/@afrique\/117201033240370116","error":""},"_links":{"self":[{"href":"https:\/\/www.europesays.com\/afrique\/wp-json\/wp\/v2\/posts\/197992","targetHints":{"allow":["GET"]}}],"collection":[{"href":"https:\/\/www.europesays.com\/afrique\/wp-json\/wp\/v2\/posts"}],"about":[{"href":"https:\/\/www.europesays.com\/afrique\/wp-json\/wp\/v2\/types\/post"}],"author":[{"embeddable":true,"href":"https:\/\/www.europesays.com\/afrique\/wp-json\/wp\/v2\/users\/2"}],"replies":[{"embeddable":true,"href":"https:\/\/www.europesays.com\/afrique\/wp-json\/wp\/v2\/comments?post=197992"}],"version-history":[{"count":0,"href":"https:\/\/www.europesays.com\/afrique\/wp-json\/wp\/v2\/posts\/197992\/revisions"}],"wp:featuredmedia":[{"embeddable":true,"href":"https:\/\/www.europesays.com\/afrique\/wp-json\/wp\/v2\/media\/197993"}],"wp:attachment":[{"href":"https:\/\/www.europesays.com\/afrique\/wp-json\/wp\/v2\/media?parent=197992"}],"wp:term":[{"taxonomy":"category","embeddable":true,"href":"https:\/\/www.europesays.com\/afrique\/wp-json\/wp\/v2\/categories?post=197992"},{"taxonomy":"post_tag","embeddable":true,"href":"https:\/\/www.europesays.com\/afrique\/wp-json\/wp\/v2\/tags?post=197992"}],"curies":[{"name":"wp","href":"https:\/\/api.w.org\/{rel}","templated":true}]}}