{"id":198002,"date":"2026-09-02T10:55:11","date_gmt":"2026-09-02T10:55:11","guid":{"rendered":"https:\/\/www.europesays.com\/afrique\/198002\/"},"modified":"2026-09-02T10:55:11","modified_gmt":"2026-09-02T10:55:11","slug":"jm-tarente-dhaouadi-et-krimi-decrochent-le-bronze-en-aviron-la-tunisie-a-25-medailles","status":"publish","type":"post","link":"https:\/\/www.europesays.com\/afrique\/198002\/","title":{"rendered":"JM Tarente : Dhaouadi et Krimi d\u00e9crochent le bronze en aviron, la Tunisie \u00e0 25 m\u00e9dailles"},"content":{"rendered":"<p class=\"wp-block-paragraph\">La Tunisie a d\u00e9croch\u00e9 une nouvelle m\u00e9daille aux Jeux m\u00e9diterran\u00e9ens de Tarente-2026. Le duo compos\u00e9 de Salma Dhaouadi et Khadija Krimi a remport\u00e9, mercredi, le bronze dans l\u2019\u00e9preuve du deux de couple poids l\u00e9ger f\u00e9minin, portant le bilan tunisien \u00e0 25 m\u00e9dailles, dont 3 en or, 9 en argent et 13 en bronze.<\/p>\n<p>Un podium tunisien en aviron<\/p>\n<p class=\"wp-block-paragraph\">La paire tunisienne a termin\u00e9 troisi\u00e8me de la finale avec un chrono de 7 min 21 sec 69. L\u2019or est revenu \u00e0 l\u2019\u00e9quipage italien, qui a boucl\u00e9 la distance en 7 min 12 sec 50, tandis que la Gr\u00e8ce a obtenu l\u2019argent en 7 min 15 sec 74.<\/p>\n<p class=\"wp-block-paragraph\">Dhaouadi et Krimi ajoutent ainsi une nouvelle m\u00e9daille \u00e0 leur palmar\u00e8s international, quelques jours seulement apr\u00e8s leur troisi\u00e8me place aux Championnats du monde d\u2019aviron \u00e0 Amsterdam.<\/p>\n<p>Une 25\u00e8me m\u00e9daille pour la Tunisie<\/p>\n<p class=\"wp-block-paragraph\">Ce podium permet \u00e0 la d\u00e9l\u00e9gation tunisienne de porter son total \u00e0 25 m\u00e9dailles \u00e0 Tarente. Le bilan s\u2019\u00e9tablit d\u00e9sormais \u00e0 3 m\u00e9dailles d\u2019or ; 9 m\u00e9dailles d\u2019argent ; 13 m\u00e9dailles de bronze.<\/p>\n<p class=\"wp-block-paragraph\">Cette nouvelle m\u00e9daille intervient apr\u00e8s celle remport\u00e9e la veille par le duo tunisien compos\u00e9 de Mohamed Krimi et Khadija Krimi, \u00e9galement en bronze dans le deux de couple mixte poids l\u00e9ger.<\/p>\n<p class=\"wp-block-paragraph\">L\u2019aviron confirme ainsi son importance dans la moisson tunisienne \u00e0 Tarente. Avant cette \u00e9dition, la discipline n\u2019avait encore jamais permis \u00e0 la Tunisie de monter sur le podium des Jeux m\u00e9diterran\u00e9ens. La F\u00e9d\u00e9ration tunisienne d\u2019aviron avait d\u2019ailleurs fix\u00e9 comme objectif de d\u00e9crocher une premi\u00e8re m\u00e9daille m\u00e9diterran\u00e9enne \u00e0 Tarente.<\/p>\n<p class=\"wp-block-paragraph\">Les Jeux m\u00e9diterran\u00e9ens se poursuivent jusqu\u2019au 3 septembre, avec encore plusieurs possibilit\u00e9s de podium pour la d\u00e9l\u00e9gation tunisienne.<\/p>\n<p class=\"wp-block-paragraph\">Lire aussi :<\/p>\n","protected":false},"excerpt":{"rendered":"La Tunisie a d\u00e9croch\u00e9 une nouvelle m\u00e9daille aux Jeux m\u00e9diterran\u00e9ens de Tarente-2026. Le duo compos\u00e9 de Salma Dhaouadi&hellip;\n","protected":false},"author":2,"featured_media":198003,"comment_status":"","ping_status":"","sticky":false,"template":"","format":"standard","meta":{"footnotes":"","_share_on_mastodon":"0"},"categories":[120],"tags":[41958,57236,60087,54690,124],"class_list":["post-198002","post","type-post","status-publish","format-standard","has-post-thumbnail","category-tunisie","tag-aviron","tag-jeux-mditerranens","tag-mdaille-de-bronze","tag-tarente","tag-tunisie"],"share_on_mastodon":{"url":"https:\/\/pubeurope.com\/@afrique\/117201085617221403","error":""},"_links":{"self":[{"href":"https:\/\/www.europesays.com\/afrique\/wp-json\/wp\/v2\/posts\/198002","targetHints":{"allow":["GET"]}}],"collection":[{"href":"https:\/\/www.europesays.com\/afrique\/wp-json\/wp\/v2\/posts"}],"about":[{"href":"https:\/\/www.europesays.com\/afrique\/wp-json\/wp\/v2\/types\/post"}],"author":[{"embeddable":true,"href":"https:\/\/www.europesays.com\/afrique\/wp-json\/wp\/v2\/users\/2"}],"replies":[{"embeddable":true,"href":"https:\/\/www.europesays.com\/afrique\/wp-json\/wp\/v2\/comments?post=198002"}],"version-history":[{"count":0,"href":"https:\/\/www.europesays.com\/afrique\/wp-json\/wp\/v2\/posts\/198002\/revisions"}],"wp:featuredmedia":[{"embeddable":true,"href":"https:\/\/www.europesays.com\/afrique\/wp-json\/wp\/v2\/media\/198003"}],"wp:attachment":[{"href":"https:\/\/www.europesays.com\/afrique\/wp-json\/wp\/v2\/media?parent=198002"}],"wp:term":[{"taxonomy":"category","embeddable":true,"href":"https:\/\/www.europesays.com\/afrique\/wp-json\/wp\/v2\/categories?post=198002"},{"taxonomy":"post_tag","embeddable":true,"href":"https:\/\/www.europesays.com\/afrique\/wp-json\/wp\/v2\/tags?post=198002"}],"curies":[{"name":"wp","href":"https:\/\/api.w.org\/{rel}","templated":true}]}}