{"id":198015,"date":"2026-09-02T11:05:22","date_gmt":"2026-09-02T11:05:22","guid":{"rendered":"https:\/\/www.europesays.com\/afrique\/198015\/"},"modified":"2026-09-02T11:05:22","modified_gmt":"2026-09-02T11:05:22","slug":"tanzanie-qui-est-deogratius-ndejembi-le-nouveau-vice-president","status":"publish","type":"post","link":"https:\/\/www.europesays.com\/afrique\/198015\/","title":{"rendered":"Tanzanie : qui est Deogratius Ndejembi, le nouveau vice-pr\u00e9sident ?"},"content":{"rendered":"<p><img loading=\"lazy\" decoding=\"async\" width=\"696\" height=\"392\" class=\"entry-thumb\" src=\"https:\/\/www.europesays.com\/afrique\/wp-content\/uploads\/2026\/09\/deogratius-ndejembi-696x392.webp\"   alt=\"Tanzanie : qui est Deogratius Ndejembi, le nouveau vice-pr\u00e9sident ?\" title=\"Deogratius Ndejembi\"\/>Deogratius Ndejembi<\/p>\n<p>Deogratius John Ndejembi est d\u00e9sormais le nouveau vice-pr\u00e9sident de la Tanzanie. Le Parlement l\u2019a approuv\u00e9 \u00e0 l\u2019unanimit\u00e9 ce vendredi 28 ao\u00fbt 2026, apr\u00e8s sa nomination par la pr\u00e9sidente Samia Suluhu Hassan pour succ\u00e9der \u00e0 Emmanuel Nchimbi, d\u00e9missionnaire. \u00c0 43 ans, l\u2019ancien ministre de l\u2019\u00c9nergie acc\u00e8de ainsi \u00e0 l\u2019une des plus hautes fonctions de l\u2019\u00c9tat.<\/p>\n<p>Apr\u00e8s avoir \u00e9t\u00e9 d\u00e9sign\u00e9 par le parti au pouvoir Chama Cha Mapinduzi (CCM) pour remplacer Emmanuel Nchimbi, Deogratius Ndejembi a obtenu ce vendredi, le feu vert unanime du Parlement<a href=\"https:\/\/www.afrik.com\/coton-biologique-africain-comment-les-petits-exploitants-tanzaniens-deviennent-des-champions-de-la-durabilite\" target=\"_blank\" rel=\"noopener nofollow\"> tanzanien<\/a>. Les 324 d\u00e9put\u00e9s ayant particip\u00e9 au vote ont approuv\u00e9 sa nomination, sans aucune voix contre ni bulletin nul.<\/p>\n<p>N\u00e9 le 12 juillet 1983, Deogratius John Ndejembi est originaire de la r\u00e9gion de Dodoma. Il est d\u00e9put\u00e9 de la circonscription de Chamwino sous les couleurs du CCM. Son parcours politique s\u2019est construit apr\u00e8s une premi\u00e8re exp\u00e9rience professionnelle dans le secteur priv\u00e9.<\/p>\n<p>Du secteur priv\u00e9 \u00e0 la politique<\/p>\n<p>Avant son entr\u00e9e dans l\u2019administration publique, Ndejembi a travaill\u00e9 dans plusieurs entreprises. Il a occup\u00e9 des fonctions dans la vente et le marketing, notamment chez Smile Communication, Tigo et GSM Group. Cette exp\u00e9rience dans le secteur priv\u00e9 a pr\u00e9c\u00e9d\u00e9 son entr\u00e9e dans l\u2019administration publique en 2016.<\/p>\n<p>Il a ensuite exerc\u00e9 des responsabilit\u00e9s administratives au niveau local avant d\u2019\u00eatre \u00e9lu d\u00e9put\u00e9 de <a href=\"https:\/\/en.wikipedia.org\/wiki\/Chamwino_District\" target=\"_blank\" rel=\"noopener nofollow\">Chamwino<\/a> en 2020. \u00c0 partir de 2021, il a int\u00e9gr\u00e9 le gouvernement comme vice-ministre, au sein du bureau de la pr\u00e9sidence charg\u00e9 de la gestion de la fonction publique et de la bonne gouvernance. Il a ensuite occup\u00e9 diff\u00e9rents portefeuilles minist\u00e9riels dans les domaines du travail, de la jeunesse, de l\u2019emploi et des personnes handicap\u00e9es, puis des terres, du logement et du d\u00e9veloppement des \u00e9tablissements humains.<\/p>\n<p>En 2025, Ndejembi a \u00e9t\u00e9 nomm\u00e9 ministre de l\u2019\u00c9nergie. Il occupait encore cette fonction lorsqu\u2019il a \u00e9t\u00e9 choisi par le CCM pour acc\u00e9der \u00e0 la vice-pr\u00e9sidence. Son passage par plusieurs secteurs de l\u2019administration lui a permis d\u2019acqu\u00e9rir une exp\u00e9rience diversifi\u00e9e au sein de l\u2019appareil d\u2019\u00c9tat.<\/p>\n<p>Une formation en relations internationales<\/p>\n<p>Sur le plan acad\u00e9mique, Deogratius Ndejembi est titulaire d\u2019un dipl\u00f4me en relations internationales obtenu \u00e0 l\u2019Universit\u00e9 de Lincoln, au Royaume-Uni, entre 2006 et 2009. Il a \u00e9galement obtenu un dipl\u00f4me sup\u00e9rieur aupr\u00e8s de l\u2019Institute of Administrative Management en Tanzanie.<\/p>\n<p>\u00c0 43 ans, son accession \u00e0 la vice-pr\u00e9sidence repr\u00e9sente l\u2019arriv\u00e9e d\u2019un responsable relativement jeune \u00e0 l\u2019un des principaux postes de l\u2019ex\u00e9cutif tanzanien.<\/p>\n<p>Un discours plac\u00e9 sous le signe de l\u2019unit\u00e9<\/p>\n<p>Apr\u00e8s son approbation par le Parlement, Ndejembi a insist\u00e9 sur son intention de servir l\u2019ensemble des Tanzaniens, ind\u00e9pendamment de leurs appartenances politiques. Il a affirm\u00e9 que la fonction de vice-pr\u00e9sident ne devait pas \u00eatre exerc\u00e9e au seul b\u00e9n\u00e9fice des membres du CCM, mais au service de tous les citoyens.<\/p>\n<p>Il a \u00e9galement d\u00e9clar\u00e9 vouloir travailler dans l\u2019int\u00e9r\u00eat national et \u00e9viter les divisions fond\u00e9es sur les id\u00e9ologies politiques. Son discours intervient alors qu\u2019il succ\u00e8de \u00e0 <a href=\"https:\/\/www.afrik.com\/tanzanie-emmanuel-nchimbi-exclu-du-ccm-apres-sa-demission\" target=\"_blank\" rel=\"noopener nofollow\">Emmanuel Nchimbi<\/a>, dont la d\u00e9mission, annonc\u00e9e pour le 4 septembre, a provoqu\u00e9 un changement \u00e0 la t\u00eate de la vice-pr\u00e9sidence en moins d\u2019un an.<\/p>\n","protected":false},"excerpt":{"rendered":"Deogratius Ndejembi Deogratius John Ndejembi est d\u00e9sormais le nouveau vice-pr\u00e9sident de la Tanzanie. Le Parlement l\u2019a approuv\u00e9 \u00e0&hellip;\n","protected":false},"author":2,"featured_media":198016,"comment_status":"","ping_status":"","sticky":false,"template":"","format":"standard","meta":{"footnotes":"","_share_on_mastodon":"0"},"categories":[185],"tags":[126,304],"class_list":["post-198015","post","type-post","status-publish","format-standard","has-post-thumbnail","category-tanzanie","tag-politique","tag-tanzanie"],"share_on_mastodon":{"url":"https:\/\/pubeurope.com\/@afrique\/117201124066441417","error":""},"_links":{"self":[{"href":"https:\/\/www.europesays.com\/afrique\/wp-json\/wp\/v2\/posts\/198015","targetHints":{"allow":["GET"]}}],"collection":[{"href":"https:\/\/www.europesays.com\/afrique\/wp-json\/wp\/v2\/posts"}],"about":[{"href":"https:\/\/www.europesays.com\/afrique\/wp-json\/wp\/v2\/types\/post"}],"author":[{"embeddable":true,"href":"https:\/\/www.europesays.com\/afrique\/wp-json\/wp\/v2\/users\/2"}],"replies":[{"embeddable":true,"href":"https:\/\/www.europesays.com\/afrique\/wp-json\/wp\/v2\/comments?post=198015"}],"version-history":[{"count":0,"href":"https:\/\/www.europesays.com\/afrique\/wp-json\/wp\/v2\/posts\/198015\/revisions"}],"wp:featuredmedia":[{"embeddable":true,"href":"https:\/\/www.europesays.com\/afrique\/wp-json\/wp\/v2\/media\/198016"}],"wp:attachment":[{"href":"https:\/\/www.europesays.com\/afrique\/wp-json\/wp\/v2\/media?parent=198015"}],"wp:term":[{"taxonomy":"category","embeddable":true,"href":"https:\/\/www.europesays.com\/afrique\/wp-json\/wp\/v2\/categories?post=198015"},{"taxonomy":"post_tag","embeddable":true,"href":"https:\/\/www.europesays.com\/afrique\/wp-json\/wp\/v2\/tags?post=198015"}],"curies":[{"name":"wp","href":"https:\/\/api.w.org\/{rel}","templated":true}]}}