{"id":198064,"date":"2026-09-02T11:55:56","date_gmt":"2026-09-02T11:55:56","guid":{"rendered":"https:\/\/www.europesays.com\/afrique\/198064\/"},"modified":"2026-09-02T11:55:56","modified_gmt":"2026-09-02T11:55:56","slug":"tanzanie-emmanuel-nchimbi-exclu-du-ccm-apres-sa-demission","status":"publish","type":"post","link":"https:\/\/www.europesays.com\/afrique\/198064\/","title":{"rendered":"Tanzanie : Emmanuel Nchimbi exclu du CCM apr\u00e8s sa d\u00e9mission"},"content":{"rendered":"<p><img loading=\"lazy\" decoding=\"async\" width=\"696\" height=\"392\" class=\"entry-thumb\" src=\"https:\/\/www.europesays.com\/afrique\/wp-content\/uploads\/2026\/09\/emmanuel-nchimbi-vice-president-demissionnaire-de-la-tanzanie-696x392.jpeg\"   alt=\"Emmanuel Nchimbi, Vice-pr\u00e9sident d\u00e9missionnaire de la Tanzanie\" title=\"Emmanuel Nchimbi, Vice-pr\u00e9sident d\u00e9missionnaire de la Tanzanie\"\/>Emmanuel Nchimbi, Vice-pr\u00e9sident d\u00e9missionnaire de la Tanzanie<\/p>\n<p>La crise au sommet du pouvoir tanzanien prend une nouvelle tournure. \u00c0 peine Emmanuel Nchimbi avait-il annonc\u00e9 qu\u2019il d\u00e9missionnerait de la vice-pr\u00e9sidence que Chama cha Mapinduzi (CCM), le parti au pouvoir, d\u00e9cidait de l\u2019exclure de ses rangs. Une sanction pour \u00ab indiscipline \u00bb, selon la direction du parti, qui a dans la foul\u00e9e propos\u00e9 le ministre de l\u2019\u00c9nergie, Deogratius Ndejembi, pour lui succ\u00e9der.<\/p>\n<p>La chronologie interpelle. <a href=\"https:\/\/www.afrik.com\/tanzanie-samia-suluhu-hassan-a-t-elle-vire-le-vice-president-emmanuel-nchimbi\" rel=\"nofollow noopener\" target=\"_blank\">Emmanuel Nchimbi avait annonc\u00e9, mardi, que sa d\u00e9mission<\/a> prendrait effet le 4 septembre 2026, apr\u00e8s que la Pr\u00e9sidente Samia Suluhu Hassan eut accept\u00e9 son d\u00e9part. Il avait assur\u00e9 vouloir rester un \u00ab bon citoyen \u00bb et expliqu\u00e9 sa d\u00e9cision par sa volont\u00e9 de respecter le souhait de la cheffe de l\u2019\u00c9tat. Vingt-quatre heures plus tard, le parti dont il \u00e9tait encore membre l\u2019a pourtant sanctionn\u00e9 pour \u00ab\u00a0indiscipline\u00a0\u00bb, \u00e0 en croire Asha-Rose Migiro, secr\u00e9taire g\u00e9n\u00e9rale du CCM.<\/p>\n<p>Une succession r\u00e9gl\u00e9e en quelques heures<\/p>\n<p>Le CCM n\u2019a pas seulement sanctionn\u00e9 Emmanuel Nchimbi. Il a aussi rapidement pr\u00e9par\u00e9 la suite. Son choix s\u2019est port\u00e9 sur <a href=\"https:\/\/www.afrik.com\/tanzanie-avec-2-375-mw-de-surplus-les-voisins-se-bousculent-a-la-porte\" rel=\"nofollow noopener\" target=\"_blank\">Deogratius Ndejembi<\/a>, actuel ministre de l\u2019\u00c9nergie et d\u00e9put\u00e9 de Chamwino, dont le nom doit suivre la proc\u00e9dure constitutionnelle avant sa nomination effective \u00e0 la vice-pr\u00e9sidence. Cette rapidit\u00e9 donne \u00e0 l\u2019affaire une dimension politique particuli\u00e8re. Emmanuel Nchimbi quitte son poste moins d\u2019un an apr\u00e8s son entr\u00e9e en fonction, en novembre 2025. Il avait auparavant occup\u00e9 la fonction de secr\u00e9taire g\u00e9n\u00e9ral du CCM et appartenait depuis longtemps \u00e0 l\u2019appareil politique du parti.<\/p>\n<p>La d\u00e9mission du vice-pr\u00e9sident n\u2019\u00e9tait pas totalement sortie de nulle part. Des divergences avaient \u00e9t\u00e9 rapport\u00e9es entre Emmanuel Nchimbi et Samia Suluhu Hassan sur des questions de gouvernance et sur la mani\u00e8re dont les autorit\u00e9s avaient g\u00e9r\u00e9 les manifestations post\u00e9lectorales de 2025. Le 24 juillet, lors de l\u2019assembl\u00e9e g\u00e9n\u00e9rale de la Coalition des d\u00e9fenseurs des droits de l\u2019homme en Tanzanie (THRDC, en anglais) \u00e0 Dar es-Salaam, Emmanuel Nchimbi avait \u00e9mis l\u2019id\u00e9e d\u2019une r\u00e9forme constitutionnelle, une prise de position qui n\u2019avait pas \u00e9t\u00e9 du go\u00fbt de sa famille politique.<\/p>\n<p>Les propos du Vice-pr\u00e9sident avaient une r\u00e9sonance particuli\u00e8re au regard du contexte politique d\u00e9j\u00e0 particuli\u00e8rement sensible. En effet, la pr\u00e9sidentielle d\u2019octobre 2025, <a href=\"https:\/\/www.afrik.com\/tanzanie-samia-suluhu-hassan-reelue-avec-97-66-des-voix\" rel=\"nofollow noopener\" target=\"_blank\">remport\u00e9e officiellement par Samia Hassan avec pr\u00e8s de 98 % des voix<\/a>, avait \u00e9t\u00e9 suivie de violences meurtri\u00e8res. Une commission d\u2019enqu\u00eate mise en place par le gouvernement a recens\u00e9 au moins 518 morts, un bilan contest\u00e9 par l\u2019opposition, qui estime le nombre r\u00e9el de victimes beaucoup plus \u00e9lev\u00e9. Apr\u00e8s avoir re\u00e7u le rapport d\u2019enqu\u00eate, Samia Suluhu Hassan avait appel\u00e9 en avril dernier \u00e0 l\u2019apaisement.<\/p>\n<p>L\u2019image de stabilit\u00e9 du CCM est d\u00e9sormais \u00e9corn\u00e9e<\/p>\n<p>Depuis l\u2019ind\u00e9pendance de la Tanzanie en 1961, le CCM domine sans interruption la vie politique du pays. Cette long\u00e9vit\u00e9 s\u2019est accompagn\u00e9e d\u2019une r\u00e9putation de stabilit\u00e9 qui tranche avec les crises politiques observ\u00e9es dans plusieurs autres \u00c9tats de la r\u00e9gion.<\/p>\n<p>L\u2019affaire Nchimbi vient cependant fragiliser quelque peu cette image. Un Vice-pr\u00e9sident qui d\u00e9missionne, presque pouss\u00e9 vers la sortie avant d\u2019\u00eatre exclu du parti, sur fond de d\u00e9saccords suppos\u00e9s avec la Pr\u00e9sidente, constitue un \u00e9v\u00e9nement inhabituel dans un syst\u00e8me o\u00f9 la discipline interne du CCM a longtemps \u00e9t\u00e9 l\u2019une des cl\u00e9s de sa solidit\u00e9.<\/p>\n<p>Pour l\u2019instant, les raisons pr\u00e9cises de la rupture restent en partie dans le flou. Mais la rapidit\u00e9 avec laquelle les \u00e9v\u00e9nements se sont succ\u00e9d\u00e9 retient forc\u00e9ment l\u2019attention : d\u00e9mission, exclusion, succession, trois \u00e9tapes franchies en quelques heures seulement. Avec la d\u00e9signation de Deogratius Ndejembi, Samia Suluhu Hassan a d\u00e9j\u00e0 tourn\u00e9 la page Nchimbi.<\/p>\n","protected":false},"excerpt":{"rendered":"Emmanuel Nchimbi, Vice-pr\u00e9sident d\u00e9missionnaire de la Tanzanie La crise au sommet du pouvoir tanzanien prend une nouvelle tournure.&hellip;\n","protected":false},"author":2,"featured_media":198065,"comment_status":"","ping_status":"","sticky":false,"template":"","format":"standard","meta":{"footnotes":"","_share_on_mastodon":"0"},"categories":[185],"tags":[126,304],"class_list":["post-198064","post","type-post","status-publish","format-standard","has-post-thumbnail","category-tanzanie","tag-politique","tag-tanzanie"],"share_on_mastodon":{"url":"https:\/\/pubeurope.com\/@afrique\/117201324289146013","error":""},"_links":{"self":[{"href":"https:\/\/www.europesays.com\/afrique\/wp-json\/wp\/v2\/posts\/198064","targetHints":{"allow":["GET"]}}],"collection":[{"href":"https:\/\/www.europesays.com\/afrique\/wp-json\/wp\/v2\/posts"}],"about":[{"href":"https:\/\/www.europesays.com\/afrique\/wp-json\/wp\/v2\/types\/post"}],"author":[{"embeddable":true,"href":"https:\/\/www.europesays.com\/afrique\/wp-json\/wp\/v2\/users\/2"}],"replies":[{"embeddable":true,"href":"https:\/\/www.europesays.com\/afrique\/wp-json\/wp\/v2\/comments?post=198064"}],"version-history":[{"count":0,"href":"https:\/\/www.europesays.com\/afrique\/wp-json\/wp\/v2\/posts\/198064\/revisions"}],"wp:featuredmedia":[{"embeddable":true,"href":"https:\/\/www.europesays.com\/afrique\/wp-json\/wp\/v2\/media\/198065"}],"wp:attachment":[{"href":"https:\/\/www.europesays.com\/afrique\/wp-json\/wp\/v2\/media?parent=198064"}],"wp:term":[{"taxonomy":"category","embeddable":true,"href":"https:\/\/www.europesays.com\/afrique\/wp-json\/wp\/v2\/categories?post=198064"},{"taxonomy":"post_tag","embeddable":true,"href":"https:\/\/www.europesays.com\/afrique\/wp-json\/wp\/v2\/tags?post=198064"}],"curies":[{"name":"wp","href":"https:\/\/api.w.org\/{rel}","templated":true}]}}