{"id":198073,"date":"2026-09-02T12:07:07","date_gmt":"2026-09-02T12:07:07","guid":{"rendered":"https:\/\/www.europesays.com\/afrique\/198073\/"},"modified":"2026-09-02T12:07:07","modified_gmt":"2026-09-02T12:07:07","slug":"une-vingtaine-de-morts-dans-un-accident-de-bus-dans-le-sinai-en-egypte","status":"publish","type":"post","link":"https:\/\/www.europesays.com\/afrique\/198073\/","title":{"rendered":"Une vingtaine de morts dans un accident de bus dans le Sina\u00ef, en \u00c9gypte"},"content":{"rendered":"<p class=\"c-paragraph\">Un accident de bus dans la p\u00e9ninsule du Sina\u00ef, en \u00c9gypte, a fait 22 morts et 28 bless\u00e9s mercredi, selon un nouveau bilan du minist\u00e8re de la Sant\u00e9, dans un pays aux infrastructures v\u00e9tustes o\u00f9 les morts de la route sont nombreux.<\/p>\n<p class=\"c-paragraph\">Dix Jordaniens figurent parmi les victimes, a rapport\u00e9 la cha\u00eene officielle jordanienne Al-Mamlaka, pr\u00e9cisant que le v\u00e9hicule transportait au total 43 personnes, dont 22 ressortissants de Jordanie.<\/p>\n<p class=\"c-paragraph\">L\u2019accident s\u2019est produit sur la route reliant les villes touristiques de Dahab et Nuweiba. Vingt ambulances ont \u00e9t\u00e9 d\u00e9p\u00each\u00e9es sur place pour \u00e9vacuer les bless\u00e9s et leur prodiguer les premiers soins, a ajout\u00e9 le minist\u00e8re \u00e9gyptien. Le pr\u00e9c\u00e9dent bilan faisait \u00e9tat de 16 morts.<\/p>\n<p class=\"c-paragraph\">Les causes n\u2019ont pas \u00e9t\u00e9 d\u00e9voil\u00e9es.<\/p>\n<p class=\"c-paragraph\">Des images de l\u2019AFP montrent l\u2019autocar renvers\u00e9 ainsi que des d\u00e9bris \u00e9parpill\u00e9s le long de la route.<\/p>\n<p class=\"c-paragraph\">La r\u00e9gion est une destination touristique r\u00e9put\u00e9e pour sa biodiversit\u00e9 marine, ses paysages naturels et ses sentiers de randonn\u00e9e en montagne.<\/p>\n<p class=\"c-paragraph\">De tels accidents sont fr\u00e9quents en \u00c9gypte et sont souvent attribu\u00e9s aux comportements dangereux au volant, au mauvais entretien des v\u00e9hicules et routes et \u00e0 une application in\u00e9gale du code de la route.<\/p>\n<p class=\"c-paragraph\">L\u2019an dernier, pr\u00e8s de 6000 personnes ont \u00e9t\u00e9 tu\u00e9es \u00e0 travers le pays, selon l\u2019agence \u00e9gyptienne des statistiques.<\/p>\n<p class=\"c-paragraph\">Le mois dernier, au moins 18 personnes, dont une majorit\u00e9 d\u2019adolescents, ont p\u00e9ri dans un accident entre deux camionnettes qui transportaient des ouvriers agricoles dans le nord de l\u2019\u00c9gypte.<\/p>\n","protected":false},"excerpt":{"rendered":"Un accident de bus dans la p\u00e9ninsule du Sina\u00ef, en \u00c9gypte, a fait 22 morts et 28 bless\u00e9s&hellip;\n","protected":false},"author":2,"featured_media":198074,"comment_status":"","ping_status":"","sticky":false,"template":"","format":"standard","meta":{"footnotes":"","_share_on_mastodon":"0"},"categories":[122],"tags":[56587,4093,265,1072,139,60096,57919,7349,60097],"class_list":["post-198073","post","type-post","status-publish","format-standard","has-post-thumbnail","category-egypte","tag-business-news","tag-cairo","tag-economy","tag-egypt","tag-egypte","tag-egyptian","tag-emea","tag-middle-east","tag-middle-east-and-north-africa"],"share_on_mastodon":{"url":"https:\/\/pubeurope.com\/@afrique\/117201367301324625","error":""},"_links":{"self":[{"href":"https:\/\/www.europesays.com\/afrique\/wp-json\/wp\/v2\/posts\/198073","targetHints":{"allow":["GET"]}}],"collection":[{"href":"https:\/\/www.europesays.com\/afrique\/wp-json\/wp\/v2\/posts"}],"about":[{"href":"https:\/\/www.europesays.com\/afrique\/wp-json\/wp\/v2\/types\/post"}],"author":[{"embeddable":true,"href":"https:\/\/www.europesays.com\/afrique\/wp-json\/wp\/v2\/users\/2"}],"replies":[{"embeddable":true,"href":"https:\/\/www.europesays.com\/afrique\/wp-json\/wp\/v2\/comments?post=198073"}],"version-history":[{"count":0,"href":"https:\/\/www.europesays.com\/afrique\/wp-json\/wp\/v2\/posts\/198073\/revisions"}],"wp:featuredmedia":[{"embeddable":true,"href":"https:\/\/www.europesays.com\/afrique\/wp-json\/wp\/v2\/media\/198074"}],"wp:attachment":[{"href":"https:\/\/www.europesays.com\/afrique\/wp-json\/wp\/v2\/media?parent=198073"}],"wp:term":[{"taxonomy":"category","embeddable":true,"href":"https:\/\/www.europesays.com\/afrique\/wp-json\/wp\/v2\/categories?post=198073"},{"taxonomy":"post_tag","embeddable":true,"href":"https:\/\/www.europesays.com\/afrique\/wp-json\/wp\/v2\/tags?post=198073"}],"curies":[{"name":"wp","href":"https:\/\/api.w.org\/{rel}","templated":true}]}}