{"id":198173,"date":"2026-09-02T14:19:07","date_gmt":"2026-09-02T14:19:07","guid":{"rendered":"https:\/\/www.europesays.com\/afrique\/198173\/"},"modified":"2026-09-02T14:19:07","modified_gmt":"2026-09-02T14:19:07","slug":"cote-divoire-le-gouvernement-renforce-son-partenariat-avec-mistral-pour-accelerer-lessor-de-lintelligence-artificielle","status":"publish","type":"post","link":"https:\/\/www.europesays.com\/afrique\/198173\/","title":{"rendered":"C\u00f4te d\u2019Ivoire : Le gouvernement renforce son partenariat avec Mistral pour acc\u00e9l\u00e9rer l\u2019essor de l\u2019intelligence artificielle"},"content":{"rendered":"<p style=\"text-align: justify;\">La C\u00f4te d\u2019Ivoire veut franchir un nouveau cap dans le d\u00e9veloppement de l\u2019intelligence artificielle. Le minist\u00e8re de la Transition num\u00e9rique et de l\u2019Innovation technologique et Mistral, acteur europ\u00e9en de l\u2019IA, ont conclu un partenariat strat\u00e9gique pour \u00e9valuer l\u2019\u00e9cosyst\u00e8me ivoirien et identifier des solutions adapt\u00e9es aux besoins de l\u2019\u00c9tat, des entreprises et des populations.<\/p>\n<p style=\"text-align: justify;\">La C\u00f4te d\u2019Ivoire poursuit sa transformation num\u00e9rique. Le 17 ao\u00fbt 2026 \u00e0 Abidjan, le minist\u00e8re de la Transition num\u00e9rique et de l\u2019Innovation technologique (MTNIT),Djibril Ouattara, a sign\u00e9 un partenariat avec Mistral, entreprise europ\u00e9enne sp\u00e9cialis\u00e9e dans l\u2019intelligence artificielle.<\/p>\n<p style=\"text-align: justify;\">Cette collaboration doit permettre au pays de mieux structurer son \u00e9cosyst\u00e8me national de l\u2019IA et de pr\u00e9parer le d\u00e9ploiement de solutions r\u00e9pondant aux priorit\u00e9s ivoiriennes. Le partenariat pr\u00e9voit notamment la r\u00e9alisation d\u2019une \u00e9tude et d\u2019un audit strat\u00e9gique de l\u2019\u00e9cosyst\u00e8me national de l\u2019intelligence artificielle.<\/p>\n<p style=\"text-align: justify;\">Les travaux devront permettre d\u2019identifier les principaux acteurs du secteur, d\u2019\u00e9valuer les ressources disponibles et d\u2019analyser les donn\u00e9es ainsi que les infrastructures existantes. L\u2019objectif sera \u00e9galement de d\u00e9terminer les domaines dans lesquels l\u2019intelligence artificielle pourrait apporter des r\u00e9ponses concr\u00e8tes aux besoins du pays. Plusieurs secteurs prioritaires sont concern\u00e9s, notamment l\u2019administration publique, la sant\u00e9, l\u2019\u00e9ducation, l\u2019agriculture et les services destin\u00e9s aux populations.<\/p>\n<p>Lire \u00e9galement \ud83d\udc49<a href=\"https:\/\/burkina24.com\/2022\/12\/02\/intelligence-artificielle-un-burkinabe-vivant-au-japon-honore-en-cote-divoire\/\" target=\"_blank\" rel=\"noopener nofollow\">Intelligence artificielle : Un Burkinab\u00e8 vivant au Japon honor\u00e9 en C\u00f4te d\u2019Ivoire<\/a><\/p>\n<p style=\"text-align: justify;\">\u00c0 l\u2019issue de cette \u00e9tude, une feuille de route op\u00e9rationnelle devrait d\u00e9finir les conditions n\u00e9cessaires au d\u00e9ploiement de solutions d\u2019IA et favoriser la mise en \u0153uvre de projets pilotes \u00e0 fort impact. Pour tenir compte des r\u00e9alit\u00e9s du march\u00e9 ivoirien, Mistral travaillera avec Artefact C\u00f4te d\u2019Ivoire, entit\u00e9 locale du groupe Artefact, sp\u00e9cialis\u00e9 dans le conseil en data et en intelligence artificielle.<\/p>\n<p style=\"text-align: justify;\">Cette collaboration doit permettre de combiner expertise technologique et connaissance du contexte local afin d\u2019accompagner efficacement le d\u00e9veloppement de l\u2019\u00e9cosyst\u00e8me ivoirien de l\u2019IA. Ce partenariat s\u2019inscrit dans la politique de transformation num\u00e9rique engag\u00e9e par le gouvernement ivoirien. Il vient notamment soutenir le pilier consacr\u00e9 \u00e0 l\u2019intelligence artificielle de la Feuille de Route Num\u00e9rique 2026-2028, qui compte 40 projets structurants.<\/p>\n<p style=\"text-align: justify;\">La d\u00e9marche rejoint \u00e9galement les ambitions du Plan national de d\u00e9veloppement (PND) 2026-2030, qui mise sur la technologie pour moderniser l\u2019action publique et renforcer la comp\u00e9titivit\u00e9 de l\u2019\u00e9conomie nationale. Les conclusions de l\u2019audit doivent \u00e9galement alimenter les r\u00e9flexions de la conf\u00e9rence \u00ab IMPACT IA \u00bb, pr\u00e9vue du 9 au 11 septembre 2026 \u00e0 Abidjan.<\/p>\n<p style=\"text-align: justify;\">Organis\u00e9e par le MTNIT \u00e0 Latrille Events, sous le haut patronage du Premier ministre, la rencontre devrait r\u00e9unir pr\u00e8s de 200 d\u00e9cideurs publics et priv\u00e9s, ainsi que des partenaires internationaux. Les \u00e9changes porteront notamment sur les applications concr\u00e8tes de l\u2019intelligence artificielle dans des domaines tels que l\u2019administration, l\u2019agriculture, la sant\u00e9 et l\u2019\u00e9ducation.<\/p>\n<p style=\"text-align: justify;\">\u00c0 travers ce partenariat avec Mistral, la C\u00f4te d\u2019Ivoire entend ainsi passer de la strat\u00e9gie \u00e0 la mise en \u0153uvre concr\u00e8te de l\u2019IA, avec l\u2019ambition d\u2019am\u00e9liorer les services publics, d\u2019accompagner les entreprises et de mettre la technologie au service du d\u00e9veloppement national.<\/p>\n","protected":false},"excerpt":{"rendered":"La C\u00f4te d\u2019Ivoire veut franchir un nouveau cap dans le d\u00e9veloppement de l\u2019intelligence artificielle. Le minist\u00e8re de la&hellip;\n","protected":false},"author":2,"featured_media":198174,"comment_status":"","ping_status":"","sticky":false,"template":"","format":"standard","meta":{"footnotes":"","_share_on_mastodon":"0"},"categories":[154],"tags":[242,243,216,245,250,249,7,252,251,127,133,248,126,28,244,115,46,246,247],"class_list":["post-198173","post","type-post","status-publish","format-standard","has-post-thumbnail","category-cote-divoire","tag-actualites","tag-burkina","tag-cote-divoire","tag-culture","tag-direct","tag-divertissement","tag-economie","tag-ibrahim-traore","tag-info","tag-international","tag-monde","tag-mondial-foot","tag-politique","tag-reportages","tag-securite","tag-societe","tag-sport","tag-terrorisme","tag-world-cup"],"share_on_mastodon":{"url":"https:\/\/pubeurope.com\/@afrique\/117201886360760591","error":""},"_links":{"self":[{"href":"https:\/\/www.europesays.com\/afrique\/wp-json\/wp\/v2\/posts\/198173","targetHints":{"allow":["GET"]}}],"collection":[{"href":"https:\/\/www.europesays.com\/afrique\/wp-json\/wp\/v2\/posts"}],"about":[{"href":"https:\/\/www.europesays.com\/afrique\/wp-json\/wp\/v2\/types\/post"}],"author":[{"embeddable":true,"href":"https:\/\/www.europesays.com\/afrique\/wp-json\/wp\/v2\/users\/2"}],"replies":[{"embeddable":true,"href":"https:\/\/www.europesays.com\/afrique\/wp-json\/wp\/v2\/comments?post=198173"}],"version-history":[{"count":0,"href":"https:\/\/www.europesays.com\/afrique\/wp-json\/wp\/v2\/posts\/198173\/revisions"}],"wp:featuredmedia":[{"embeddable":true,"href":"https:\/\/www.europesays.com\/afrique\/wp-json\/wp\/v2\/media\/198174"}],"wp:attachment":[{"href":"https:\/\/www.europesays.com\/afrique\/wp-json\/wp\/v2\/media?parent=198173"}],"wp:term":[{"taxonomy":"category","embeddable":true,"href":"https:\/\/www.europesays.com\/afrique\/wp-json\/wp\/v2\/categories?post=198173"},{"taxonomy":"post_tag","embeddable":true,"href":"https:\/\/www.europesays.com\/afrique\/wp-json\/wp\/v2\/tags?post=198173"}],"curies":[{"name":"wp","href":"https:\/\/api.w.org\/{rel}","templated":true}]}}