{"id":198214,"date":"2026-09-02T15:03:11","date_gmt":"2026-09-02T15:03:11","guid":{"rendered":"https:\/\/www.europesays.com\/afrique\/198214\/"},"modified":"2026-09-02T15:03:11","modified_gmt":"2026-09-02T15:03:11","slug":"tourisme-et-voyages-journalistes-influenceurs-et-voyagistes-bresiliens-en-immersion-en-cote-divoire","status":"publish","type":"post","link":"https:\/\/www.europesays.com\/afrique\/198214\/","title":{"rendered":"Tourisme et voyages : Journalistes, influenceurs et voyagistes br\u00e9siliens en immersion en C\u00f4te d\u2019Ivoire"},"content":{"rendered":"<p>Jennifer Flora Curcio, directrice du Bureau du Tourisme et des Loisirs de Rio de Janeiro et Siandou Fofana, ministre du Tourisme et des Loisirs<\/p>\n<p>\n                La C\u00f4te d&rsquo;Ivoire veut renforcer sa pr\u00e9sence sur le march\u00e9 touristique br\u00e9silien. Du 4 au 11 septembre 2026, une d\u00e9l\u00e9gation de journalistes, d&rsquo;influenceurs, de voyagistes et de repr\u00e9sentants institutionnels br\u00e9siliens s\u00e9journera en C\u00f4te d&rsquo;Ivoire dans le cadre d&rsquo;un voyage de familiarisation et de promotion organis\u00e9 par la TAAG Linhas A\u00e9reas de Angola, en partenariat avec le minist\u00e8re du Tourisme et des Loisirs et son Bureau du Tourisme et des Loisirs au Br\u00e9sil.\n            <\/p>\n<p>                    La \u00ab Sublime C\u00f4te d\u2019Ivoire \u00bb poursuit son offensive sur les march\u00e9s internationaux. Apr\u00e8s plusieurs initiatives de promotion \u00e0 l\u2019\u00e9tranger, la destination ivoirienne entend d\u00e9sormais mieux se faire conna\u00eetre aupr\u00e8s du public br\u00e9silien, en s\u2019appuyant notamment sur la nouvelle desserte a\u00e9rienne S\u00e3o Paulo-Luanda-Abidjan, inaugur\u00e9e le 4 avril 2026.<br \/>\n        Cette connexion constitue l\u2019un des principaux leviers de cette nouvelle strat\u00e9gie de conqu\u00eate du march\u00e9 latino-am\u00e9ricain. Elle facilite les d\u00e9placements entre le Br\u00e9sil et l\u2019Afrique de l\u2019Ouest et offre \u00e0 la C\u00f4te d\u2019Ivoire une nouvelle fen\u00eatre sur un pays de plus de 200 millions d\u2019habitants, particuli\u00e8rement connu pour son int\u00e9r\u00eat pour le football, la culture, la musique et les voyages.<\/p>\n<p>Cinq jours au c\u0153ur de la destination ivoirienne<\/p>\n<p>Au cours de leur s\u00e9jour, les professionnels et repr\u00e9sentants des m\u00e9dias br\u00e9siliens auront droit \u00e0 cinq jours d\u2019immersion dans l\u2019univers touristique ivoirien. Le programme pr\u00e9voit des visites techniques d\u2019infrastructures touristiques et h\u00f4teli\u00e8res, des rencontres professionnelles avec les acteurs du secteur, ainsi que des d\u00e9couvertes culturelles, gastronomiques et patrimoniales.<\/p>\n<p>La d\u00e9l\u00e9gation pourra \u00e9galement appr\u00e9cier la diversit\u00e9 des paysages ivoiriens, des lagunes au littoral, en passant par les savanes et les espaces forestiers. Une mani\u00e8re de pr\u00e9senter une destination qui ne se r\u00e9sume pas \u00e0 son potentiel baln\u00e9aire, mais qui entend valoriser la richesse de son patrimoine, sa gastronomie et son offre de loisirs.<\/p>\n<p>Selon Jennifer Flora Curcio, directrice du Bureau du Tourisme et des Loisirs de Rio de Janeiro, cette op\u00e9ration est le fruit d\u2019un travail pr\u00e9paratoire men\u00e9 avec les diff\u00e9rentes parties prenantes ivoiriennes. Des \u00e9changes ont notamment \u00e9t\u00e9 engag\u00e9s avec le Conseil national du tourisme (CNT) et les organisations professionnelles du secteur.<\/p>\n<p>Le circuit d\u00e9butera le 4 septembre \u00e0 S\u00e3o Paulo par un vol de la TAAG \u00e0 destination d\u2019Abidjan via Luanda. Apr\u00e8s leur s\u00e9jour en C\u00f4te d\u2019Ivoire, les participants rejoindront Luanda le 10 septembre, o\u00f9 ils passeront une nuit avant de poursuivre leur voyage vers S\u00e3o Paulo le 11 septembre.<\/p>\n<p>Abidjan, une porte d\u2019entr\u00e9e vers l\u2019Afrique de l\u2019Ouest<\/p>\n<p>Au-del\u00e0 de la promotion touristique, cette initiative entend mettre en lumi\u00e8re le positionnement d\u2019Abidjan comme plateforme r\u00e9gionale. La capitale \u00e9conomique ivoirienne dispose d\u2019un r\u00e9seau h\u00f4telier, d\u2019infrastructures de transport et d\u2019une offre de loisirs susceptibles de r\u00e9pondre aux attentes d\u2019une client\u00e8le internationale, mais \u00e9galement aux besoins des voyageurs d\u2019affaires.<\/p>\n<p>La desserte S\u00e3o Paulo-Luanda-Abidjan appara\u00eet ainsi comme un outil de rapprochement entre deux espaces g\u00e9ographiques longtemps \u00e9loign\u00e9s. Elle ouvre des perspectives aussi bien pour le tourisme que pour les \u00e9changes \u00e9conomiques et culturels.<\/p>\n<p>La C\u00f4te d\u2019Ivoire entend par ailleurs capitaliser sur sa visibilit\u00e9 acquise lors de grands rendez-vous internationaux. La Coupe d\u2019Afrique des nations (CAN) 2024, organis\u00e9e sur son territoire, a notamment contribu\u00e9 \u00e0 renforcer son exposition aupr\u00e8s des publics \u00e9trangers. Dans un pays o\u00f9 le football occupe une place centrale, cette visibilit\u00e9 peut constituer un atout pour toucher le march\u00e9 br\u00e9silien.<\/p>\n<p>Un march\u00e9 latino-am\u00e9ricain \u00e0 conqu\u00e9rir<\/p>\n<p>Avec ce Famtrip et Presstour, l\u2019enjeu est d\u00e9sormais de transformer la curiosit\u00e9 en flux touristiques. Les journalistes et influenceurs invit\u00e9s auront pour mission de relayer leur exp\u00e9rience, tandis que les voyagistes pourront mieux appr\u00e9hender l\u2019offre ivoirienne et envisager son int\u00e9gration dans leurs circuits.<\/p>\n<p>Pour la C\u00f4te d\u2019Ivoire, l\u2019ouverture vers le Br\u00e9sil s\u2019inscrit donc dans une d\u00e9marche plus large de diversification des march\u00e9s touristiques. En associant connectivit\u00e9 a\u00e9rienne, promotion m\u00e9diatique, rencontres professionnelles et d\u00e9couverte de son patrimoine, le pays cherche \u00e0 faire de ses atouts touristiques un v\u00e9ritable argument de rayonnement international.<\/p>\n<p>\u00c0 travers la liaison S\u00e3o Paulo-Luanda-Abidjan, la destination ivoirienne veut ainsi renforcer ses passerelles avec l\u2019Am\u00e9rique latine et conforter Abidjan dans son r\u00f4le de carrefour touristique, \u00e9conomique et culturel en Afrique de l\u2019Ouest.<\/p>\n","protected":false},"excerpt":{"rendered":"Jennifer Flora Curcio, directrice du Bureau du Tourisme et des Loisirs de Rio de Janeiro et Siandou Fofana,&hellip;\n","protected":false},"author":2,"featured_media":198215,"comment_status":"","ping_status":"","sticky":false,"template":"","format":"standard","meta":{"footnotes":"","_share_on_mastodon":"0"},"categories":[154],"tags":[6,3610,722,216,723,724,368,13759,992,20486,71,9236,35033],"class_list":["post-198214","post","type-post","status-publish","format-standard","has-post-thumbnail","category-cote-divoire","tag-afrique","tag-bresiliens","tag-cote","tag-cote-divoire","tag-divoire","tag-en","tag-et","tag-immersion","tag-influenceurs","tag-journalistes","tag-tourisme","tag-voyages","tag-voyagistes"],"share_on_mastodon":{"url":"https:\/\/pubeurope.com\/@afrique\/117202059589429729","error":""},"_links":{"self":[{"href":"https:\/\/www.europesays.com\/afrique\/wp-json\/wp\/v2\/posts\/198214","targetHints":{"allow":["GET"]}}],"collection":[{"href":"https:\/\/www.europesays.com\/afrique\/wp-json\/wp\/v2\/posts"}],"about":[{"href":"https:\/\/www.europesays.com\/afrique\/wp-json\/wp\/v2\/types\/post"}],"author":[{"embeddable":true,"href":"https:\/\/www.europesays.com\/afrique\/wp-json\/wp\/v2\/users\/2"}],"replies":[{"embeddable":true,"href":"https:\/\/www.europesays.com\/afrique\/wp-json\/wp\/v2\/comments?post=198214"}],"version-history":[{"count":0,"href":"https:\/\/www.europesays.com\/afrique\/wp-json\/wp\/v2\/posts\/198214\/revisions"}],"wp:featuredmedia":[{"embeddable":true,"href":"https:\/\/www.europesays.com\/afrique\/wp-json\/wp\/v2\/media\/198215"}],"wp:attachment":[{"href":"https:\/\/www.europesays.com\/afrique\/wp-json\/wp\/v2\/media?parent=198214"}],"wp:term":[{"taxonomy":"category","embeddable":true,"href":"https:\/\/www.europesays.com\/afrique\/wp-json\/wp\/v2\/categories?post=198214"},{"taxonomy":"post_tag","embeddable":true,"href":"https:\/\/www.europesays.com\/afrique\/wp-json\/wp\/v2\/tags?post=198214"}],"curies":[{"name":"wp","href":"https:\/\/api.w.org\/{rel}","templated":true}]}}