{"id":198219,"date":"2026-09-02T15:11:14","date_gmt":"2026-09-02T15:11:14","guid":{"rendered":"https:\/\/www.europesays.com\/afrique\/198219\/"},"modified":"2026-09-02T15:11:14","modified_gmt":"2026-09-02T15:11:14","slug":"libye-une-banque-saisit-la-justice-internationale-contre-le-burkina-faso-sur-un-differend","status":"publish","type":"post","link":"https:\/\/www.europesays.com\/afrique\/198219\/","title":{"rendered":"Libye : Une banque saisit la justice internationale contre le Burkina Faso sur un diff\u00e9rend"},"content":{"rendered":"<p>\u00a0<\/p>\n<p>\u00a0<\/p>\n<p>\u00a0<\/p>\n<p>\u00a0<\/p>\n<p>        <a href=\"https:\/\/www.koaci.com\/index.php\/publicite\/redirect\/encart-1_131_173?redirect_url=https%3A%2F%2Fcoop-finance.com%2F\" target=\"_blank\" rel=\"nofollow noopener\"><br \/>\n            <img decoding=\"async\" src=\"https:\/\/www.europesays.com\/afrique\/wp-content\/uploads\/2026\/04\/1775156950_616_1_jpg_1766915908.jpg\" width=\"100%\"\/><br \/>\n        <\/a><\/p>\n<p>\u00a0<\/p>\n<p>\u00a9 Koaci.com &#8211; mercredi 02 septembre 2026 &#8211; 14:18<\/p>\n<p>Le logo de la banque et Ibrahim Traore, le Pr\u00e9sident du Burkina-Faso (ph)<\/p>\n<p>Une banque d&rsquo;investissement publique, la<a href=\"https:\/\/www.koaci.com\/recherche?search=+Libyan+Foreign+Bank\" rel=\"nofollow noopener\" target=\"_blank\"> Libyan Foreign Bank<\/a> (LFB), a saisi la<a href=\"https:\/\/www.koaci.com\/recherche?search=+justice+internationale\" rel=\"nofollow noopener\" target=\"_blank\"> justice internationale<\/a> contre le<a href=\"https:\/\/www.koaci.com\/recherche?search=+Burkina+Faso\" rel=\"nofollow noopener\" target=\"_blank\"> Burkina Faso<\/a> suite \u00e0 la nationalisation, en 2024, de leur banque commerciale d\u00e9tenue conjointement.<\/p>\n<p>La LFB a d\u00e9pos\u00e9 sa requ\u00eate le 17 ao\u00fbt \u00e0 Washington. aupr\u00e8s du Centre international pour le r\u00e8glement des<a href=\"https:\/\/www.koaci.com\/recherche?search=+diff%C3%A9rend\" rel=\"nofollow noopener\" target=\"_blank\"> diff\u00e9rend<\/a>s relatifs aux investissements (CIRDI) du Groupe de la Banque mondiale. Le CIRDI est la principale institution au monde d\u00e9di\u00e9e au r\u00e8glement des<a href=\"https:\/\/www.koaci.com\/recherche?search=+diff%C3%A9rend\" rel=\"nofollow noopener\" target=\"_blank\"> diff\u00e9rend<\/a>s relatifs aux investissements internationaux.<\/p>\n<p>Ce<a href=\"https:\/\/www.koaci.com\/recherche?search=+diff%C3%A9rend\" rel=\"nofollow noopener\" target=\"_blank\"> diff\u00e9rend<\/a> s&rsquo;inscrit dans un contexte de nationalisme \u00e9conomique sous le gouvernement du Pr\u00e9sident Ibrahim Traor\u00e9. La<a href=\"https:\/\/www.koaci.com\/recherche?search=+Libyan+Foreign+Bank\" rel=\"nofollow noopener\" target=\"_blank\"> Libyan Foreign Bank<\/a> rejette les accusations affirmant avoir respect\u00e9 l&rsquo;accord initial et la l\u00e9gislation bancaire r\u00e9gionale.<\/p>\n<p>L\u2019affaire<\/p>\n<p><\/p>\n<p>\u00a0<\/p>\n<p>Le litige porte sur la Banque commerciale du<a href=\"https:\/\/www.koaci.com\/recherche?search=+Burkina+Faso\" rel=\"nofollow noopener\" target=\"_blank\"> Burkina Faso<\/a> (BCB), cr\u00e9\u00e9e en 1997 sous forme de coentreprise \u00e0 parts \u00e9gales entre la<a href=\"https:\/\/www.koaci.com\/recherche?search=+Libyan+Foreign+Bank\" rel=\"nofollow noopener\" target=\"_blank\"> Libyan Foreign Bank<\/a> et l&rsquo;\u00c9tat burkinab\u00e8, chacun d\u00e9tenant 50 % des parts.<\/p>\n<p>La<a href=\"https:\/\/www.koaci.com\/recherche?search=+Libyan+Foreign+Bank\" rel=\"nofollow noopener\" target=\"_blank\"> Libyan Foreign Bank<\/a> conteste la nationalisation, en 2024, par le gouvernement militaire du Burkina-Faso, d&rsquo;une banque commerciale qu&rsquo;ils d\u00e9tiennent conjointement. L&rsquo;affaire, enregistr\u00e9e le 17 ao\u00fbt 2026 sous le nom de<a href=\"https:\/\/www.koaci.com\/recherche?search=+Libyan+Foreign+Bank\" rel=\"nofollow noopener\" target=\"_blank\"> Libyan Foreign Bank<\/a> c.<a href=\"https:\/\/www.koaci.com\/recherche?search=+Burkina+Faso\" rel=\"nofollow noopener\" target=\"_blank\"> Burkina Faso<\/a>, num\u00e9ro de dossier ARB(AF)\/26\/3, concerne la Banque Commerciale du<a href=\"https:\/\/www.koaci.com\/recherche?search=+Burkina+Faso\" rel=\"nofollow noopener\" target=\"_blank\"> Burkina Faso<\/a>.<\/p>\n<p>Le<a href=\"https:\/\/www.koaci.com\/recherche?search=+Burkina+Faso\" rel=\"nofollow noopener\" target=\"_blank\"> Burkina Faso<\/a> a nationalis\u00e9 l&rsquo;int\u00e9gralit\u00e9 de la banque en mai 2024, une d\u00e9cision qui a donn\u00e9 lieu \u00e0 une bataille juridique internationale. Le montant des dommages et int\u00e9r\u00eats r\u00e9clam\u00e9s par la<a href=\"https:\/\/www.koaci.com\/recherche?search=+Libyan+Foreign+Bank\" rel=\"nofollow noopener\" target=\"_blank\"> Libyan Foreign Bank<\/a> n&rsquo;a pas \u00e9t\u00e9 divulgu\u00e9s.<\/p>\n<p>Saisine<\/p>\n<p>Saisie, la justice devra d\u2019abord d\u00e9terminer sa comp\u00e9tence et ensuite d\u00e9cider si le<a href=\"https:\/\/www.koaci.com\/recherche?search=+Burkina+Faso\" rel=\"nofollow noopener\" target=\"_blank\"> Burkina Faso<\/a> a enfreint les r\u00e8gles en acceptant cette participation. Elle devra au cas \u00e9ch\u00e9ant statuer si le Burkina est tenu de verser une indemnisation. La <a href=\"https:\/\/www.koaci.com\/recherche?search=Libye\" rel=\"nofollow noopener\" target=\"_blank\">Libye<\/a> pourrait obtenir gain de cause, ou les deux parties pourraient parvenir \u00e0 un accord amiable.<\/p>\n<p><\/p>\n<p>\u00a0<\/p>\n<p>La demande de<a href=\"https:\/\/www.koaci.com\/recherche?search=+Libyan+Foreign+Bank\" rel=\"nofollow noopener\" target=\"_blank\"> Libyan Foreign Bank<\/a> vise \u00e0 \u00e9tablir une violation pr\u00e9sum\u00e9e des engagements du<a href=\"https:\/\/www.koaci.com\/recherche?search=+Burkina+Faso\" rel=\"nofollow noopener\" target=\"_blank\"> Burkina Faso<\/a> en mati\u00e8re de protection des investissements, li\u00e9e \u00e0 la perte de sa participation dans la Banque Commerciale du<a href=\"https:\/\/www.koaci.com\/recherche?search=+Burkina+Faso\" rel=\"nofollow noopener\" target=\"_blank\"> Burkina Faso<\/a>, contraignant Ouagadougou \u00e0 structurer rapidement sa d\u00e9fense juridique et financi\u00e8re<\/p>\n<p>Il est \u00e0 souligner que pendant des d\u00e9cennies, la <a href=\"https:\/\/www.koaci.com\/recherche?search=Libye\" rel=\"nofollow noopener\" target=\"_blank\">Libye<\/a> a utilis\u00e9 des institutions \u00e9tatiques et des coentreprises bilat\u00e9rales pour \u00e9tendre son influence \u00e9conomique \u00e0 travers l\u2019Afrique. La banque du<a href=\"https:\/\/www.koaci.com\/recherche?search=+Burkina+Faso\" rel=\"nofollow noopener\" target=\"_blank\"> Burkina Faso<\/a> \u00e9tait l\u2019un des fruits de cette strat\u00e9gie.<\/p>\n<p>Mensah,<\/p>\n<p>Correspondant permanent de KOACI au Ghana, Togo et Nigeria\u00a0<\/p>\n<p>&#8211; Joindre la r\u00e9daction de koaci.com (+228) 98\u00a095 28 38 ou koaci.ghana@gmail.com \u2013\u00a0<\/p>\n<p><\/p>\n<p>\u00a0<\/p>\n<p>\u00a0<\/p>\n<p>                    <img decoding=\"async\" src=\"https:\/\/www.europesays.com\/afrique\/wp-content\/uploads\/2026\/04\/1775156951_759_user0.jpg\" width=\"50\" alt=\"\" class=\"KoaciRounded\"\/><\/p>\n<p>\u00a0 Par Koaci<\/p>\n<p>\u00a0<\/p>\n<p>\u00a0<\/p>\n","protected":false},"excerpt":{"rendered":"\u00a0 \u00a0 \u00a0 \u00a0 \u00a0 \u00a9 Koaci.com &#8211; mercredi 02 septembre 2026 &#8211; 14:18 Le logo de la&hellip;\n","protected":false},"author":2,"featured_media":198220,"comment_status":"","ping_status":"","sticky":false,"template":"","format":"standard","meta":{"footnotes":"","_share_on_mastodon":"0"},"categories":[121],"tags":[281,280,409,243,862,3044,9287,7728,251,7512,441,9525,279,4751,11108,44468,125,60147,34398],"class_list":["post-198219","post","type-post","status-publish","format-standard","has-post-thumbnail","category-libye","tag-actualite","tag-article","tag-banque","tag-burkina","tag-burkina-faso","tag-contre","tag-differend","tag-faso","tag-info","tag-internationale","tag-justice","tag-justice-internationale","tag-koaci","tag-koaci-libye","tag-laffaire","tag-libyan-foreign-bank","tag-libye","tag-saisine","tag-saisit"],"share_on_mastodon":{"url":"https:\/\/pubeurope.com\/@afrique\/117202091262258052","error":""},"_links":{"self":[{"href":"https:\/\/www.europesays.com\/afrique\/wp-json\/wp\/v2\/posts\/198219","targetHints":{"allow":["GET"]}}],"collection":[{"href":"https:\/\/www.europesays.com\/afrique\/wp-json\/wp\/v2\/posts"}],"about":[{"href":"https:\/\/www.europesays.com\/afrique\/wp-json\/wp\/v2\/types\/post"}],"author":[{"embeddable":true,"href":"https:\/\/www.europesays.com\/afrique\/wp-json\/wp\/v2\/users\/2"}],"replies":[{"embeddable":true,"href":"https:\/\/www.europesays.com\/afrique\/wp-json\/wp\/v2\/comments?post=198219"}],"version-history":[{"count":0,"href":"https:\/\/www.europesays.com\/afrique\/wp-json\/wp\/v2\/posts\/198219\/revisions"}],"wp:featuredmedia":[{"embeddable":true,"href":"https:\/\/www.europesays.com\/afrique\/wp-json\/wp\/v2\/media\/198220"}],"wp:attachment":[{"href":"https:\/\/www.europesays.com\/afrique\/wp-json\/wp\/v2\/media?parent=198219"}],"wp:term":[{"taxonomy":"category","embeddable":true,"href":"https:\/\/www.europesays.com\/afrique\/wp-json\/wp\/v2\/categories?post=198219"},{"taxonomy":"post_tag","embeddable":true,"href":"https:\/\/www.europesays.com\/afrique\/wp-json\/wp\/v2\/tags?post=198219"}],"curies":[{"name":"wp","href":"https:\/\/api.w.org\/{rel}","templated":true}]}}