{"id":198255,"date":"2026-09-02T16:00:15","date_gmt":"2026-09-02T16:00:15","guid":{"rendered":"https:\/\/www.europesays.com\/afrique\/198255\/"},"modified":"2026-09-02T16:00:15","modified_gmt":"2026-09-02T16:00:15","slug":"projet-tanit-a-la-decouverte-du-tourisme-alternatif-en-tunisie","status":"publish","type":"post","link":"https:\/\/www.europesays.com\/afrique\/198255\/","title":{"rendered":"Projet TANIT : \u00e0 la d\u00e9couverte du tourisme alternatif en Tunisie"},"content":{"rendered":"<p>\u00a0<\/p>\n<p>\u00c0 l\u2019approche de la cl\u00f4ture du <a href=\"https:\/\/tanittunisia.org\/fr\" target=\"_blank\" rel=\"noopener nofollow\">projet TANIT,<\/a> soutenu par l\u2019<a href=\"https:\/\/espacemanager.com\/crise-migratoire-a-ceuta-lunion-europeenne-durcit-le-ton\/\" target=\"_blank\" rel=\"noopener nofollow\">Union europ\u00e9enne<\/a> et mis en \u0153uvre par Leaders International pour le D\u00e9veloppement \u00c9conomique, en partenariat avec Museum Lab, deux voyages de presse et de d\u00e9couverte ont \u00e9t\u00e9 organis\u00e9s les 26 et 27 ao\u00fbt 2026 dans le Nord et le Sud de la Tunisie<\/p>\n<p>\u00a0 <\/p>\n<p>\u00a0<\/p>\n<p>Ces voyages ont r\u00e9unie des repr\u00e9sentant.e.s des m\u00e9dias et des cr\u00e9ateurs.trices de contenu. Ils visent \u00e0 mettre en lumi\u00e8re les exp\u00e9riences de tourisme alternatif d\u00e9velopp\u00e9es par les acteurs locaux et les organisations de la soci\u00e9t\u00e9 civile, ainsi que leur impact sur les communaut\u00e9s, les \u00e9conomies locales et les moyens de subsistance.\u00a0<\/p>\n<p>Organis\u00e9s sous le slogan \u00ab Au-del\u00e0 des destinations\u2026 des exp\u00e9riences authentiques \u00bb, ces deux voyages s\u2019inscrivent dans le cadre des activit\u00e9s de cl\u00f4ture du projet. Ils ont permis aux participants de d\u00e9couvrir une s\u00e9lection d\u2019exp\u00e9riences touristiques locales et de rencontrer les personnes et les communaut\u00e9s qui les font vivre<\/p>\n<p>\u00a0<\/p>\n<p>\u00a0<\/p>\n<p>Ceci a pour but de permettre le partage et la documentation des histoires concr\u00e8tes illustrant le r\u00f4le du tourisme alternatif dans la cr\u00e9ation d\u2019opportunit\u00e9s \u00e9conomiques locales, la pr\u00e9servation du patrimoine culturel et naturel et le renforcement de la participation des communaut\u00e9s au d\u00e9veloppement de leurs destinations touristiques.\u00a0<\/p>\n<p>Le premier voyage a eu lieu dans le Nord. Il regroupe des visites des gouvernorats de Zaghouan, B\u00e9ja, Jendouba et Le Kef. Quant au second voyage, il a couvert plusieurs localit\u00e9s \u00e0 Djerba, M\u00e9denine et Tataouine.<\/p>\n<p>\u00a0<\/p>\n<p>\u00a0<\/p>\n<p>Au fil des deux parcours, les participant.e.s ont d\u00e9couvert une diversit\u00e9 d\u2019exp\u00e9riences li\u00e9es au tourisme \u00e9cologique, rural et culturel, au tourisme sportif et aux activit\u00e9s de plein air, ainsi qu\u2019\u00e0 l\u2019artisanat et aux produits locaux, aux arts culinaires, \u00e0 la protection de l\u2019environnement et du patrimoine, entre autres exp\u00e9riences profond\u00e9ment ancr\u00e9es dans l\u2019identit\u00e9 et les ressources propres \u00e0 chaque territoire.\u00a0<\/p>\n<p>Les visites de terrain ont particuli\u00e8rement mis en avant l\u2019impact direct du travail des organisations de la soci\u00e9t\u00e9 civile sur la vie des individus et des communaut\u00e9s locales, \u00e0 travers des exemples et des exp\u00e9riences concr\u00e8tes : <\/p>\n<p>Cr\u00e9ation d\u2019opportunit\u00e9s d\u2019emploi et de revenus.<br \/>\nSoutien aux artisan.e.s et producteurstrices locales.aux.<br \/>\nRenforcement de la participation des femmes et des jeunes.<br \/>\nD\u00e9veloppement d\u2019exp\u00e9riences touristiques port\u00e9es par les habitants eux-m\u00eames.<br \/>\nPr\u00e9servation des savoir-faire et des m\u00e9tiers traditionnels.<br \/>\nProtection des sites\u00a0 naturels et patrimoniaux.\u00a0<\/p>\n<p>\u00a0<\/p>\n<p>\u00a0<\/p>\n<p>En Tunisie, TANIT \u0153uvre \u00e0 promouvoir un mod\u00e8le de tourisme alternatif, innovant et inclusif, fond\u00e9 sur les richesses naturelles et culturelles des territoires et sur le r\u00f4le central des communaut\u00e9s locales. Les activit\u00e9s du projet se sont \u00e9tendues \u00e0 huit gouvernorats du Nord, du Nord-Ouest, de Zaghouan et du Sud-Est, en accompagnant les organisations de la soci\u00e9t\u00e9 civile et les acteurs locaux dans le d\u00e9veloppement d\u2019exp\u00e9riences touristiques durables li\u00e9es au patrimoine, \u00e0 la nature et aux savoir-faire locaux, contribuant ainsi \u00e0 cr\u00e9er des opportunit\u00e9s \u00e9conomiques et \u00e0 renforcer les moyens de subsistance des communaut\u00e9s.\u00a0<\/p>\n<p>\u00a0<\/p>\n<p>\u00a0<\/p>\n<p>\u00c0 l\u2019approche de la cl\u00f4ture des activit\u00e9s du projet, ces deux voyages de presse visent \u00e0 faire conna\u00eetre ces exp\u00e9riences \u00e0 un public plus large et \u00e0 mettre en valeur les r\u00e9sultats obtenus par les acteurs locaux et les communaut\u00e9s b\u00e9n\u00e9ficiaires. L\u2019objectif est de faire vivre leurs histoires et leurs exp\u00e9riences au-del\u00e0 de la dur\u00e9e du projet, tout en renfor\u00e7ant leur capacit\u00e9 \u00e0 atteindre de nouveaux visiteurs, partenaires et opportunit\u00e9s dans le secteur du tourisme.\u00a0<\/p>\n<p>Le projet TANIT b\u00e9n\u00e9ficie du soutien de l\u2019Union europ\u00e9enne et est mis en \u0153uvre par Leaders International for Economic Development, en partenariat avec Museum Lab.\u00a0<\/p>\n<p>\u00a0<\/p>\n<p>\t\t\t\t<a href=\"https:\/\/espacemanager.com\/tanit-a-la-decouverte-du-tourisme-alternatif-dans-le-nord-et-le-sud-de-la-tunisie\/whatsapp-image-2026-09-02-at-15-13-59\/\" rel=\"nofollow noopener\" target=\"_blank\"><img loading=\"lazy\" decoding=\"async\" width=\"2560\" height=\"1706\" src=\"https:\/\/www.europesays.com\/afrique\/wp-content\/uploads\/2026\/09\/WhatsApp-Image-2026-09-02-at-15.13.59.jpeg\" class=\"attachment-full size-full\" alt=\"\"  \/><\/a><\/p>\n<p>\t\t\t\t<a href=\"https:\/\/espacemanager.com\/tanit-a-la-decouverte-du-tourisme-alternatif-dans-le-nord-et-le-sud-de-la-tunisie\/whatsapp-image-2026-09-02-at-15-14-04\/\" rel=\"nofollow noopener\" target=\"_blank\"><img loading=\"lazy\" decoding=\"async\" width=\"1600\" height=\"1066\" src=\"https:\/\/www.europesays.com\/afrique\/wp-content\/uploads\/2026\/09\/WhatsApp-Image-2026-09-02-at-15.14.04.jpeg\" class=\"attachment-full size-full\" alt=\"\"  \/><\/a><\/p>\n<p>\u00a0<\/p>\n<p>\u00c0 propos du projet TANIT<\/p>\n<p>TANIT est un projet qui vise \u00e0 contribuer au d\u00e9veloppement d\u2019un \u00e9cosyst\u00e8me de tourisme alternatif plus durable et inclusif en Tunisie, en travaillant aux c\u00f4t\u00e9s des organisations de la soci\u00e9t\u00e9 civile et des acteurs locaux et en encourageant un tourisme ancr\u00e9 dans les communaut\u00e9s, le patrimoine, la nature et les savoir-faire locaux.\u00a0<\/p>\n<p>Les activit\u00e9s du projet se sont d\u00e9roul\u00e9es entre 2024 et 2026 dans huit gouvernorats du Nord, du Nord-Ouest, de Zaghouan et du Sud-Est. TANIT a travaill\u00e9 aux c\u00f4t\u00e9s de 32 organisations de la soci\u00e9t\u00e9 civile afin de renforcer leur r\u00f4le dans le d\u00e9veloppement du tourisme alternatif et la cr\u00e9ation d\u2019exp\u00e9riences touristiques profond\u00e9ment ancr\u00e9es dans les sp\u00e9cificit\u00e9s des territoires et des communaut\u00e9s locales.\u00a0<\/p>\n<p>\u00a0<\/p>\n<p>\u00a0<\/p>\n<p style=\"text-align: center;\"><img loading=\"lazy\" decoding=\"async\" class=\"alignnone size-full wp-image-527800\" src=\"https:\/\/www.europesays.com\/afrique\/wp-content\/uploads\/2026\/09\/WhatsApp-Image-2026-09-02-at-15.14.08-2.jpeg\" alt=\"\" width=\"1600\" height=\"1066\"  \/><\/p>\n<p>\u00a0<\/p>\n","protected":false},"excerpt":{"rendered":"\u00a0 \u00c0 l\u2019approche de la cl\u00f4ture du projet TANIT, soutenu par l\u2019Union europ\u00e9enne et mis en \u0153uvre par&hellip;\n","protected":false},"author":2,"featured_media":198256,"comment_status":"","ping_status":"","sticky":false,"template":"","format":"standard","meta":{"footnotes":"","_share_on_mastodon":"0"},"categories":[120],"tags":[60152,4708,2124,256,60153,124,69],"class_list":["post-198255","post","type-post","status-publish","format-standard","has-post-thumbnail","category-tunisie","tag-alternatif","tag-djerba","tag-nord","tag-sud","tag-toursime","tag-tunisie","tag-union-europeenne"],"share_on_mastodon":{"url":"https:\/\/pubeurope.com\/@afrique\/117202283943392922","error":""},"_links":{"self":[{"href":"https:\/\/www.europesays.com\/afrique\/wp-json\/wp\/v2\/posts\/198255","targetHints":{"allow":["GET"]}}],"collection":[{"href":"https:\/\/www.europesays.com\/afrique\/wp-json\/wp\/v2\/posts"}],"about":[{"href":"https:\/\/www.europesays.com\/afrique\/wp-json\/wp\/v2\/types\/post"}],"author":[{"embeddable":true,"href":"https:\/\/www.europesays.com\/afrique\/wp-json\/wp\/v2\/users\/2"}],"replies":[{"embeddable":true,"href":"https:\/\/www.europesays.com\/afrique\/wp-json\/wp\/v2\/comments?post=198255"}],"version-history":[{"count":0,"href":"https:\/\/www.europesays.com\/afrique\/wp-json\/wp\/v2\/posts\/198255\/revisions"}],"wp:featuredmedia":[{"embeddable":true,"href":"https:\/\/www.europesays.com\/afrique\/wp-json\/wp\/v2\/media\/198256"}],"wp:attachment":[{"href":"https:\/\/www.europesays.com\/afrique\/wp-json\/wp\/v2\/media?parent=198255"}],"wp:term":[{"taxonomy":"category","embeddable":true,"href":"https:\/\/www.europesays.com\/afrique\/wp-json\/wp\/v2\/categories?post=198255"},{"taxonomy":"post_tag","embeddable":true,"href":"https:\/\/www.europesays.com\/afrique\/wp-json\/wp\/v2\/tags?post=198255"}],"curies":[{"name":"wp","href":"https:\/\/api.w.org\/{rel}","templated":true}]}}