{"id":198293,"date":"2026-09-02T16:42:21","date_gmt":"2026-09-02T16:42:21","guid":{"rendered":"https:\/\/www.europesays.com\/afrique\/198293\/"},"modified":"2026-09-02T16:42:21","modified_gmt":"2026-09-02T16:42:21","slug":"tunisie-enfin-le-retour-des-bouteilles-deau","status":"publish","type":"post","link":"https:\/\/www.europesays.com\/afrique\/198293\/","title":{"rendered":"Tunisie\u00a0: Enfin le retour des bouteilles d\u2019eau\u00a0?"},"content":{"rendered":"<p>La tension autour de <a href=\"https:\/\/www.20minutes.fr\/planete\/secheresse\/4238541-20260810-secheresse-spectre-restrictions-eau-nombreuses-communes\" target=\"_blank\" class=\"c-link c-link--is-underlined\" rel=\"nofollow noopener\">l\u2019eau min\u00e9rale<\/a> en bouteille en Tunisie pourrait <a href=\"https:\/\/www.20minutes.fr\/societe\/4240946-20260826-landes-gourdes-distribuees-ecoliers-afin-promouvoir-eau-robinet\" target=\"_blank\" class=\"c-link c-link--is-underlined\" rel=\"nofollow noopener\">commencer \u00e0 s\u2019att\u00e9nuer<\/a>. Face aux ruptures qui se multiplient dans les commerces et les grandes surfaces, amplifi\u00e9es par les fortes chaleurs qui ont entra\u00een\u00e9 une hausse record de la consommation d\u2019eau, rapporte <a href=\"https:\/\/www.bfmtv.com\/international\/afrique\/tunisie\/video-en-proie-a-une-vague-de-chaleur-la-tunisie-frappee-par-une-importante-penurie-d-eau-en-bouteille_VN-202608310614.html\" target=\"_blank\" class=\"c-link c-link--is-underlined\" rel=\"nofollow noopener\">BFMTV<\/a>, les autorit\u00e9s ont mis en place un dispositif d\u2019urgence. Ce dernier comprend l\u2019acheminement de camions-citernes, destin\u00e9s \u00e0 accro\u00eetre les quantit\u00e9s disponibles sur le march\u00e9, mais aussi \u00e0 constituer des r\u00e9serves suffisantes pour \u00e9viter une situation similaire \u00e0 l\u2019avenir, rapporte le <a href=\"https:\/\/www.lecourrierdelatlas.com\/tunisie-eau-en-bouteille-vers-un-retour-progressif-a-la-normale\/\" target=\"_blank\" class=\"c-link c-link--is-underlined\" rel=\"nofollow noopener\">Courrier de l\u2019Atlas<\/a>.<\/p>\n<p>Neuf millions de bouteilles achemin\u00e9es vers Tunis<\/p>\n<p>D\u2019apr\u00e8s Ramzi Trabelsi, directeur de l\u2019Observatoire national de l\u2019approvisionnement et des prix relevant du minist\u00e8re du Commerce, pr\u00e8s de neuf millions de <a href=\"https:\/\/www.20minutes.fr\/planete\/secheresse\/4238894-20260816-secheresse-risque-coupures-agglomerations-va-manquer-eau-potable-septembre\" target=\"_blank\" class=\"c-link c-link--is-underlined\" rel=\"nofollow noopener\">bouteilles auraient \u00e9t\u00e9 achemin\u00e9es vers le Grand Tunis<\/a> depuis vendredi. Les volumes distribu\u00e9s atteindraient d\u00e9sormais environ 2,3\u00a0millions d\u2019unit\u00e9s quotidiennement. Pour le minist\u00e8re, cette acc\u00e9l\u00e9ration devrait permettre une am\u00e9lioration progressive de la situation.<\/p>\n<p>Mais certains commer\u00e7ants estiment que ces op\u00e9rations ponctuelles ne r\u00e8glent pas les difficult\u00e9s rencontr\u00e9es par les petits <a href=\"https:\/\/www.20minutes.fr\/planete\/secheresse\/4239703-20260819-reserve-existe-plus-face-secheresse-camions-citernes-eau-potable-secours-communes\" target=\"_blank\" class=\"c-link c-link--is-underlined\" rel=\"nofollow noopener\">points de vente<\/a> et consid\u00e8rent que les difficult\u00e9s actuelles rel\u00e8vent avant tout d\u2019un <a href=\"https:\/\/www.20minutes.fr\/nantes\/4240149-20260821-nantes-pourquoi-eau-robinet-encore-tiede-certains-endroits\" target=\"_blank\" class=\"c-link c-link--is-underlined\" rel=\"nofollow noopener\">probl\u00e8me d\u2019organisation et d\u2019approvisionnement<\/a>.<\/p>\n<p><a href=\"https:\/\/www.20minutes.fr\/dossier\/eau\" class=\"c-link c-btn c-btn--primary\" rel=\"nofollow noopener\" target=\"_blank\">Notre dossier sur l&rsquo;eau<\/a><\/p>\n<p>Parall\u00e8lement \u00e0 l\u2019intervention des autorit\u00e9s, le secteur priv\u00e9 pr\u00e9pare de nouvelles capacit\u00e9s de production. D\u00e9lice Holding a annonc\u00e9 un investissement de 75,7\u00a0millions de dinars destin\u00e9 \u00e0 la cr\u00e9ation d\u2019une unit\u00e9 sp\u00e9cialis\u00e9e dans les <a href=\"https:\/\/www.20minutes.fr\/economie\/4228396-20260610-risquer-payer-plus-cher-eau-voici-pourquoi\" target=\"_blank\" class=\"c-link c-link--is-underlined\" rel=\"nofollow noopener\">eaux min\u00e9rales<\/a>, assure le Courrier de l\u2019Atlas. \u00c0 travers ce projet, le groupe souhaite accro\u00eetre son potentiel industriel et gagner en efficacit\u00e9.<\/p>\n","protected":false},"excerpt":{"rendered":"La tension autour de l\u2019eau min\u00e9rale en bouteille en Tunisie pourrait commencer \u00e0 s\u2019att\u00e9nuer. Face aux ruptures qui&hellip;\n","protected":false},"author":2,"featured_media":198294,"comment_status":"","ping_status":"","sticky":false,"template":"","format":"standard","meta":{"footnotes":"","_share_on_mastodon":"0"},"categories":[120],"tags":[281,52076,29133,578,603,7,2033,133,3886,2227,2226,124],"class_list":["post-198293","post","type-post","status-publish","format-standard","has-post-thumbnail","category-tunisie","tag-actualite","tag-bouteille","tag-canicule","tag-commerce","tag-eau","tag-economie","tag-logistique","tag-monde","tag-penurie","tag-penurie-deau","tag-secheresse","tag-tunisie"],"share_on_mastodon":{"url":"https:\/\/pubeurope.com\/@afrique\/117202450408541314","error":""},"_links":{"self":[{"href":"https:\/\/www.europesays.com\/afrique\/wp-json\/wp\/v2\/posts\/198293","targetHints":{"allow":["GET"]}}],"collection":[{"href":"https:\/\/www.europesays.com\/afrique\/wp-json\/wp\/v2\/posts"}],"about":[{"href":"https:\/\/www.europesays.com\/afrique\/wp-json\/wp\/v2\/types\/post"}],"author":[{"embeddable":true,"href":"https:\/\/www.europesays.com\/afrique\/wp-json\/wp\/v2\/users\/2"}],"replies":[{"embeddable":true,"href":"https:\/\/www.europesays.com\/afrique\/wp-json\/wp\/v2\/comments?post=198293"}],"version-history":[{"count":0,"href":"https:\/\/www.europesays.com\/afrique\/wp-json\/wp\/v2\/posts\/198293\/revisions"}],"wp:featuredmedia":[{"embeddable":true,"href":"https:\/\/www.europesays.com\/afrique\/wp-json\/wp\/v2\/media\/198294"}],"wp:attachment":[{"href":"https:\/\/www.europesays.com\/afrique\/wp-json\/wp\/v2\/media?parent=198293"}],"wp:term":[{"taxonomy":"category","embeddable":true,"href":"https:\/\/www.europesays.com\/afrique\/wp-json\/wp\/v2\/categories?post=198293"},{"taxonomy":"post_tag","embeddable":true,"href":"https:\/\/www.europesays.com\/afrique\/wp-json\/wp\/v2\/tags?post=198293"}],"curies":[{"name":"wp","href":"https:\/\/api.w.org\/{rel}","templated":true}]}}