{"id":198487,"date":"2026-09-02T20:31:09","date_gmt":"2026-09-02T20:31:09","guid":{"rendered":"https:\/\/www.europesays.com\/afrique\/198487\/"},"modified":"2026-09-02T20:31:09","modified_gmt":"2026-09-02T20:31:09","slug":"afrique-du-sud-nouvelle-zelande-les-avions-ne-survoleront-pas-le-stade-des-springboks-apres-la-polemique","status":"publish","type":"post","link":"https:\/\/www.europesays.com\/afrique\/198487\/","title":{"rendered":"Afrique du Sud &#8211; Nouvelle-Z\u00e9lande. Les avions ne survoleront pas le stade des Springboks apr\u00e8s la pol\u00e9mique"},"content":{"rendered":"<p data-ofstats-scroll=\"read_depth_30\">Les <a href=\"https:\/\/www.ouest-france.fr\/sport\/rugby\/video-deux-avions-frolent-le-stade-du-cap-avant-le-match-entre-lafrique-du-sud-et-la-nouvelle-zelande-cf4d62d2-a475-11f1-94d9-ff4da0548a19\" target=\"_blank\" rel=\"nofollow noopener\">impressionnantes images des deux avions de ligne qui avaient survol\u00e9 le DHL Stadium<\/a> du Cap, ce samedi 29\u00a0ao\u00fbt, ne seront pas reproduites \u00e0 Soweto, \u00e0 l\u2019occasion du prochain Afrique du Sud &#8211; Nouvelle-Z\u00e9lande ce samedi 5\u00a0septembre. Le survol du stade a \u00e9t\u00e9 annul\u00e9, comme l\u2019a annonc\u00e9 l\u2019autorit\u00e9 de l\u2019aviation civile sud-africaine\u00a0(Sacaa).<\/p>\n<p data-ofstats-scroll=\"read_depth_50\">Avant la derni\u00e8re rencontre, deux avions Embraer de la compagnie Airlink, un aux couleurs des Springboks et un aux couleurs des All Blacks, avaient fr\u00f4l\u00e9 le DHL Stadium du Cap\u2026 plus pr\u00e9cis\u00e9ment entre 12,5 et 14\u00a0m\u00e8tres au-dessus du toit selon le site sp\u00e9cialis\u00e9 Flightradar.\u00a0Cette\u00a0man\u0153uvre est une\u00a0tradition depuis le survol historique du stade par un avion de ligne lors de la finale de la Coupe du monde de rugby 1995.<\/p>\n<p>        Une m\u00e9t\u00e9o d\u00e9favorable en plus des pol\u00e9miques<\/p>\n<p data-ofstats-scroll=\"read_depth_70\">Dans un communiqu\u00e9, l\u2019autorit\u00e9 de l\u2019aviation civile a expliqu\u00e9 que la Sacaa a \u00ab\u00a0lanc\u00e9 des v\u00e9rifications de conformit\u00e9, a engag\u00e9 un dialogue avec l\u2019exploitant, a obtenu les donn\u00e9es t\u00e9l\u00e9charg\u00e9es de l\u2019enregistreur de vol\u00a0(Flight Data Recorder), ainsi que d\u2019autres \u00e9l\u00e9ments compl\u00e9mentaires\u00a0\u00bb.<\/p>\n<p data-ofstats-scroll=\"read_depth_100\">Apr\u00e8s les pol\u00e9miques r\u00e9centes et en raison des \u00ab\u00a0pr\u00e9visions m\u00e9t\u00e9orologiques\u00a0(qui) indiquent des conditions d\u00e9favorables \u00e0 un survol en formation en toute s\u00e9curit\u00e9\u00a0\u00bb, la compagnie a\u00e9rienne a finalement d\u00e9cid\u00e9 de renoncer au survol du stade de Soweto pour <a href=\"https:\/\/www.ouest-france.fr\/sport\/rugby\/equipe-d-afrique-du-sud\/afrique-du-sud-nouvelle-zelande-la-composition-des-springboks-pour-leur-3e-test-match-contre-les-all-blacks-1e26649c-a531-11f1-8465-547a0964275c\" target=\"_blank\" rel=\"nofollow noopener\">le prochain match<\/a>. Toutefois, Airlink se veut rassurante\u00a0: \u00ab\u00a0Les donn\u00e9es de vol enregistr\u00e9es par les deux appareils confirment que les vols ont \u00e9t\u00e9 effectu\u00e9s dans le respect des limites d\u2019altitude et de vitesse de s\u00e9curit\u00e9\u00a0\u00bb.<\/p>\n","protected":false},"excerpt":{"rendered":"Les impressionnantes images des deux avions de ligne qui avaient survol\u00e9 le DHL Stadium du Cap, ce samedi&hellip;\n","protected":false},"author":2,"featured_media":198488,"comment_status":"","ping_status":"","sticky":false,"template":"","format":"standard","meta":{"footnotes":"","_share_on_mastodon":"0"},"categories":[123],"tags":[1012,140,8946,4417,8947,2253],"class_list":["post-198487","post","type-post","status-publish","format-standard","has-post-thumbnail","category-afrique-du-sud","tag-actualite-en-continu","tag-afrique-du-sud","tag-all-blacks","tag-avion","tag-equipe-afrique-du-sud-rugby","tag-rugby"],"share_on_mastodon":{"url":"https:\/\/pubeurope.com\/@afrique\/117203349598373073","error":""},"_links":{"self":[{"href":"https:\/\/www.europesays.com\/afrique\/wp-json\/wp\/v2\/posts\/198487","targetHints":{"allow":["GET"]}}],"collection":[{"href":"https:\/\/www.europesays.com\/afrique\/wp-json\/wp\/v2\/posts"}],"about":[{"href":"https:\/\/www.europesays.com\/afrique\/wp-json\/wp\/v2\/types\/post"}],"author":[{"embeddable":true,"href":"https:\/\/www.europesays.com\/afrique\/wp-json\/wp\/v2\/users\/2"}],"replies":[{"embeddable":true,"href":"https:\/\/www.europesays.com\/afrique\/wp-json\/wp\/v2\/comments?post=198487"}],"version-history":[{"count":0,"href":"https:\/\/www.europesays.com\/afrique\/wp-json\/wp\/v2\/posts\/198487\/revisions"}],"wp:featuredmedia":[{"embeddable":true,"href":"https:\/\/www.europesays.com\/afrique\/wp-json\/wp\/v2\/media\/198488"}],"wp:attachment":[{"href":"https:\/\/www.europesays.com\/afrique\/wp-json\/wp\/v2\/media?parent=198487"}],"wp:term":[{"taxonomy":"category","embeddable":true,"href":"https:\/\/www.europesays.com\/afrique\/wp-json\/wp\/v2\/categories?post=198487"},{"taxonomy":"post_tag","embeddable":true,"href":"https:\/\/www.europesays.com\/afrique\/wp-json\/wp\/v2\/tags?post=198487"}],"curies":[{"name":"wp","href":"https:\/\/api.w.org\/{rel}","templated":true}]}}