{"id":198489,"date":"2026-09-02T20:32:08","date_gmt":"2026-09-02T20:32:08","guid":{"rendered":"https:\/\/www.europesays.com\/afrique\/198489\/"},"modified":"2026-09-02T20:32:08","modified_gmt":"2026-09-02T20:32:08","slug":"burkina-faso-egypte-le-caire-ouvre-ses-portes-aux-investisseurs-burkinabe","status":"publish","type":"post","link":"https:\/\/www.europesays.com\/afrique\/198489\/","title":{"rendered":"Burkina Faso-\u00c9gypte : le Caire ouvre ses portes aux investisseurs burkinab\u00e8"},"content":{"rendered":"<p><img loading=\"lazy\" decoding=\"async\" width=\"696\" height=\"392\" class=\"entry-thumb\" src=\"https:\/\/www.europesays.com\/afrique\/wp-content\/uploads\/2026\/09\/egypte-burkina-faso-696x392.webp\"   alt=\"Burkina Faso-\u00c9gypte : le Caire ouvre ses portes aux investisseurs burkinab\u00e8\" title=\"Egypte - Burkina Faso\"\/>Egypte &#8211; Burkina Faso<\/p>\n<p>La coop\u00e9ration \u00e9conomique entre le Burkina Faso et l\u2019\u00c9gypte se renforce. R\u00e9unis au Caire, des responsables gouvernementaux et des op\u00e9rateurs \u00e9conomiques des deux pays ont \u00e9chang\u00e9 sur les opportunit\u00e9s de partenariats et d\u2019investissements. Une vingtaine d\u2019entrepreneurs burkinab\u00e8 et plus de 80 investisseurs et op\u00e9rateurs \u00e9conomiques \u00e9gyptiens ont pris part au forum organis\u00e9 le 1er septembre 2026, avec l\u2019ambition de transformer les \u00e9changes en projets concrets.<\/p>\n<p>Apr\u00e8s un premier forum organis\u00e9 au <a href=\"https:\/\/www.afrik.com\/le-burkina-faso-a-la-quete-des-cerveaux-de-la-diaspora\" target=\"_blank\" rel=\"noopener nofollow\">Burkina Faso<\/a>, les acteurs \u00e9conomiques burkinab\u00e8 et \u00e9gyptiens se sont retrouv\u00e9s mardi 1er septembre au Caire pour poursuivre les discussions engag\u00e9es entre les deux pays.<\/p>\n<p>La rencontre a \u00e9t\u00e9 pr\u00e9sid\u00e9e par le ministre burkinab\u00e8 des Affaires \u00e9trang\u00e8res, Karamoko Jean Marie Traor\u00e9, et son homologue \u00e9gyptien, Badr Abdelatty. La d\u00e9l\u00e9gation burkinab\u00e8 comptait une vingtaine de chefs d\u2019entreprise, conduite par le pr\u00e9sident de la Chambre de commerce et d\u2019industrie du Burkina Faso (CCIBF), Roland Sow.<\/p>\n<p>Du c\u00f4t\u00e9 \u00e9gyptien, plus de 80 investisseurs et op\u00e9rateurs \u00e9conomiques ont manifest\u00e9 leur int\u00e9r\u00eat pour les opportunit\u00e9s d\u2019investissement au Burkina Faso.<\/p>\n<p><img fetchpriority=\"high\" decoding=\"async\" class=\"size-medium wp-image-371450\" src=\"https:\/\/www.europesays.com\/afrique\/wp-content\/uploads\/2026\/09\/egypte-burkina-faso-2-300x225.webp\" alt=\"Burkina Faso-\u00c9gypte : le Caire ouvre ses portes aux investisseurs burkinab\u00e8\" width=\"300\" height=\"225\"  \/>Egypte \u2013 Burkina Faso<\/p>\n<p>Pour les autorit\u00e9s des deux pays, ce forum doit permettre de rapprocher davantage les secteurs priv\u00e9s et de favoriser la conclusion de partenariats dans diff\u00e9rents domaines. Le chef de la diplomatie burkinab\u00e8 a appel\u00e9 les participants \u00e0 d\u00e9passer le stade des discussions pour aboutir \u00e0 des accords et \u00e0 des projets concrets.<\/p>\n<p>Le pari d\u2019une coop\u00e9ration \u00e9conomique Sud-Sud<\/p>\n<p>Au-del\u00e0 des \u00e9changes commerciaux, la rencontre s\u2019inscrit dans une volont\u00e9 de renforcer la coop\u00e9ration Sud-Sud. Pour le pr\u00e9sident de la <a href=\"https:\/\/www.cci.bf\/\" target=\"_blank\" rel=\"noopener nofollow\">CCIBF<\/a>, le rapprochement avec l\u2019\u00c9gypte offre au Burkina Faso l\u2019occasion de b\u00e9n\u00e9ficier de l\u2019exp\u00e9rience et du savoir-faire d\u2019un pays qui dispose d\u2019un tissu industriel et d\u2019infrastructures d\u00e9velopp\u00e9s.<\/p>\n<p>\u00ab\u00a0Chaque fois qu\u2019on parle d\u2019affaires, c\u2019est aller \u00e0 l\u2019ext\u00e9rieur de l\u2019Afrique pour pouvoir sceller des partenariats. Aujourd\u2019hui, on a des pays comme l\u2019\u00c9gypte qui sont des pays avec des infrastructures extr\u00eamement d\u00e9velopp\u00e9es et un savoir-faire \u00bb, a expliqu\u00e9 Roland Sow.<\/p>\n<p>Selon lui, les \u00e9changes entre les deux pays peuvent favoriser un partage d\u2019exp\u00e9riences et une synergie permettant aux acteurs africains de contribuer directement au d\u00e9veloppement de leurs \u00e9conomies.<\/p>\n<p><img loading=\"lazy\" decoding=\"async\" class=\"size-medium wp-image-371451\" src=\"https:\/\/www.europesays.com\/afrique\/wp-content\/uploads\/2026\/09\/egypte-burkina-faso-1-300x225.webp\" alt=\"Burkina Faso-\u00c9gypte : le Caire ouvre ses portes aux investisseurs burkinab\u00e8\" width=\"300\" height=\"225\"  \/>Egypte \u2013 Burkina Faso<br \/>\nUne ligne directe Ouagadougou-Le Caire envisag\u00e9e<\/p>\n<p>Pour faciliter la concr\u00e9tisation de ces ambitions, plusieurs m\u00e9canismes devraient \u00eatre mis en place afin de fluidifier les d\u00e9placements et les \u00e9changes entre les op\u00e9rateurs \u00e9conomiques.<\/p>\n<p>Parmi les mesures annonc\u00e9es figure l\u2019ouverture d\u2019une ligne a\u00e9rienne directe entre Ouagadougou et <a href=\"https:\/\/www.afrik.com\/intelligence-artificielle-pourquoi-le-caire-et-kigali-unissent-leurs-forces\" target=\"_blank\" rel=\"noopener nofollow\">Le Caire<\/a>. La simplification des proc\u00e9dures de d\u00e9livrance des visas pour les hommes d\u2019affaires des deux pays est \u00e9galement envisag\u00e9e.<\/p>\n<p>Ces initiatives doivent faciliter la mobilit\u00e9 des investisseurs, r\u00e9duire les contraintes li\u00e9es aux d\u00e9placements et favoriser la multiplication des rencontres entre les milieux d\u2019affaires burkinab\u00e8 et \u00e9gyptien.<\/p>\n<p>Des visites d\u2019entreprises pour identifier des opportunit\u00e9s<\/p>\n<p>Les \u00e9changes se sont poursuivis sur le terrain. En marge du forum, la d\u00e9l\u00e9gation burkinab\u00e8 a visit\u00e9, mercredi 2 septembre, deux entreprises \u00e9gyptiennes afin de mieux conna\u00eetre leurs activit\u00e9s et leur savoir-faire.<\/p>\n<p>La premi\u00e8re visite a conduit les hommes d\u2019affaires burkinab\u00e8 aupr\u00e8s d\u2019\u00ab Aller Aqua \u00bb, une entreprise sp\u00e9cialis\u00e9e dans la production d\u2019aliments pour poissons. La d\u00e9l\u00e9gation s\u2019est ensuite rendue chez \u00ab El Marakysteel \u00bb, sp\u00e9cialis\u00e9e dans la production de fer \u00e0 b\u00e9ton.<\/p>\n<p>Ces visites ont permis aux entrepreneurs burkinab\u00e8 de d\u00e9couvrir les mod\u00e8les de production et les exp\u00e9riences de ces soci\u00e9t\u00e9s \u00e9gyptiennes. Elles ont \u00e9galement donn\u00e9 lieu \u00e0 des \u00e9changes sur les possibilit\u00e9s de partenariats avec des entreprises du Burkina Faso.<\/p>\n","protected":false},"excerpt":{"rendered":"Egypte &#8211; Burkina Faso La coop\u00e9ration \u00e9conomique entre le Burkina Faso et l\u2019\u00c9gypte se renforce. R\u00e9unis au Caire,&hellip;\n","protected":false},"author":2,"featured_media":198490,"comment_status":"","ping_status":"","sticky":false,"template":"","format":"standard","meta":{"footnotes":"","_share_on_mastodon":"0"},"categories":[122],"tags":[862,857,139],"class_list":["post-198489","post","type-post","status-publish","format-standard","has-post-thumbnail","category-egypte","tag-burkina-faso","tag-diplomatie","tag-egypte"],"share_on_mastodon":{"url":"https:\/\/pubeurope.com\/@afrique\/117203353665366708","error":""},"_links":{"self":[{"href":"https:\/\/www.europesays.com\/afrique\/wp-json\/wp\/v2\/posts\/198489","targetHints":{"allow":["GET"]}}],"collection":[{"href":"https:\/\/www.europesays.com\/afrique\/wp-json\/wp\/v2\/posts"}],"about":[{"href":"https:\/\/www.europesays.com\/afrique\/wp-json\/wp\/v2\/types\/post"}],"author":[{"embeddable":true,"href":"https:\/\/www.europesays.com\/afrique\/wp-json\/wp\/v2\/users\/2"}],"replies":[{"embeddable":true,"href":"https:\/\/www.europesays.com\/afrique\/wp-json\/wp\/v2\/comments?post=198489"}],"version-history":[{"count":0,"href":"https:\/\/www.europesays.com\/afrique\/wp-json\/wp\/v2\/posts\/198489\/revisions"}],"wp:featuredmedia":[{"embeddable":true,"href":"https:\/\/www.europesays.com\/afrique\/wp-json\/wp\/v2\/media\/198490"}],"wp:attachment":[{"href":"https:\/\/www.europesays.com\/afrique\/wp-json\/wp\/v2\/media?parent=198489"}],"wp:term":[{"taxonomy":"category","embeddable":true,"href":"https:\/\/www.europesays.com\/afrique\/wp-json\/wp\/v2\/categories?post=198489"},{"taxonomy":"post_tag","embeddable":true,"href":"https:\/\/www.europesays.com\/afrique\/wp-json\/wp\/v2\/tags?post=198489"}],"curies":[{"name":"wp","href":"https:\/\/api.w.org\/{rel}","templated":true}]}}