{"id":198495,"date":"2026-09-02T20:36:12","date_gmt":"2026-09-02T20:36:12","guid":{"rendered":"https:\/\/www.europesays.com\/afrique\/198495\/"},"modified":"2026-09-02T20:36:12","modified_gmt":"2026-09-02T20:36:12","slug":"colis-venu-des-etats-unis-une-femme-interpellee-avec-1060-kg-de-haschisch","status":"publish","type":"post","link":"https:\/\/www.europesays.com\/afrique\/198495\/","title":{"rendered":"Colis venu des \u00c9tats-Unis : une femme interpell\u00e9e avec 10,60 kg de haschisch"},"content":{"rendered":"<p>\t\t\t\t\t Tout est parti du signalement d&rsquo;un transporteur assurant la liaison \u00ab New York-Dakar \u00bb, dont les constatations effectu\u00e9es dans le magasin de stockage ont confirm\u00e9 la pr\u00e9sence de produits illicites dans l&rsquo;envoi.<\/p>\n<p>Le colis, en provenance des \u00c9tats-Unis, contenait 10,60 kilogrammes de haschisch, 193 grammes d&rsquo;une poudre blanche suspect\u00e9e d&rsquo;\u00eatre de la coca\u00efne, ainsi que 170 grammes de bonbons au MDMA. La Brigade r\u00e9gionale des stup\u00e9fiants a interpell\u00e9 et mis \u00e0 disposition de la justice une femme dans le cadre de cette affaire.&#13;\n<\/p>\n<p>Une op\u00e9ration de livraison surveill\u00e9e, men\u00e9e par les enqu\u00eateurs, a permis d&rsquo;interpeller la mise en cause \u00e0 son domicile au moment m\u00eame de la r\u00e9ception du paquet. La perquisition men\u00e9e dans son appartement a r\u00e9v\u00e9l\u00e9 des produits identiques \u00e0 ceux retrouv\u00e9s dans le colis incrimin\u00e9.&#13;\n<\/p>\n<p>Lors de son interrogatoire, la suspecte a reconnu servir d&rsquo;interm\u00e9diaire pour son \u00e9poux, exp\u00e9diteur des produits depuis les \u00c9tats-Unis, en remettant une partie des paquets \u00e0 un tiers tout en conservant le reste pour elle-m\u00eame.&#13;\n<\/p>\n<p>Elle a \u00e9t\u00e9 plac\u00e9e en garde \u00e0 vue pour association de malfaiteurs, d\u00e9tention et trafic international de drogues et blanchiment de capitaux, tandis que la marchandise a \u00e9t\u00e9 plac\u00e9e sous scell\u00e9 dans le cadre de l&rsquo;enqu\u00eate en cours.&#13;\n<\/p>\n<p>Cette affaire illustre la persistance des fili\u00e8res transatlantiques de trafic de stup\u00e9fiants ciblant le S\u00e9n\u00e9gal, un ph\u00e9nom\u00e8ne r\u00e9guli\u00e8rement combattu par la BRS, \u00e0 l&rsquo;image d&rsquo;une pr\u00e9c\u00e9dente op\u00e9ration ayant permis <a href=\"https:\/\/www.ndarinfo.com\/Dakar-la-BRS-saisit-1-kg-de-cocaine-deux-commercants-arretes_a46152.html\" class=\"underline underline-offset-2 decoration-1 decoration-current\/40 hover:decoration-current focus:decoration-current\" rel=\"nofollow noopener\" target=\"_blank\">la saisie d&rsquo;un kilogramme de coca\u00efne et l&rsquo;interpellation de deux commer\u00e7ants \u00e0 Dakar<\/a>.&#13;<\/p>\n","protected":false},"excerpt":{"rendered":"Tout est parti du signalement d&rsquo;un transporteur assurant la liaison \u00ab New York-Dakar \u00bb, dont les constatations effectu\u00e9es&hellip;\n","protected":false},"author":2,"featured_media":198496,"comment_status":"","ping_status":"","sticky":false,"template":"","format":"standard","meta":{"footnotes":"","_share_on_mastodon":"0"},"categories":[84],"tags":[60220,5948,13100,19021,11,33711],"class_list":["post-198495","post","type-post","status-publish","format-standard","has-post-thumbnail","category-senegal","tag-brigade-regionale-des-stupefiants","tag-cocaine","tag-haschisch","tag-mdma","tag-senegal","tag-trafic-international-de-drogue"],"share_on_mastodon":{"url":"https:\/\/pubeurope.com\/@afrique\/117203369013438710","error":""},"_links":{"self":[{"href":"https:\/\/www.europesays.com\/afrique\/wp-json\/wp\/v2\/posts\/198495","targetHints":{"allow":["GET"]}}],"collection":[{"href":"https:\/\/www.europesays.com\/afrique\/wp-json\/wp\/v2\/posts"}],"about":[{"href":"https:\/\/www.europesays.com\/afrique\/wp-json\/wp\/v2\/types\/post"}],"author":[{"embeddable":true,"href":"https:\/\/www.europesays.com\/afrique\/wp-json\/wp\/v2\/users\/2"}],"replies":[{"embeddable":true,"href":"https:\/\/www.europesays.com\/afrique\/wp-json\/wp\/v2\/comments?post=198495"}],"version-history":[{"count":0,"href":"https:\/\/www.europesays.com\/afrique\/wp-json\/wp\/v2\/posts\/198495\/revisions"}],"wp:featuredmedia":[{"embeddable":true,"href":"https:\/\/www.europesays.com\/afrique\/wp-json\/wp\/v2\/media\/198496"}],"wp:attachment":[{"href":"https:\/\/www.europesays.com\/afrique\/wp-json\/wp\/v2\/media?parent=198495"}],"wp:term":[{"taxonomy":"category","embeddable":true,"href":"https:\/\/www.europesays.com\/afrique\/wp-json\/wp\/v2\/categories?post=198495"},{"taxonomy":"post_tag","embeddable":true,"href":"https:\/\/www.europesays.com\/afrique\/wp-json\/wp\/v2\/tags?post=198495"}],"curies":[{"name":"wp","href":"https:\/\/api.w.org\/{rel}","templated":true}]}}