{"id":198520,"date":"2026-09-02T21:19:11","date_gmt":"2026-09-02T21:19:11","guid":{"rendered":"https:\/\/www.europesays.com\/afrique\/198520\/"},"modified":"2026-09-02T21:19:11","modified_gmt":"2026-09-02T21:19:11","slug":"kenya-une-greve-paralyse-laeroport-de-nairobi-depuis-dimanche","status":"publish","type":"post","link":"https:\/\/www.europesays.com\/afrique\/198520\/","title":{"rendered":"Kenya : une gr\u00e8ve paralyse l&rsquo;a\u00e9roport de Nairobi depuis dimanche"},"content":{"rendered":"<p>Depuis dimanche, l&rsquo;a\u00e9roport international Jomo Kenyatta de Nairobi, principal hub a\u00e9rien du Kenya, conna\u00eet une perturbation majeure de son trafic. Selon France 24, une gr\u00e8ve des travailleurs du secteur a\u00e9rien a \u00e9t\u00e9 d\u00e9clench\u00e9e, entra\u00eenant de nombreux retards et annulations de vols.<\/p>\n<p>Les employ\u00e9s mobilis\u00e9s d\u00e9noncent leurs conditions de travail, sans que le r\u00e9sum\u00e9 de la source ne pr\u00e9cise davantage la nature exacte de leurs revendications ni les corporations professionnelles concern\u00e9es par le mouvement.<\/p>\n<p>Des passagers pris au d\u00e9pourvu<\/p>\n<p>Cette mobilisation sociale a des r\u00e9percussions directes sur les voyageurs. De nombreux passagers se retrouvent bloqu\u00e9s ou voient leurs plans de voyage boulevers\u00e9s, en raison des vols retard\u00e9s ou purement annul\u00e9s depuis le d\u00e9but de la gr\u00e8ve, dimanche.<\/p>\n<p>L&rsquo;a\u00e9roport de Nairobi est l&rsquo;un des plus fr\u00e9quent\u00e9s d&rsquo;Afrique de l&rsquo;Est, servant de plaque tournante pour de nombreuses liaisons r\u00e9gionales et internationales. Toute perturbation de son fonctionnement a donc un impact qui d\u00e9passe les fronti\u00e8res k\u00e9nyanes, affectant les correspondances de passagers venus d&rsquo;autres pays du continent et d&rsquo;ailleurs.<\/p>\n<p>Une mobilisation qui dure<\/p>\n<p>\u00c0 la date du reportage de France 24, mardi, le mouvement de gr\u00e8ve se poursuivait, plusieurs jours apr\u00e8s son d\u00e9clenchement. La dur\u00e9e de cette mobilisation illustre la d\u00e9termination des gr\u00e9vistes \u00e0 voir leurs revendications entendues par les autorit\u00e9s et les compagnies concern\u00e9es.<\/p>\n<p>France 24 ne pr\u00e9cise pas, dans les informations disponibles, si des n\u00e9gociations sont en cours entre les syndicats des travailleurs et les autorit\u00e9s a\u00e9roportuaires ou gouvernementales k\u00e9nyanes pour mettre fin \u00e0 ce mouvement social.<\/p>\n<p>Cons\u00e9quences pour le trafic r\u00e9gional<\/p>\n<p>Les autorit\u00e9s a\u00e9roportuaires n&rsquo;ont pas communiqu\u00e9, selon les \u00e9l\u00e9ments disponibles, sur une \u00e9ventuelle date de r\u00e9solution du conflit. Les voyageurs \u00e0 destination ou en provenance de Nairobi sont invit\u00e9s \u00e0 se renseigner aupr\u00e8s de leurs compagnies a\u00e9riennes respectives sur l&rsquo;\u00e9tat de leurs vols.<\/p>\n<p>Cette situation rappelle la vuln\u00e9rabilit\u00e9 des infrastructures de transport face aux mouvements sociaux, particuli\u00e8rement lorsque ceux-ci touchent un hub aussi strat\u00e9gique que celui de la capitale k\u00e9nyane pour la connectivit\u00e9 de toute la r\u00e9gion d&rsquo;Afrique de l&rsquo;Est.<\/p>\n","protected":false},"excerpt":{"rendered":"Depuis dimanche, l&rsquo;a\u00e9roport international Jomo Kenyatta de Nairobi, principal hub a\u00e9rien du Kenya, conna\u00eet une perturbation majeure de&hellip;\n","protected":false},"author":2,"featured_media":198521,"comment_status":"","ping_status":"","sticky":false,"template":"","format":"standard","meta":{"footnotes":"","_share_on_mastodon":"0"},"categories":[165],"tags":[10837,1332,25005,4555,453,127,60225,46445,230,60226,5626,60227,1196],"class_list":["post-198520","post","type-post","status-publish","format-standard","has-post-thumbnail","category-kenya","tag-aerien","tag-aeroport","tag-dimanche","tag-employes","tag-france","tag-international","tag-jomo","tag-jomo-kenyatta","tag-kenya","tag-kenyatta","tag-nairobi","tag-paralyse","tag-secteur"],"share_on_mastodon":{"url":"https:\/\/pubeurope.com\/@afrique\/117203538109684560","error":""},"_links":{"self":[{"href":"https:\/\/www.europesays.com\/afrique\/wp-json\/wp\/v2\/posts\/198520","targetHints":{"allow":["GET"]}}],"collection":[{"href":"https:\/\/www.europesays.com\/afrique\/wp-json\/wp\/v2\/posts"}],"about":[{"href":"https:\/\/www.europesays.com\/afrique\/wp-json\/wp\/v2\/types\/post"}],"author":[{"embeddable":true,"href":"https:\/\/www.europesays.com\/afrique\/wp-json\/wp\/v2\/users\/2"}],"replies":[{"embeddable":true,"href":"https:\/\/www.europesays.com\/afrique\/wp-json\/wp\/v2\/comments?post=198520"}],"version-history":[{"count":0,"href":"https:\/\/www.europesays.com\/afrique\/wp-json\/wp\/v2\/posts\/198520\/revisions"}],"wp:featuredmedia":[{"embeddable":true,"href":"https:\/\/www.europesays.com\/afrique\/wp-json\/wp\/v2\/media\/198521"}],"wp:attachment":[{"href":"https:\/\/www.europesays.com\/afrique\/wp-json\/wp\/v2\/media?parent=198520"}],"wp:term":[{"taxonomy":"category","embeddable":true,"href":"https:\/\/www.europesays.com\/afrique\/wp-json\/wp\/v2\/categories?post=198520"},{"taxonomy":"post_tag","embeddable":true,"href":"https:\/\/www.europesays.com\/afrique\/wp-json\/wp\/v2\/tags?post=198520"}],"curies":[{"name":"wp","href":"https:\/\/api.w.org\/{rel}","templated":true}]}}