{"id":198604,"date":"2026-09-02T23:08:09","date_gmt":"2026-09-02T23:08:09","guid":{"rendered":"https:\/\/www.europesays.com\/afrique\/198604\/"},"modified":"2026-09-02T23:08:09","modified_gmt":"2026-09-02T23:08:09","slug":"orange-lance-reunion-un-cable-sous-marin-pour-remplacer-le-vieillissant-safe-entre-la-reunion-et-lafrique-du-sud","status":"publish","type":"post","link":"https:\/\/www.europesays.com\/afrique\/198604\/","title":{"rendered":"Orange lance ReuNION, un c\u00e2ble sous-marin pour remplacer le vieillissant SAFE entre La R\u00e9union et l&rsquo;Afrique du Sud"},"content":{"rendered":"<p>\n      Orange et un consortium d&rsquo;acteurs r\u00e9unionnais ont annonc\u00e9 mercredi 2 septembre le projet de c\u00e2ble sous-marin ReuNION, une nouvelle liaison directe entre La R\u00e9union et l&rsquo;Afrique du Sud destin\u00e9e \u00e0 anticiper la fin de vie du c\u00e2ble SAFE, qui dessert l&rsquo;\u00eele depuis 2002.\n    <\/p>\n<p dir=\"ltr\">Le projet, pr\u00e9sent\u00e9 par la R\u00e9gion R\u00e9union, r\u00e9unit un consortium associant R\u00e9union THD, bient\u00f4t renomm\u00e9e La R\u00e9union Connect\u00e9e, Telco OI, filiale du groupe malgache Axian, R\u00e9unicable, filiale du groupe Oc\u00e9inde, et Orange. Selon la r\u00e9gion, il s&rsquo;agit d&rsquo;un consortium \u00e0 capitaux enti\u00e8rement fran\u00e7ais, une condition qui aurait facilit\u00e9 l&rsquo;acceptation du dossier par la Commission europ\u00e9enne.<\/p>\n<p dir=\"ltr\">Le c\u00e2ble ReuNION doit compter 16 paires de fibres, chacune affichant une capacit\u00e9 de 20 Tbps. Il viendra s&rsquo;ajouter aux trois c\u00e2bles existants, LION, METISS et SAFE. C&rsquo;est ce dernier, mis en service en 2002 entre la Malaisie et l&rsquo;Afrique du Sud via La R\u00e9union et long de 13.500 kilom\u00e8tres, qui motive le projet : sa fin de vie op\u00e9rationnelle est attendue autour de 2027, apr\u00e8s plusieurs incidents ces derni\u00e8res ann\u00e9es, dont des ruptures accidentelles en 2023 et en 2024. Plut\u00f4t que d&rsquo;apporter une capacit\u00e9 suppl\u00e9mentaire, jug\u00e9e d\u00e9j\u00e0 suffisante par la r\u00e9gion, le nouveau c\u00e2ble va apporter de la redondance et diversifier les routes disponibles en cas de panne sur l&rsquo;un des syst\u00e8mes existants.<\/p>\n<p dir=\"ltr\">Orange va effectuer l&rsquo;atterrage et la connexion aux r\u00e9seaux terrestres. La pose du c\u00e2ble sera assur\u00e9e par Orange Marine, tandis que sa conception et sa fabrication ont \u00e9t\u00e9 confi\u00e9es \u00e0 Alcatel Submarine Networks.<\/p>\n<p dir=\"ltr\">Le co\u00fbt global du projet est estim\u00e9 \u00e0 83 millions d&rsquo;euros. La R\u00e9gion R\u00e9union doit y mobiliser 30 millions d&rsquo;euros issus du Fonds europ\u00e9en de d\u00e9veloppement r\u00e9gional, le projet b\u00e9n\u00e9ficiant par ailleurs d&rsquo;un soutien au titre du programme Connecting Europe Facility et d&rsquo;un appui de l&rsquo;\u00c9tat. Les prochaines \u00e9tapes incluent des \u00e9tudes marines d\u00e9taill\u00e9es et l&rsquo;instruction des demandes de permis, en parall\u00e8le du lancement de la fabrication puis de la pose du c\u00e2ble. Le c\u00e2ble pourrait entrer en service d&rsquo;ici trois ans. Le consortium \u00e9voque d\u00e9j\u00e0 un second projet, reliant La R\u00e9union \u00e0 Singapour.<\/p>\n<p dir=\"ltr\">\u00a9 Un article de la r\u00e9daction de Mer et Marine. Reproduction interdite sans consentement du ou des auteurs.<\/p>\n<p dir=\"ltr\">\u00a0<\/p>\n","protected":false},"excerpt":{"rendered":"Orange et un consortium d&rsquo;acteurs r\u00e9unionnais ont annonc\u00e9 mercredi 2 septembre le projet de c\u00e2ble sous-marin ReuNION, une&hellip;\n","protected":false},"author":2,"featured_media":198605,"comment_status":"","ping_status":"","sticky":false,"template":"","format":"standard","meta":{"footnotes":"","_share_on_mastodon":"0"},"categories":[4],"tags":[6,24,38,25,33,26,30,22,31,36,29,35,20,23,21,19,27,34,28,37,32],"class_list":["post-198604","post","type-post","status-publish","format-standard","has-post-thumbnail","category-afrique","tag-afrique","tag-chantiers","tag-commando","tag-construction-navale","tag-costa","tag-croisiere","tag-dcns","tag-defense","tag-euronaval","tag-fremm","tag-interviews","tag-littoral","tag-marine","tag-marine-nationale","tag-maritime","tag-mer","tag-offshore","tag-peche","tag-reportages","tag-sncm","tag-stx"],"share_on_mastodon":{"url":"https:\/\/pubeurope.com\/@afrique\/117203966517990129","error":""},"_links":{"self":[{"href":"https:\/\/www.europesays.com\/afrique\/wp-json\/wp\/v2\/posts\/198604","targetHints":{"allow":["GET"]}}],"collection":[{"href":"https:\/\/www.europesays.com\/afrique\/wp-json\/wp\/v2\/posts"}],"about":[{"href":"https:\/\/www.europesays.com\/afrique\/wp-json\/wp\/v2\/types\/post"}],"author":[{"embeddable":true,"href":"https:\/\/www.europesays.com\/afrique\/wp-json\/wp\/v2\/users\/2"}],"replies":[{"embeddable":true,"href":"https:\/\/www.europesays.com\/afrique\/wp-json\/wp\/v2\/comments?post=198604"}],"version-history":[{"count":0,"href":"https:\/\/www.europesays.com\/afrique\/wp-json\/wp\/v2\/posts\/198604\/revisions"}],"wp:featuredmedia":[{"embeddable":true,"href":"https:\/\/www.europesays.com\/afrique\/wp-json\/wp\/v2\/media\/198605"}],"wp:attachment":[{"href":"https:\/\/www.europesays.com\/afrique\/wp-json\/wp\/v2\/media?parent=198604"}],"wp:term":[{"taxonomy":"category","embeddable":true,"href":"https:\/\/www.europesays.com\/afrique\/wp-json\/wp\/v2\/categories?post=198604"},{"taxonomy":"post_tag","embeddable":true,"href":"https:\/\/www.europesays.com\/afrique\/wp-json\/wp\/v2\/tags?post=198604"}],"curies":[{"name":"wp","href":"https:\/\/api.w.org\/{rel}","templated":true}]}}