{"id":198608,"date":"2026-09-02T23:18:53","date_gmt":"2026-09-02T23:18:53","guid":{"rendered":"https:\/\/www.europesays.com\/afrique\/198608\/"},"modified":"2026-09-02T23:18:53","modified_gmt":"2026-09-02T23:18:53","slug":"xi-en-visite-en-egypte-dans-lombre-de-la-guerre-au-moyen-orient-et-des-sanctions-americaines-2","status":"publish","type":"post","link":"https:\/\/www.europesays.com\/afrique\/198608\/","title":{"rendered":"Xi en visite en Egypte, dans l&rsquo;ombre de la guerre au Moyen-Orient et des sanctions am\u00e9ricaines"},"content":{"rendered":"<p>Au septi\u00e8me mois d&rsquo;un conflit qui n&rsquo;en finit pas, les Etats-Unis ont r\u00e9cemment lanc\u00e9 un avertissement aux pays continuant \u00e0 commercer avec l&rsquo;Iran, mena\u00e7ant de les couper du syst\u00e8me financier occidental.<\/p>\n<p>P\u00e9kin, partenaire majeur de T\u00e9h\u00e9ran, en particulier pour le p\u00e9trole, est en premi\u00e8re ligne et cherche l&rsquo;appui du Caire, dont les banques sont aussi cibl\u00e9es.<\/p>\n<p>Xi Jinping est arriv\u00e9 en soir\u00e9e au Caire, o\u00f9 il a \u00e9t\u00e9 accueilli par son homologue Abdel Fattah al-Sissi, ont constat\u00e9 des journalistes de l&rsquo;AFP.<\/p>\n<p>Pendant cette visite de deux jours, les deux hommes doivent s&rsquo;entretenir \u00ab\u00a0d&rsquo;un certain nombre de questions r\u00e9gionales et internationales d&rsquo;int\u00e9r\u00eat commun\u00a0\u00bb, dont la guerre r\u00e9gionale, le commerce et les investissements, selon un communiqu\u00e9 du bureau du pr\u00e9sident \u00e9gyptien.<\/p>\n<p>&#8211; \u00ab\u00a0Levier diplomatique\u00a0\u00bb &#8211;<\/p>\n<p><img alt=\"Le pr\u00e9sident chinois Xi Jinping et son \u00e9pouse, la Premi\u00e8re dame Peng Liyuan, \u00e0 leur arriv\u00e9e \u00e0 l'a\u00e9roport international du Caire pour une visite officielle en \u00c9gypte, le 1er septembre 2026\" loading=\"lazy\" decoding=\"async\" data-nimg=\"fill\" class=\" TwicCore_img__i9TC1 undefined  undefined\" style=\"position:absolute;height:100%;width:100%;left:0;top:0;right:0;bottom:0;color:transparent;background-size:cover;background-position:50% 50%;background-repeat:no-repeat;background-image:url(&quot;data:image\/svg+xml;charset=utf-8,%3Csvg xmlns='http:\/\/www.w3.org\/2000\/svg' %3E%3Cfilter id='b' color-interpolation-filters='sRGB'%3E%3CfeGaussianBlur stdDeviation='20'\/%3E%3CfeColorMatrix values='1 0 0 0 0 0 1 0 0 0 0 0 1 0 0 0 0 0 100 -1' result='s'\/%3E%3CfeFlood x='0' y='0' width='100%25' height='100%25'\/%3E%3CfeComposite operator='out' in='s'\/%3E%3CfeComposite in2='SourceGraphic'\/%3E%3CfeGaussianBlur stdDeviation='20'\/%3E%3C\/filter%3E%3Cimage width='100%25' height='100%25' x='0' y='0' preserveAspectRatio='none' style='filter: url(%23b);' href='data:image\/webp;base64,UklGRjYDAABXRUJQVlA4ICoDAABwOwCdASpYAjMBPkkkkEYipC2hIHHIYbAJCWlu4XY+BNqD18Y8NfsAGklspy5cuXLly5cuXLly5cuXLly5cuXLly5cuXLly5cuXLly5cuXLly5cuXLly5cuXLly5cuXLly5cuXLly5cuXLly5cuXLly5cOmSMpCYAqxrZTly5cuXLlb+kGzWSu8K3E1y5cuXLly5cuXLly586rC9hJ59veBEwBVjWynLly5cuXLug2VFzeerXpFBoE1DzVqRnK9boVWdU5uGOkJgCrGtlOXLl3LvfxUZpxwRcmsj79wb4EbKlE\/r22O42hBnpQFwx0hMAVY1spy4YzRxqGxu6c2HW2qsf0YBKFRSEwBVjWynLly5cuaOzYEbNk92seqt0qoLUhMAVY1spy5crUBhXE756j\/F5H4PuLhYztBdg85f1XvYrGtlOXLly5cuXLly8BqjFLIyVJAdajjWODMD9LlVAXDHSEwBVjWynLly9tbE8pMCyjcR7xcMdITAFWNbKcuXLly+D+fa3VF4N6KxrZTly5cuXLly5cuXLly5cuXLly5cuXLly5cuXLly5cuXLly5cuXLly5cuXLly5cuXLly5cuXLly5cuXLly5cuXLly5cuXLly5cuXLly5cuXLly5cuXLhAAAP7\/oF7\/uk\/U\/0X960XRsIAEB2AAAAAAN70kr1HHyAOX3hkoohV27A67FGK7ZDJxBrJxh4Ojbr\/WDeEfz\/7o3pHj59TQ8XGsQUhr3sN7hFK2Jryx8ktgST6T5ReQQ3\/8iFy18d24oI\/ehYDZRlXUy0Kupe8Eo1oGLy7EtnzszCA7wOSYi2TuBOTEajrI03t4X5RtPEfwApDODep6IxUiWEqwc10ClsN9PiXJYP\/ftxQ4kB\/fvVojv0hPD+UslrCvnBMHKjiIKuNWc2UVssi9Sc7OFkej4bXkVzuyn3wK6aai9cjlMoDj0aFvX1cABgc2Kb52QF9UStQKG7NBnYzqQyNQam2c8hYLfhjPkZw8Wtbagqpsowi5hfki1bc1bmdFsUiBCz012jpiep8diCSRABf4vizRKv35xIIAoAAAAAAAAAAAAAA='\/%3E%3C\/svg%3E&quot;)\"   src=\"https:\/\/www.europesays.com\/afrique\/wp-content\/uploads\/2026\/09\/26b62b462aed1fe667b478be91a4147188de44b2.jpg\"\/>Le pr\u00e9sident chinois Xi Jinping et son \u00e9pouse, la Premi\u00e8re dame Peng Liyuan, \u00e0 leur arriv\u00e9e \u00e0 l&rsquo;a\u00e9roport international du Caire pour une visite officielle en \u00c9gypte, le 1er septembre 2026 PHOTO AFP \/ Mohamed Abd El Ghany<\/p>\n<p>\u00ab\u00a0La visite de Xi intervient \u00e0 un moment o\u00f9 les int\u00e9r\u00eats \u00e9conomiques de la Chine sont directement expos\u00e9s \u00e0 la guerre entre les Etats-Unis et l&rsquo;Iran\u00a0\u00bb, commente pour l&rsquo;AFP Gamal Salama, professeur de sciences politiques \u00e0 l&rsquo;universit\u00e9 de Suez.<\/p>\n<p>\u00ab\u00a0La Chine consid\u00e8re Le Caire comme un acteur strat\u00e9gique influent\u00a0\u00bb, souligne-t-il. \u00ab\u00a0Ses relations tant avec Washington qu&rsquo;avec les acteurs r\u00e9gionaux peuvent offrir \u00e0 P\u00e9kin un acc\u00e8s politique et un levier diplomatique dans une r\u00e9gion\u00a0\u00bb o\u00f9 le g\u00e9ant asiatique \u00ab\u00a0veut avoir davantage voix au chapitre\u00a0\u00bb.<\/p>\n<p>L&rsquo;Egypte, qui b\u00e9n\u00e9ficie de longue date d&rsquo;une aide militaire am\u00e9ricaine, a particip\u00e9 aux efforts de m\u00e9diation dans le conflit au Moyen-Orient et a mis en garde en juillet contre une \u00ab\u00a0escalade\u00a0\u00bb, apr\u00e8s une attaque de drone sur un de ses ports.<\/p>\n<p>\u00ab\u00a0La Chine cherche clairement \u00e0 obtenir la coop\u00e9ration de l&rsquo;Egypte pour g\u00e9rer et orienter les affaires r\u00e9gionales\u00a0\u00bb, confirme Liu Jia, chercheur au Middle East Institute, bas\u00e9 \u00e0 Singapour. <\/p>\n<p>Elle est aussi soucieuse de renforcer sa coop\u00e9ration avec les alli\u00e9s de Washington, en amont de la visite de Xi pr\u00e9vue ce mois-ci aux Etats-Unis. Le roi de Jordanie, pays \u00e9galement entra\u00een\u00e9 dans la guerre, s&rsquo;est ainsi r\u00e9cemment rendu \u00e0 P\u00e9kin.<\/p>\n<p>&#8211; \u00ab\u00a0Autonomie strat\u00e9gique\u00a0\u00bb &#8211;<\/p>\n<p>Avec Abdel Fattah al-Sissi, Xi Jinping devrait aborder la question de l&rsquo;Iran et du strat\u00e9gique d\u00e9troit d&rsquo;Ormuz, de la mer Rouge et de Gaza, selon les m\u00e9dias au Caire.<\/p>\n<p>\u00ab\u00a0Je me r\u00e9jouis de renouer nos liens d&rsquo;amiti\u00e9 (&#8230;) afin de d\u00e9finir un nouveau plan d&rsquo;action visant \u00e0 approfondir le partenariat strat\u00e9gique global entre la Chine et l&rsquo;Egypte\u00a0\u00bb, a \u00e9crit Xi dans une tribune publi\u00e9e mardi dans la presse \u00e9gyptienne.<\/p>\n<p>Des accords sur l&rsquo;intelligence artificielle (IA), les centres de donn\u00e9es et la zone \u00e9conomique du canal de Suez sont notamment attendus.<\/p>\n<p>La Chine, qui jouit d&rsquo;un important exc\u00e9dent commercial avec l&rsquo;Egypte, s&rsquo;est impos\u00e9e comme un acteur incontournable au Moyen-Orient, multipliant partenariats \u00e9nerg\u00e9tiques et investissements.<\/p>\n<p>A travers cette visite du pr\u00e9sident chinois, qui intervient apr\u00e8s des exercices militaires conjoints men\u00e9s au mois d&rsquo;ao\u00fbt, l&rsquo;Egypte recherche avant tout \u00ab\u00a0l&rsquo;autonomie strat\u00e9gique: ne pas rompre avec Washington, ne pas s&rsquo;aligner compl\u00e8tement sur P\u00e9kin, mais d\u00e9gager une marge de manoeuvre suffisante pour d\u00e9fendre ses propres int\u00e9r\u00eats\u00a0\u00bb, r\u00e9sume Gamal Salama.<\/p>\n","protected":false},"excerpt":{"rendered":"Au septi\u00e8me mois d&rsquo;un conflit qui n&rsquo;en finit pas, les Etats-Unis ont r\u00e9cemment lanc\u00e9 un avertissement aux pays&hellip;\n","protected":false},"author":2,"featured_media":198609,"comment_status":"","ping_status":"","sticky":false,"template":"","format":"standard","meta":{"footnotes":"","_share_on_mastodon":"0"},"categories":[122],"tags":[58,228,90,139,655,1394,42570,377,2089],"class_list":["post-198608","post","type-post","status-publish","format-standard","has-post-thumbnail","category-egypte","tag-58","tag-dans","tag-des","tag-egypte","tag-france-monde","tag-guerre","tag-lombre","tag-moyen-orient","tag-visite"],"share_on_mastodon":{"url":"https:\/\/pubeurope.com\/@afrique\/117204009978447031","error":""},"_links":{"self":[{"href":"https:\/\/www.europesays.com\/afrique\/wp-json\/wp\/v2\/posts\/198608","targetHints":{"allow":["GET"]}}],"collection":[{"href":"https:\/\/www.europesays.com\/afrique\/wp-json\/wp\/v2\/posts"}],"about":[{"href":"https:\/\/www.europesays.com\/afrique\/wp-json\/wp\/v2\/types\/post"}],"author":[{"embeddable":true,"href":"https:\/\/www.europesays.com\/afrique\/wp-json\/wp\/v2\/users\/2"}],"replies":[{"embeddable":true,"href":"https:\/\/www.europesays.com\/afrique\/wp-json\/wp\/v2\/comments?post=198608"}],"version-history":[{"count":0,"href":"https:\/\/www.europesays.com\/afrique\/wp-json\/wp\/v2\/posts\/198608\/revisions"}],"wp:featuredmedia":[{"embeddable":true,"href":"https:\/\/www.europesays.com\/afrique\/wp-json\/wp\/v2\/media\/198609"}],"wp:attachment":[{"href":"https:\/\/www.europesays.com\/afrique\/wp-json\/wp\/v2\/media?parent=198608"}],"wp:term":[{"taxonomy":"category","embeddable":true,"href":"https:\/\/www.europesays.com\/afrique\/wp-json\/wp\/v2\/categories?post=198608"},{"taxonomy":"post_tag","embeddable":true,"href":"https:\/\/www.europesays.com\/afrique\/wp-json\/wp\/v2\/tags?post=198608"}],"curies":[{"name":"wp","href":"https:\/\/api.w.org\/{rel}","templated":true}]}}