{"id":198629,"date":"2026-09-02T23:38:29","date_gmt":"2026-09-02T23:38:29","guid":{"rendered":"https:\/\/www.europesays.com\/afrique\/198629\/"},"modified":"2026-09-02T23:38:29","modified_gmt":"2026-09-02T23:38:29","slug":"apres-lechec-avec-takatso-lafrique-du-sud-relance-la-recherche-dun-partenaire-strategique-pour-saa","status":"publish","type":"post","link":"https:\/\/www.europesays.com\/afrique\/198629\/","title":{"rendered":"Apr\u00e8s l&rsquo;\u00e9chec avec Takatso, l&rsquo;Afrique du Sud relance la recherche d&rsquo;un partenaire strat\u00e9gique pour SAA"},"content":{"rendered":"<p>Le gouvernement sud-africain a approuv\u00e9 fin ao\u00fbt le lancement d&rsquo;un nouveau processus pour trouver un investisseur strat\u00e9gique dans la compagnie a\u00e9rienne nationale, deux ans apr\u00e8s l&rsquo;\u00e9chec de l&rsquo;accord avec le consortium Takatso.<\/p>\n<p><img loading=\"lazy\" decoding=\"async\" width=\"353\" height=\"500\" alt=\"\" style=\"max-width:100%; height:auto;\" class=\"perfmatters-lazy\" src=\"https:\/\/www.europesays.com\/afrique\/wp-content\/uploads\/2026\/07\/Pigier-journee.webp\"\/><\/p>\n<p>Le gouvernement sud-africain a approuv\u00e9, le 26 ao\u00fbt 2026, le lancement d\u2019un nouveau processus de recherche d\u2019un partenaire strat\u00e9gique pour South African Airways (SAA), pr\u00e8s de deux ans et demi apr\u00e8s l\u2019\u00e9chec de l\u2019accord conclu avec le consortium Takatso. Pretoria cherche ainsi \u00e0 r\u00e9duire son exposition financi\u00e8re dans la compagnie a\u00e9rienne nationale, tout en s\u2019assurant que celle-ci dispose de garanties suffisantes pour attirer durablement des capitaux priv\u00e9s.<\/p>\n<p>Selon le Cabinet sud-africain, cette nouvelle tentative vise \u00e0 renforcer le bilan financier de SAA, am\u00e9liorer son acc\u00e8s au capital et \u00e0 l\u2019expertise a\u00e9ronautique, soutenir l\u2019expansion de son r\u00e9seau et moderniser une flotte vieillissante. L\u2019objectif affich\u00e9 est de faire de la compagnie un transporteur national \u00ab cr\u00e9dible, capable d\u2019attirer des investissements et autonome financi\u00e8rement \u00bb.<\/p>\n<p>Le pr\u00e9c\u00e9dent projet d\u2019ouverture du capital de SAA, lanc\u00e9 en 2021 avec le consortium Takatso Aviation, pr\u00e9voyait la cession de 51 % des parts de la compagnie, l\u2019\u00c9tat sud-africain conservant les 49 % restants. Apr\u00e8s plusieurs ann\u00e9es de n\u00e9gociations et d\u2019approbations r\u00e9glementaires conditionnelles, cet accord avait \u00e9t\u00e9 abandonn\u00e9 en mars 2024, en raison de d\u00e9saccords sur la valorisation de la compagnie, auxquels s\u2019\u00e9taient ajout\u00e9s des probl\u00e8mes de gouvernance et d\u2019audit financier.<\/p>\n<p>La compagnie doit d\u00e9sormais surmonter plusieurs obstacles de gouvernance susceptibles de dissuader d\u2019\u00e9ventuels investisseurs. Pour l\u2019exercice clos en mars 2025, le v\u00e9rificateur g\u00e9n\u00e9ral d\u2019Afrique du Sud n\u2019a pas pu exprimer d\u2019opinion sur les \u00e9tats financiers de SAA, faute d\u2019\u00e9l\u00e9ments probants suffisants.<\/p>\n<p>Une direction fragilis\u00e9e par plusieurs d\u00e9parts<\/p>\n<p>La compagnie a \u00e9galement connu une forte instabilit\u00e9 \u00e0 sa t\u00eate ces derniers mois. L\u2019ancien directeur g\u00e9n\u00e9ral John Lamola et plusieurs administrateurs non ex\u00e9cutifs ont quitt\u00e9 leurs fonctions en avril 2026, avant qu\u2019une \u00e9quipe int\u00e9rimaire ne soit install\u00e9e pour redresser la gestion des d\u00e9penses et l\u2019efficacit\u00e9 op\u00e9rationnelle de l\u2019entreprise. Le directeur g\u00e9n\u00e9ral int\u00e9rimaire, Matshela Seshibe, a lui-m\u00eame \u00e9t\u00e9 plac\u00e9 en cong\u00e9 sp\u00e9cial en ao\u00fbt 2026, apr\u00e8s seulement quatre mois en poste, la directrice juridique Koekie Mbeki assurant depuis l\u2019int\u00e9rim \u00e0 la t\u00eate de la compagnie.<\/p>\n<p>Pour convaincre un partenaire viable de s\u2019engager, SAA devra d\u00e9montrer une meilleure visibilit\u00e9 financi\u00e8re, une gouvernance stabilis\u00e9e et une strat\u00e9gie de d\u00e9veloppement cr\u00e9dible, des exigences que le pr\u00e9c\u00e9dent processus avec Takatso n\u2019avait pas r\u00e9ussi \u00e0 satisfaire.<\/p>\n","protected":false},"excerpt":{"rendered":"Le gouvernement sud-africain a approuv\u00e9 fin ao\u00fbt le lancement d&rsquo;un nouveau processus pour trouver un investisseur strat\u00e9gique dans&hellip;\n","protected":false},"author":2,"featured_media":198630,"comment_status":"","ping_status":"","sticky":false,"template":"","format":"standard","meta":{"footnotes":"","_share_on_mastodon":"0"},"categories":[123],"tags":[6,140,23888,43322,7,46880,7717,2951,668,352,60268],"class_list":["post-198629","post","type-post","status-publish","format-standard","has-post-thumbnail","category-afrique-du-sud","tag-afrique","tag-afrique-du-sud","tag-drsquo","tag-echec","tag-economie","tag-lrsquo","tag-partenaire","tag-recherche","tag-relance","tag-strategique","tag-takatso"],"share_on_mastodon":{"url":"https:\/\/pubeurope.com\/@afrique\/117204085167209572","error":""},"_links":{"self":[{"href":"https:\/\/www.europesays.com\/afrique\/wp-json\/wp\/v2\/posts\/198629","targetHints":{"allow":["GET"]}}],"collection":[{"href":"https:\/\/www.europesays.com\/afrique\/wp-json\/wp\/v2\/posts"}],"about":[{"href":"https:\/\/www.europesays.com\/afrique\/wp-json\/wp\/v2\/types\/post"}],"author":[{"embeddable":true,"href":"https:\/\/www.europesays.com\/afrique\/wp-json\/wp\/v2\/users\/2"}],"replies":[{"embeddable":true,"href":"https:\/\/www.europesays.com\/afrique\/wp-json\/wp\/v2\/comments?post=198629"}],"version-history":[{"count":0,"href":"https:\/\/www.europesays.com\/afrique\/wp-json\/wp\/v2\/posts\/198629\/revisions"}],"wp:featuredmedia":[{"embeddable":true,"href":"https:\/\/www.europesays.com\/afrique\/wp-json\/wp\/v2\/media\/198630"}],"wp:attachment":[{"href":"https:\/\/www.europesays.com\/afrique\/wp-json\/wp\/v2\/media?parent=198629"}],"wp:term":[{"taxonomy":"category","embeddable":true,"href":"https:\/\/www.europesays.com\/afrique\/wp-json\/wp\/v2\/categories?post=198629"},{"taxonomy":"post_tag","embeddable":true,"href":"https:\/\/www.europesays.com\/afrique\/wp-json\/wp\/v2\/tags?post=198629"}],"curies":[{"name":"wp","href":"https:\/\/api.w.org\/{rel}","templated":true}]}}