{"id":198704,"date":"2026-09-03T01:17:08","date_gmt":"2026-09-03T01:17:08","guid":{"rendered":"https:\/\/www.europesays.com\/afrique\/198704\/"},"modified":"2026-09-03T01:17:08","modified_gmt":"2026-09-03T01:17:08","slug":"hommage-au-cheikh-mouhamadoul-macky-ibrahima-niass-au-senegal","status":"publish","type":"post","link":"https:\/\/www.europesays.com\/afrique\/198704\/","title":{"rendered":"Hommage au Cheikh Mouhamadoul Macky Ibrahima Niass au S\u00e9n\u00e9gal"},"content":{"rendered":"\n<p>\u2019Le d\u00e9c\u00e8s de Cheikh Macky Ibrahima Niass est une grande perte pour la famille de Cheikh Al Islam Cheikh Ibrahima Niass, pour sa famille et la Fayda tidjaniya , pour toute la communaut\u00e9 islamique du S\u00e9n\u00e9gal et du monde entier\u2019\u2019, a-t-il d\u00e9clar\u00e9 lors de la c\u00e9r\u00e9monie officielle de la 143-\u00e8me \u00e9dition du Gamou de Ndiassane.<\/p>\n<p>\u00a0<\/p>\n<p>Cheikh Mouhamadou Macky Ibrahima Niass, fils de Cheikh Ibrahima Niass est rappel\u00e9 \u00e0 Dieu lundi au Maroc \u00e0 l\u2019\u00e2ge de 83 ans des suites d\u2019une maladie.<\/p>\n<p>\u00a0<\/p>\n<p>N\u00e9 en 1943 \u00e0 M\u00e9dina Baye, Cheikh Macky Ibrahima Niass \u00e9tait une figure religieuse tr\u00e8s remarqu\u00e9e dans la Hadara de la Fayda Tidjaniya. Il animait plusieurs causeries et pr\u00eaches sur le Proph\u00e8te Mouhamad (PSL) avec une intonation vocale qui rappelle celle de son v\u00e9n\u00e9r\u00e9 p\u00e8re.<\/p>\n<p>\u00a0<\/p>\n<p>Apr\u00e8s avoir m\u00e9moris\u00e9 le Saint Coran chez son p\u00e8re, il est vite orient\u00e9 dans les \u00e9tudes islamiques. Cheikh Macky Ibrahima Niass est d\u2019abord parti en Mauritanie avant d\u2019int\u00e9grer l\u2019universit\u00e9 islamique Al Azhar du Caire en Egypte o\u00f9 il obtient son dipl\u00f4me en 1976.<\/p>\n<p>\u00a0<\/p>\n<p>De retour au S\u00e9n\u00e9gal, un an apr\u00e8s le d\u00e9c\u00e8s de son p\u00e8re Cheikh Ibrahima Niass, il int\u00e9gra l\u2019Ecole normale sup\u00e9rieure du S\u00e9n\u00e9gal o\u00f9 il obtint son dipl\u00f4me apr\u00e8s deux ann\u00e9es de formation.<\/p>\n<p>\u00a0<\/p>\n<p>Selon M. Dram\u00e9, le d\u00e9funt \u00e9tait \u2018\u2019un savant, un homme de paix, un enseignant, un \u00e9ducateur et un formateur\u2019\u2019, qui incarnait \u2018\u2019des valeurs religieuses, sociales et morales\u2019\u2019.<\/p>\n<p>\u00a0<\/p>\n<p>Pour le d\u00e9l\u00e9gu\u00e9 g\u00e9n\u00e9ral aux Affaires religieuses, la disparition de Cheikh Macky Ibrahima Niass, est une \u201dperte \u00e9norme\u201d, qualifiant le d\u00e9funt de \u201dmod\u00e8le\u201d pour la communaut\u00e9 musulmane du S\u00e9n\u00e9gal et d\u2019ailleurs.<\/p>\n<p>\u00a0<\/p>\n<p>Dr Dram\u00e9 a salu\u00e9 la contribution au d\u00e9veloppement de l\u2019islam et de l\u2019enseignement arabo-islamique au S\u00e9n\u00e9gal de Cheikh Macky Ibrahima Niass qui a servi une trentaine d\u2019ann\u00e9es dans l\u2019\u00e9cole publique s\u00e9n\u00e9galaise comme enseignant en langue arabe.<\/p>\n<p>\u00a0<\/p>\n<p>D\u2019une personnalit\u00e9 marqu\u00e9e par \u2018\u2019le calme et la discr\u00e9tion\u2019\u2019, Cheikh Maky Ibrahima Niass \u2018\u2019a pass\u00e9 sa vie \u00e0 enseigner par ses discours, par ses d\u00e9placements et \u00e0 conscientiser\u2019\u2019, a t\u00e9moign\u00e9 Dr Djim Dram\u00e9.<\/p>\n<p>\u00a0<\/p>\n<p>La D\u00e9l\u00e9gation g\u00e9n\u00e9rale aux Affaires religieuses a pr\u00e9sent\u00e9 ses condol\u00e9ances \u00e0 la famille du d\u00e9funt ainsi qu\u2019au khalife g\u00e9n\u00e9ral de la Fayda Tidjaniya Cheikh Mahi Ibrahima Niass.<\/p>\n<p>Aps.sn<\/p>\n","protected":false},"excerpt":{"rendered":"\u2019Le d\u00e9c\u00e8s de Cheikh Macky Ibrahima Niass est une grande perte pour la famille de Cheikh Al Islam&hellip;\n","protected":false},"author":2,"featured_media":198705,"comment_status":"","ping_status":"","sticky":false,"template":"","format":"standard","meta":{"footnotes":"","_share_on_mastodon":"0"},"categories":[84],"tags":[12987,47915,14419,11],"class_list":["post-198704","post","type-post","status-publish","format-standard","has-post-thumbnail","category-senegal","tag-disparition","tag-enseignement-islamique","tag-hommage","tag-senegal"],"share_on_mastodon":{"url":"https:\/\/pubeurope.com\/@afrique\/117204473811502001","error":""},"_links":{"self":[{"href":"https:\/\/www.europesays.com\/afrique\/wp-json\/wp\/v2\/posts\/198704","targetHints":{"allow":["GET"]}}],"collection":[{"href":"https:\/\/www.europesays.com\/afrique\/wp-json\/wp\/v2\/posts"}],"about":[{"href":"https:\/\/www.europesays.com\/afrique\/wp-json\/wp\/v2\/types\/post"}],"author":[{"embeddable":true,"href":"https:\/\/www.europesays.com\/afrique\/wp-json\/wp\/v2\/users\/2"}],"replies":[{"embeddable":true,"href":"https:\/\/www.europesays.com\/afrique\/wp-json\/wp\/v2\/comments?post=198704"}],"version-history":[{"count":0,"href":"https:\/\/www.europesays.com\/afrique\/wp-json\/wp\/v2\/posts\/198704\/revisions"}],"wp:featuredmedia":[{"embeddable":true,"href":"https:\/\/www.europesays.com\/afrique\/wp-json\/wp\/v2\/media\/198705"}],"wp:attachment":[{"href":"https:\/\/www.europesays.com\/afrique\/wp-json\/wp\/v2\/media?parent=198704"}],"wp:term":[{"taxonomy":"category","embeddable":true,"href":"https:\/\/www.europesays.com\/afrique\/wp-json\/wp\/v2\/categories?post=198704"},{"taxonomy":"post_tag","embeddable":true,"href":"https:\/\/www.europesays.com\/afrique\/wp-json\/wp\/v2\/tags?post=198704"}],"curies":[{"name":"wp","href":"https:\/\/api.w.org\/{rel}","templated":true}]}}