{"id":198757,"date":"2026-09-03T02:47:43","date_gmt":"2026-09-03T02:47:43","guid":{"rendered":"https:\/\/www.europesays.com\/afrique\/198757\/"},"modified":"2026-09-03T02:47:43","modified_gmt":"2026-09-03T02:47:43","slug":"cour-supreme-le-dossier-des-ex-collaborateurs-de-france-24-en-algerie-clos","status":"publish","type":"post","link":"https:\/\/www.europesays.com\/afrique\/198757\/","title":{"rendered":"Cour supr\u00eame : le dossier des ex-collaborateurs de France 24 en Alg\u00e9rie clos"},"content":{"rendered":"<p>La Cour supr\u00eame a rendu sa d\u00e9cision concernant la proc\u00e9dure judiciaire visant Moncef A\u00eft-Kaci, ancien correspondant de la cha\u00eene d\u2019information<a href=\"https:\/\/lematindalgerie.com\/le-reportage-de-france-24-qui-a-irrite-le-regime-et-laps\/\" rel=\"nofollow noopener\" target=\"_blank\"> France 24<\/a> en Alg\u00e9rie, ainsi que le prestataire technique Ramdane Rahmouni. En rejetant le pourvoi en cassation formul\u00e9 par le minist\u00e8re public, la haute juridiction scelle d\u00e9finitivement ce dossier apr\u00e8s plusieurs ann\u00e9es de d\u00e9marches juridiques.<\/p>\n<p class=\"wp-block-paragraph\">Cette mesure confirme, sans voie de recours ult\u00e9rieure, le jugement \u00e9mis par le tribunal d\u2019appel. Contact\u00e9 par le m\u00e9dia Casbah Tribune, le journaliste a lui-m\u00eame confirm\u00e9 l\u2019aboutissement de la proc\u00e9dure, relayant les indications fournies par son avocat, Me Omar Baahmed.<\/p>\n<p>Retour sur une affaire ouverte en 2019<\/p>\n<p class=\"wp-block-paragraph\">Cette affaire remonte \u00e0 novembre 2019, lorsque le journaliste <a href=\"https:\/\/lematindalgerie.com\/jugement-de-moncef-ait-kaci-france-24-exprime-sa-vive-inquietude\/\" rel=\"nofollow noopener\" target=\"_blank\">Moncef A\u00eft Kaci <\/a>avait \u00e9t\u00e9 entendu par la police au sujet de ses liens avec Ramdane Rahmouni, g\u00e9rant de la soci\u00e9t\u00e9 de production MSCom, prestataire technique de France 24 en Alg\u00e9rie. Elle avait pris un tour plus grave le 28 juillet 2020, lorsque le journaliste et son collaborateur avaient \u00e9t\u00e9 arr\u00eat\u00e9s et plac\u00e9s sous mandat de d\u00e9p\u00f4t par le tribunal de Bir Mourad Ra\u00efs, avant d\u2019\u00eatre remis en libert\u00e9 provisoire d\u00e8s le lendemain. Leur interpellation, intervenue quelques semaines apr\u00e8s un entretien accord\u00e9 par le pr\u00e9sident Abdelmadjid Tebboune \u00e0 <a href=\"https:\/\/lematindalgerie.com\/laps-accuse-france-24-chaine-poubelle-et-relais-du-mak\/\" rel=\"nofollow noopener\" target=\"_blank\">France 24,<\/a> avait suscit\u00e9 de vives r\u00e9actions, notamment de la part de Reporters sans fronti\u00e8res, qui avait d\u00e9nonc\u00e9 une \u00ab r\u00e9pression accrue de la libert\u00e9 de la presse \u00bb en Alg\u00e9rie.<\/p>\n<p class=\"wp-block-paragraph\">Les deux hommes \u00e9taient poursuivis, aux c\u00f4t\u00e9s de deux autres pr\u00e9venus, pour \u00ab atteinte \u00e0 l\u2019int\u00e9r\u00eat national \u00bb et \u00ab financement re\u00e7u de l\u2019\u00e9tranger \u00bb, sur la base des articles 95 et 96 du Code p\u00e9nal, ainsi que pour collaboration sans accr\u00e9ditation avec une cha\u00eene de t\u00e9l\u00e9vision \u00e9trang\u00e8re.<\/p>\n<p>Une relaxe partielle confirm\u00e9e en appel<\/p>\n<p class=\"wp-block-paragraph\">Le 22 mars 2023, le tribunal de Bir Mourad Ra\u00efs avait relax\u00e9 les pr\u00e9venus des chefs d\u2019accusation li\u00e9s aux articles 95 et 96, ne retenant que l\u2019infraction de collaboration sans accr\u00e9ditation. Moncef A\u00eft Kaci avait alors \u00e9t\u00e9 condamn\u00e9 \u00e0 une amende de 100 000 dinars, et Ramdane Rahmouni \u00e0 une amende d\u2019un million de dinars. Le parquet avait par la suite requis une aggravation de la peine, r\u00e9clamant trois ans de prison ferme contre les deux hommes. En novembre 2023, la cour d\u2019appel d\u2019Alger avait toutefois confirm\u00e9 la relaxe sur les chefs d\u2019accusation les plus lourds, ne maintenant que la condamnation \u00e0 l\u2019amende pour d\u00e9faut d\u2019accr\u00e9ditation.<\/p>\n<p>Une d\u00e9cision qui met un terme d\u00e9finitif aux poursuites<\/p>\n<p class=\"wp-block-paragraph\">L\u2019arr\u00eat rendu par la Cour supr\u00eame \u00e9teint ainsi toutes les poursuites engag\u00e9es dans cette affaire administrative et judiciaire, mettant un terme final aux proc\u00e9dures dont faisaient l\u2019objet les deux professionnels depuis leur interpellation initiale en juillet 2020. En rejetant le pourvoi du minist\u00e8re public, qui cherchait \u00e0 obtenir une sanction plus s\u00e9v\u00e8re, la haute juridiction cl\u00f4t ainsi un dossier embl\u00e9matique des difficult\u00e9s rencontr\u00e9es par les correspondants de m\u00e9dias \u00e9trangers exer\u00e7ant en Alg\u00e9rie.<\/p>\n<p class=\"wp-block-paragraph\">Samia Na\u00eft Iqbal<\/p>\n","protected":false},"excerpt":{"rendered":"La Cour supr\u00eame a rendu sa d\u00e9cision concernant la proc\u00e9dure judiciaire visant Moncef A\u00eft-Kaci, ancien correspondant de la&hellip;\n","protected":false},"author":2,"featured_media":198758,"comment_status":"","ping_status":"","sticky":false,"template":"","format":"standard","meta":{"footnotes":"","_share_on_mastodon":"0"},"categories":[85],"tags":[1017,116,26477,6839,4103],"class_list":["post-198757","post","type-post","status-publish","format-standard","has-post-thumbnail","category-algerie","tag-abdelmadjid-tebboune","tag-algerie","tag-arbitraire","tag-censure","tag-france-24"],"share_on_mastodon":{"url":"https:\/\/pubeurope.com\/@afrique\/117204827690756750","error":""},"_links":{"self":[{"href":"https:\/\/www.europesays.com\/afrique\/wp-json\/wp\/v2\/posts\/198757","targetHints":{"allow":["GET"]}}],"collection":[{"href":"https:\/\/www.europesays.com\/afrique\/wp-json\/wp\/v2\/posts"}],"about":[{"href":"https:\/\/www.europesays.com\/afrique\/wp-json\/wp\/v2\/types\/post"}],"author":[{"embeddable":true,"href":"https:\/\/www.europesays.com\/afrique\/wp-json\/wp\/v2\/users\/2"}],"replies":[{"embeddable":true,"href":"https:\/\/www.europesays.com\/afrique\/wp-json\/wp\/v2\/comments?post=198757"}],"version-history":[{"count":0,"href":"https:\/\/www.europesays.com\/afrique\/wp-json\/wp\/v2\/posts\/198757\/revisions"}],"wp:featuredmedia":[{"embeddable":true,"href":"https:\/\/www.europesays.com\/afrique\/wp-json\/wp\/v2\/media\/198758"}],"wp:attachment":[{"href":"https:\/\/www.europesays.com\/afrique\/wp-json\/wp\/v2\/media?parent=198757"}],"wp:term":[{"taxonomy":"category","embeddable":true,"href":"https:\/\/www.europesays.com\/afrique\/wp-json\/wp\/v2\/categories?post=198757"},{"taxonomy":"post_tag","embeddable":true,"href":"https:\/\/www.europesays.com\/afrique\/wp-json\/wp\/v2\/tags?post=198757"}],"curies":[{"name":"wp","href":"https:\/\/api.w.org\/{rel}","templated":true}]}}