{"id":198809,"date":"2026-09-03T04:13:10","date_gmt":"2026-09-03T04:13:10","guid":{"rendered":"https:\/\/www.europesays.com\/afrique\/198809\/"},"modified":"2026-09-03T04:13:10","modified_gmt":"2026-09-03T04:13:10","slug":"lalgerie-va-emprisonner-les-narcotrafiquants-dans-lun-des-pires-deserts-au-monde","status":"publish","type":"post","link":"https:\/\/www.europesays.com\/afrique\/198809\/","title":{"rendered":"L\u2019Alg\u00e9rie va emprisonner les narcotrafiquants dans l\u2019un des pires d\u00e9serts au monde"},"content":{"rendered":"<p>C\u2019est une mesure radicale dans la lutte contre le trafic de drogue. L\u2019<a href=\"https:\/\/www.20minutes.fr\/dossier\/algerie\" target=\"_blank\" class=\"c-link c-link--is-underlined\" rel=\"nofollow noopener\">Alg\u00e9rie<\/a> a d\u00e9cid\u00e9 d\u2019envoyer les narcotrafiquants dans l\u2019une des r\u00e9gions les plus inhospitali\u00e8res de la plan\u00e8te. Une caserne militaire situ\u00e9e dans le d\u00e9sert du Tanezrouft va pour cela \u00eatre transform\u00e9e en prison de haute s\u00e9curit\u00e9 destin\u00e9e aux narcotrafiquants, a annonc\u00e9 mercredi la pr\u00e9sidence alg\u00e9rienne.<\/p>\n<p>La d\u00e9cision a \u00e9t\u00e9 prise lors d\u2019une r\u00e9union du Haut Conseil de s\u00e9curit\u00e9 pr\u00e9sid\u00e9e par le chef de l\u2019Etat Abdelmadjid Tebboune. La future prison sera r\u00e9serv\u00e9e aux \u00ab\u00a0barons de la drogue et aux trafiquants\u00a0\u00bb, selon un communiqu\u00e9 de la pr\u00e9sidence, qui n\u2019a pas donn\u00e9 d\u2019autres d\u00e9tails.<\/p>\n<p>L\u2019exemple de la DEA<\/p>\n<p>Les autorit\u00e9s ont \u00e9galement d\u00e9cid\u00e9 de cr\u00e9er un organisme s\u00e9curitaire sp\u00e9cialis\u00e9 dans la lutte antidrogue, sur le mod\u00e8le d\u2019agences existant dans plusieurs pays, notamment la Drug Enforcement Administration (DEA) aux <a href=\"https:\/\/www.20minutes.fr\/monde\/etats-unis\/\" target=\"_blank\" class=\"c-link c-link--is-underlined\" rel=\"nofollow noopener\">Etats-Unis<\/a>.<\/p>\n<p>Cette annonce intervient alors que les autorit\u00e9s multiplient les mises en garde contre l\u2019essor du trafic de stup\u00e9fiants dans ce pays de pr\u00e8s de 46\u00a0millions d\u2019habitants, vaste territoire m\u00e9diterran\u00e9en disposant d\u2019environ 6.400 kilom\u00e8tres de fronti\u00e8res terrestres. Selon des chiffres attribu\u00e9s \u00e0 l\u2019Office national de lutte contre la drogue et la toxicomanie (ONLCDT), l\u2019Alg\u00e9rie comptait en\u00a02024 plus de trois millions de toxicomanes.<\/p>\n<p><a href=\"https:\/\/www.20minutes.fr\/dossier\/algerie\" target=\"_blank\" class=\"c-link c-btn c-btn--primary\" rel=\"nofollow noopener\">Nos articles sur l&rsquo;Alg\u00e9rie<\/a><\/p>\n<p>Situ\u00e9 dans l\u2019extr\u00eame sud-ouest alg\u00e9rien, \u00e0 la fronti\u00e8re du <a href=\"https:\/\/www.20minutes.fr\/dossier\/mali\" target=\"_blank\" class=\"c-link c-link--is-underlined\" rel=\"nofollow noopener\">Mali<\/a>, le Tanezrouft est un d\u00e9sert quasi inhabit\u00e9 o\u00f9 les temp\u00e9ratures peuvent d\u00e9passer 50\u00a0\u00b0C en \u00e9t\u00e9. Surnomm\u00e9 le \u00ab\u00a0pays de la soif\u00a0\u00bb, il est consid\u00e9r\u00e9 comme l\u2019une des zones les plus recul\u00e9es et hostiles du Sahara.<\/p>\n","protected":false},"excerpt":{"rendered":"C\u2019est une mesure radicale dans la lutte contre le trafic de drogue. L\u2019Alg\u00e9rie a d\u00e9cid\u00e9 d\u2019envoyer les narcotrafiquants&hellip;\n","protected":false},"author":2,"featured_media":198810,"comment_status":"","ping_status":"","sticky":false,"template":"","format":"standard","meta":{"footnotes":"","_share_on_mastodon":"0"},"categories":[85],"tags":[281,116,1555,133,6477,8101,1022],"class_list":["post-198809","post","type-post","status-publish","format-standard","has-post-thumbnail","category-algerie","tag-actualite","tag-algerie","tag-drogue","tag-monde","tag-narcotrafic","tag-trafic-de-drogue","tag-video"],"share_on_mastodon":{"url":"https:\/\/pubeurope.com\/@afrique\/117205165883514123","error":""},"_links":{"self":[{"href":"https:\/\/www.europesays.com\/afrique\/wp-json\/wp\/v2\/posts\/198809","targetHints":{"allow":["GET"]}}],"collection":[{"href":"https:\/\/www.europesays.com\/afrique\/wp-json\/wp\/v2\/posts"}],"about":[{"href":"https:\/\/www.europesays.com\/afrique\/wp-json\/wp\/v2\/types\/post"}],"author":[{"embeddable":true,"href":"https:\/\/www.europesays.com\/afrique\/wp-json\/wp\/v2\/users\/2"}],"replies":[{"embeddable":true,"href":"https:\/\/www.europesays.com\/afrique\/wp-json\/wp\/v2\/comments?post=198809"}],"version-history":[{"count":0,"href":"https:\/\/www.europesays.com\/afrique\/wp-json\/wp\/v2\/posts\/198809\/revisions"}],"wp:featuredmedia":[{"embeddable":true,"href":"https:\/\/www.europesays.com\/afrique\/wp-json\/wp\/v2\/media\/198810"}],"wp:attachment":[{"href":"https:\/\/www.europesays.com\/afrique\/wp-json\/wp\/v2\/media?parent=198809"}],"wp:term":[{"taxonomy":"category","embeddable":true,"href":"https:\/\/www.europesays.com\/afrique\/wp-json\/wp\/v2\/categories?post=198809"},{"taxonomy":"post_tag","embeddable":true,"href":"https:\/\/www.europesays.com\/afrique\/wp-json\/wp\/v2\/tags?post=198809"}],"curies":[{"name":"wp","href":"https:\/\/api.w.org\/{rel}","templated":true}]}}