{"id":199028,"date":"2026-09-03T09:28:15","date_gmt":"2026-09-03T09:28:15","guid":{"rendered":"https:\/\/www.europesays.com\/afrique\/199028\/"},"modified":"2026-09-03T09:28:15","modified_gmt":"2026-09-03T09:28:15","slug":"senegal-fonds-speciaux-le-bureau-de-lassemblee-nationale-fait-une-nouvelle-proposition-de-loi","status":"publish","type":"post","link":"https:\/\/www.europesays.com\/afrique\/199028\/","title":{"rendered":"S\u00e9n\u00e9gal: Fonds sp\u00e9ciaux &#8211; Le bureau de l&rsquo;Assembl\u00e9e nationale fait une nouvelle proposition de loi"},"content":{"rendered":"<p class=\"story-body-text\" data-para-word-count=\"35\">L&rsquo;Assembl\u00e9e nationale d\u00e9clare avoir fait une proposition de loi organique visant \u00e0 r\u00e9glementer l&rsquo;usage des fonds sp\u00e9ciaux, plus d&rsquo;une semaine apr\u00e8s que le Conseil constitutionnel a invalid\u00e9 une initiative parlementaire prise pour le m\u00eame objectif.<\/p>\n<p class=\"story-body-text\" data-para-word-count=\"32\">La nouvelle proposition faite par les d\u00e9put\u00e9s vise \u00e0 modifier la loi organique num\u00e9ro 2020-07 du 26 f\u00e9vrier 2020 relative aux lois de finances, selon un communiqu\u00e9 du bureau de ladite institution.<\/p>\n<p class=\"story-body-text\" data-para-word-count=\"18\">Les membres du bureau annoncent avoir examin\u00e9 et \u00ab\u00a0valid\u00e9\u00a0\u00bb, ce mercredi, la recevabilit\u00e9 de deux propositions de loi.<\/p>\n<p class=\"story-body-text\" data-para-word-count=\"23\">La proposition de loi organique modifiant la loi organique num\u00e9ro 2020-07 du 26 f\u00e9vrier 2020 relative aux lois de finances en fait partie.<\/p>\n<p class=\"story-body-text\" style=\"text-align: center;\">\n<p>Restez inform\u00e9 des derniers gros titres sur <a href=\"https:\/\/whatsapp.com\/channel\/0029Vae09IP4inotqC0BUQ2V\" target=\"_blank\" rel=\"nofollow noopener\">WhatsApp<\/a> | <a href=\"https:\/\/www.linkedin.com\/company\/allafrica\/\" target=\"_blank\" rel=\"nofollow noopener\">LinkedIn<\/a><\/p>\n<p class=\"story-body-text\" data-para-word-count=\"21\">Le bureau de l&rsquo;Assembl\u00e9e nationale a \u00ab\u00a0valid\u00e9\u00a0\u00bb aussi la recevabilit\u00e9 d&rsquo;une proposition de loi relative \u00e0 la sant\u00e9 en milieu carc\u00e9ral.<\/p>\n<p class=\"story-body-text\" data-para-word-count=\"35\">\u00ab\u00a0Conform\u00e9ment aux dispositions de l&rsquo;article 69 du r\u00e8glement int\u00e9rieur de l&rsquo;Assembl\u00e9e nationale et pour donner suite \u00e0 la proc\u00e9dure, le bureau informe que le pr\u00e9sident de la R\u00e9publique sera saisi pour avis\u00a0\u00bb, ajoute le communiqu\u00e9.<\/p>\n<p class=\"story-body-text\" data-para-word-count=\"16\">Les fonds sp\u00e9ciaux sont des allocations budg\u00e9taires dont ne b\u00e9n\u00e9ficient que certaines institutions de la R\u00e9publique.<\/p>\n","protected":false},"excerpt":{"rendered":"L&rsquo;Assembl\u00e9e nationale d\u00e9clare avoir fait une proposition de loi organique visant \u00e0 r\u00e9glementer l&rsquo;usage des fonds sp\u00e9ciaux, plus&hellip;\n","protected":false},"author":2,"featured_media":68736,"comment_status":"","ping_status":"","sticky":false,"template":"","format":"standard","meta":{"footnotes":"","_share_on_mastodon":"0"},"categories":[84],"tags":[263,267,269,265,272,751,80,264,11,268,266,270,756],"class_list":["post-199028","post","type-post","status-publish","format-standard","has-post-thumbnail","category-senegal","tag-africa","tag-business","tag-current-events","tag-economy","tag-governance","tag-legal-and-judicial-affairs","tag-news","tag-politics","tag-senegal","tag-sports","tag-trade","tag-travel","tag-west-africa"],"share_on_mastodon":{"url":"https:\/\/pubeurope.com\/@afrique\/117206404705519120","error":""},"_links":{"self":[{"href":"https:\/\/www.europesays.com\/afrique\/wp-json\/wp\/v2\/posts\/199028","targetHints":{"allow":["GET"]}}],"collection":[{"href":"https:\/\/www.europesays.com\/afrique\/wp-json\/wp\/v2\/posts"}],"about":[{"href":"https:\/\/www.europesays.com\/afrique\/wp-json\/wp\/v2\/types\/post"}],"author":[{"embeddable":true,"href":"https:\/\/www.europesays.com\/afrique\/wp-json\/wp\/v2\/users\/2"}],"replies":[{"embeddable":true,"href":"https:\/\/www.europesays.com\/afrique\/wp-json\/wp\/v2\/comments?post=199028"}],"version-history":[{"count":0,"href":"https:\/\/www.europesays.com\/afrique\/wp-json\/wp\/v2\/posts\/199028\/revisions"}],"wp:featuredmedia":[{"embeddable":true,"href":"https:\/\/www.europesays.com\/afrique\/wp-json\/wp\/v2\/media\/68736"}],"wp:attachment":[{"href":"https:\/\/www.europesays.com\/afrique\/wp-json\/wp\/v2\/media?parent=199028"}],"wp:term":[{"taxonomy":"category","embeddable":true,"href":"https:\/\/www.europesays.com\/afrique\/wp-json\/wp\/v2\/categories?post=199028"},{"taxonomy":"post_tag","embeddable":true,"href":"https:\/\/www.europesays.com\/afrique\/wp-json\/wp\/v2\/tags?post=199028"}],"curies":[{"name":"wp","href":"https:\/\/api.w.org\/{rel}","templated":true}]}}