{"id":199041,"date":"2026-09-03T09:49:23","date_gmt":"2026-09-03T09:49:23","guid":{"rendered":"https:\/\/www.europesays.com\/afrique\/199041\/"},"modified":"2026-09-03T09:49:23","modified_gmt":"2026-09-03T09:49:23","slug":"la-chine-propose-quatre-points-concernant-la-structure-de-securite-du-moyen-orient","status":"publish","type":"post","link":"https:\/\/www.europesays.com\/afrique\/199041\/","title":{"rendered":"La Chine propose quatre points concernant la structure de s\u00e9curit\u00e9 du Moyen-Orient."},"content":{"rendered":"<p>Selon le correspondant de l&rsquo;agence de presse vietnamienne au Caire, lors de sa visite d&rsquo;\u00c9tat en \u00c9gypte le 2 septembre, le pr\u00e9sident <a class=\"data-link\" data-org-href=\"https:\/\/www.vietnam.vn\/fr\/tag\/trung-quoc\" href=\"https:\/\/www.vietnam.vn\/fr\/tag\/trung-quoc\" title=\"Chine\" target=\"_blank\" rel=\"nofollow noopener\">chinois<\/a> Xi Jinping a pr\u00e9sent\u00e9 une proposition en quatre points pour la construction d&rsquo;une nouvelle structure de s\u00e9curit\u00e9 au Moyen-Orient, comprenant l&rsquo;exploitation des dynamiques internes, la promotion d&rsquo;une approche holistique, la consolidation des fondements du d\u00e9veloppement et le renforcement de la coordination internationale.<\/p>\n<p> Cette proposition a \u00e9t\u00e9 formul\u00e9e dans la d\u00e9claration conjointe Chine-\u00c9gypte sur le renforcement du partenariat strat\u00e9gique global.<\/p>\n<p> Les deux parties ont soulign\u00e9 que la question palestinienne est centrale au Moyen-Orient et ont appel\u00e9 \u00e0 la consolidation imm\u00e9diate du cessez-le-feu dans la bande de Gaza, \u00e0 la garantie d&rsquo;un acc\u00e8s humanitaire sans restriction et \u00e0 la facilitation du retour rapide de l&rsquo;Autorit\u00e9 palestinienne \u00e0 l&rsquo;administration de Gaza.<\/p>\n<p> Les deux pays s&rsquo;opposent \u00e9galement \u00e0 tout projet visant \u00e0 expulser les Palestiniens de leurs terres, sous quelque pr\u00e9texte ou justification que ce soit.<\/p>\n<p> Concernant le Soudan, la Chine et l&rsquo;\u00c9gypte ont appel\u00e9 au respect de la souverainet\u00e9 et de l&rsquo;int\u00e9grit\u00e9 territoriale du pays et se sont engag\u00e9es \u00e0 coop\u00e9rer pour mettre fin au conflit et promouvoir un processus <a class=\"data-link\" data-org-href=\"https:\/\/www.vietnam.vn\/fr\/category\/chinh-tri\" href=\"https:\/\/www.vietnam.vn\/fr\/category\/chinh-tri\" title=\"politique\" target=\"_blank\" rel=\"nofollow noopener\">politique<\/a> men\u00e9 par les Soudanais.<\/p>\n<p> Concernant la mer Rouge, les deux parties ont convenu que la s\u00e9curit\u00e9 et la gouvernance de cette voie maritime rel\u00e8vent principalement de la responsabilit\u00e9 des \u00c9tats c\u00f4tiers.<\/p>\n<p> Au cours de cette visite, la Chine et l&rsquo;\u00c9gypte ont sign\u00e9 cinq accords officiels et plus de 20 documents de coop\u00e9ration dans les domaines <a class=\"data-link\" data-org-href=\"https:\/\/www.vietnam.vn\/fr\/category\/kinh-te\" href=\"https:\/\/www.vietnam.vn\/fr\/category\/kinh-te\" title=\"\u00e9conomie\" target=\"_blank\" rel=\"nofollow noopener\">de l&rsquo;\u00e9conomie<\/a> et de la technologie, de l&rsquo;industrie, des cha\u00eenes d&rsquo;approvisionnement, des technologies de l&rsquo;information, de la finance, des t\u00e9l\u00e9communications, des m\u00e9dias et du transfert de technologie.<\/p>\n<p> Les deux parties ont \u00e9galement promu la coop\u00e9ration dans le d\u00e9veloppement de la zone \u00e9conomique du canal de Suez et pr\u00e9voient d&rsquo;\u00e9tendre leur coop\u00e9ration dans les domaines suivants : v\u00e9hicules \u00e9lectriques, construction navale, \u00e9nergies renouvelables, dessalement de l&rsquo;eau de mer, semi-conducteurs, informatique en nuage, centres de donn\u00e9es, min\u00e9raux critiques, t\u00e9l\u00e9d\u00e9tection et intelligence artificielle (IA). <\/p>\n<p> Le pr\u00e9sident Xi Jinping et le pr\u00e9sident \u00e9gyptien Abdel Fattah El-Sisi ont convenu d&rsquo;\u00e9largir la coop\u00e9ration dans les domaines du tourisme, des \u00e9changes en mati\u00e8re d&rsquo;enseignement sup\u00e9rieur et d&rsquo;accro\u00eetre l&rsquo;acc\u00e8s des produits \u00e9gyptiens au march\u00e9 chinois.<\/p>\n<p> Il s&rsquo;agit de la premi\u00e8re visite du pr\u00e9sident Xi Jinping en \u00c9gypte depuis janvier 2016, date \u00e0 laquelle il avait prononc\u00e9 un discours au si\u00e8ge de la Ligue arabe au Caire. Cette visite co\u00efncide avec le 70e anniversaire de l&rsquo;\u00e9tablissement des relations diplomatiques entre les deux pays. <\/p>\n<p>\u200b<\/p>\n<p class=\"mb-0\"> Source : https:\/\/www.vietnamplus.vn\/trung-quoc-de-xuat-4-diem-ve-cau-truc-an-ninh-trung-dong-post1134043.vnp<\/p>\n","protected":false},"excerpt":{"rendered":"Selon le correspondant de l&rsquo;agence de presse vietnamienne au Caire, lors de sa visite d&rsquo;\u00c9tat en \u00c9gypte le&hellip;\n","protected":false},"author":2,"featured_media":199042,"comment_status":"","ping_status":"","sticky":false,"template":"","format":"standard","meta":{"footnotes":"","_share_on_mastodon":"0"},"categories":[122],"tags":[213,970,15672,139,377,244,641],"class_list":["post-199041","post","type-post","status-publish","format-standard","has-post-thumbnail","category-egypte","tag-chine","tag-conflit","tag-cooperer","tag-egypte","tag-moyen-orient","tag-securite","tag-xi-jinping"],"share_on_mastodon":{"url":"https:\/\/pubeurope.com\/@afrique\/117206487266293903","error":""},"_links":{"self":[{"href":"https:\/\/www.europesays.com\/afrique\/wp-json\/wp\/v2\/posts\/199041","targetHints":{"allow":["GET"]}}],"collection":[{"href":"https:\/\/www.europesays.com\/afrique\/wp-json\/wp\/v2\/posts"}],"about":[{"href":"https:\/\/www.europesays.com\/afrique\/wp-json\/wp\/v2\/types\/post"}],"author":[{"embeddable":true,"href":"https:\/\/www.europesays.com\/afrique\/wp-json\/wp\/v2\/users\/2"}],"replies":[{"embeddable":true,"href":"https:\/\/www.europesays.com\/afrique\/wp-json\/wp\/v2\/comments?post=199041"}],"version-history":[{"count":0,"href":"https:\/\/www.europesays.com\/afrique\/wp-json\/wp\/v2\/posts\/199041\/revisions"}],"wp:featuredmedia":[{"embeddable":true,"href":"https:\/\/www.europesays.com\/afrique\/wp-json\/wp\/v2\/media\/199042"}],"wp:attachment":[{"href":"https:\/\/www.europesays.com\/afrique\/wp-json\/wp\/v2\/media?parent=199041"}],"wp:term":[{"taxonomy":"category","embeddable":true,"href":"https:\/\/www.europesays.com\/afrique\/wp-json\/wp\/v2\/categories?post=199041"},{"taxonomy":"post_tag","embeddable":true,"href":"https:\/\/www.europesays.com\/afrique\/wp-json\/wp\/v2\/tags?post=199041"}],"curies":[{"name":"wp","href":"https:\/\/api.w.org\/{rel}","templated":true}]}}