{"id":199206,"date":"2026-09-03T13:15:38","date_gmt":"2026-09-03T13:15:38","guid":{"rendered":"https:\/\/www.europesays.com\/afrique\/199206\/"},"modified":"2026-09-03T13:15:38","modified_gmt":"2026-09-03T13:15:38","slug":"italie-deux-senegalais-au-coeur-de-deux-affaires-judiciaires-distinctes-a-genes-et-crema","status":"publish","type":"post","link":"https:\/\/www.europesays.com\/afrique\/199206\/","title":{"rendered":"Italie : deux S\u00e9n\u00e9galais au c\u0153ur de deux affaires judiciaires distinctes \u00e0 G\u00eanes et Crema"},"content":{"rendered":"<p>\t\t\t\t\t Deux affaires impliquant des ressortissants s\u00e9n\u00e9galais font actuellement l\u2019actualit\u00e9 judiciaire en Italie.<\/p>\n<p>\u00c0 G\u00eanes, dans le nord-ouest du pays, un S\u00e9n\u00e9galais \u00e2g\u00e9 de 23 ans a \u00e9t\u00e9 interpell\u00e9 le 27 ao\u00fbt dans le quartier de Castelletto. Selon Les \u00c9chos, le jeune homme, d\u00e9j\u00e0 connu des services de police, aurait tent\u00e9 de prendre la fuite apr\u00e8s avoir aper\u00e7u les agents.&#13;\t\t\t\t\t <\/p>\n<p>Il aurait \u00e9t\u00e9 rattrap\u00e9 quelques m\u00e8tres plus loin. La fouille de son sac \u00e0 dos aurait permis aux policiers de d\u00e9couvrir environ 1,2 kilogramme de coca\u00efne, conditionn\u00e9e en douze emballages sous cellophane, ainsi que 600 euros en esp\u00e8ces.&#13;\t\t\t\t\t <\/p>\n<p>Plus de 11 000 euros retrouv\u00e9s \u00e0 son domicile&#13;\t\t\t\t\t <br \/>&#13;\t\t\t\t\t <br \/>La perquisition effectu\u00e9e \u00e0 son domicile aurait \u00e9galement permis de d\u00e9couvrir 11 000 euros suppl\u00e9mentaires, en diff\u00e9rentes coupures. Les enqu\u00eateurs soup\u00e7onneraient que cet argent pourrait \u00eatre li\u00e9 \u00e0 une activit\u00e9 illicite.&#13;\t\t\t\t\t <\/p>\n<p>Lors de son interpellation, le suspect aurait oppos\u00e9 une r\u00e9sistance aux policiers. Un agent de la Squadra Mobile aurait \u00e9t\u00e9 bless\u00e9 au cours de l\u2019intervention et se serait vu prescrire 25 jours d\u2019incapacit\u00e9 de travail.&#13;\t\t\t\t\t <\/p>\n<p>Le S\u00e9n\u00e9galais est poursuivi pour d\u00e9tention de stup\u00e9fiants en vue de leur trafic, r\u00e9sistance ainsi que pour des violences et blessures aggrav\u00e9es \u00e0 l\u2019encontre d\u2019un agent public. Il a \u00e9t\u00e9 plac\u00e9 en d\u00e9tention \u00e0 la prison de Marassi.&#13;\t\t\t\t\t <\/p>\n<p>Un autre S\u00e9n\u00e9galais d\u00e9tenu pour une affaire de meurtre&#13;\t\t\t\t\t <br \/>&#13;\t\t\t\t\t <br \/>\u00c0 Crema, en Lombardie, une autre affaire concerne P. M. Ndiaye, d\u00e9tenu depuis juillet dans le cadre de l\u2019enqu\u00eate sur la mort d\u2019un jeune \u00c9gyptien de 19 ans, Y. R. Abdelaziz.&#13;\t\t\t\t\t <\/p>\n<p>La victime aurait \u00e9t\u00e9 mortellement poignard\u00e9e. Le ressortissant s\u00e9n\u00e9galais aurait reconnu avoir port\u00e9 les coups, tout en contestant l&rsquo;intention criminelle et en invoquant la l\u00e9gitime d\u00e9fense.&#13;\t\t\t\t\t <\/p>\n<p>Selon Les \u00c9chos, il affirme notamment avoir \u00e9t\u00e9 agress\u00e9 avec une cha\u00eene de v\u00e9lo et asperg\u00e9 de spray au poivre avant les coups de couteau.&#13;\t\t\t\t\t <\/p>\n<p>Les deux proc\u00e9dures judiciaires suivent d\u00e9sormais leur cours en Italie. Les personnes mises en cause b\u00e9n\u00e9ficient de la pr\u00e9somption d\u2019innocence jusqu\u2019\u00e0 une \u00e9ventuelle d\u00e9cision d\u00e9finitive de justice.&#13;\t\t\t\t\t <\/p>\n","protected":false},"excerpt":{"rendered":"Deux affaires impliquant des ressortissants s\u00e9n\u00e9galais font actuellement l\u2019actualit\u00e9 judiciaire en Italie. \u00c0 G\u00eanes, dans le nord-ouest du&hellip;\n","protected":false},"author":2,"featured_media":199207,"comment_status":"","ping_status":"","sticky":false,"template":"","format":"standard","meta":{"footnotes":"","_share_on_mastodon":"0"},"categories":[84],"tags":[5948,60505,9939,526,27241,893,441,12583,1447,11,60506,8101],"class_list":["post-199206","post","type-post","status-publish","format-standard","has-post-thumbnail","category-senegal","tag-cocaine","tag-crema","tag-diaspora-senegalaise","tag-faits-divers","tag-genes","tag-italie","tag-justice","tag-legitime-defense","tag-meurtre","tag-senegal","tag-senegalais-en-italie","tag-trafic-de-drogue"],"share_on_mastodon":{"url":"https:\/\/pubeurope.com\/@afrique\/117207297124234433","error":""},"_links":{"self":[{"href":"https:\/\/www.europesays.com\/afrique\/wp-json\/wp\/v2\/posts\/199206","targetHints":{"allow":["GET"]}}],"collection":[{"href":"https:\/\/www.europesays.com\/afrique\/wp-json\/wp\/v2\/posts"}],"about":[{"href":"https:\/\/www.europesays.com\/afrique\/wp-json\/wp\/v2\/types\/post"}],"author":[{"embeddable":true,"href":"https:\/\/www.europesays.com\/afrique\/wp-json\/wp\/v2\/users\/2"}],"replies":[{"embeddable":true,"href":"https:\/\/www.europesays.com\/afrique\/wp-json\/wp\/v2\/comments?post=199206"}],"version-history":[{"count":0,"href":"https:\/\/www.europesays.com\/afrique\/wp-json\/wp\/v2\/posts\/199206\/revisions"}],"wp:featuredmedia":[{"embeddable":true,"href":"https:\/\/www.europesays.com\/afrique\/wp-json\/wp\/v2\/media\/199207"}],"wp:attachment":[{"href":"https:\/\/www.europesays.com\/afrique\/wp-json\/wp\/v2\/media?parent=199206"}],"wp:term":[{"taxonomy":"category","embeddable":true,"href":"https:\/\/www.europesays.com\/afrique\/wp-json\/wp\/v2\/categories?post=199206"},{"taxonomy":"post_tag","embeddable":true,"href":"https:\/\/www.europesays.com\/afrique\/wp-json\/wp\/v2\/tags?post=199206"}],"curies":[{"name":"wp","href":"https:\/\/api.w.org\/{rel}","templated":true}]}}