{"id":199230,"date":"2026-09-03T13:56:10","date_gmt":"2026-09-03T13:56:10","guid":{"rendered":"https:\/\/www.europesays.com\/afrique\/199230\/"},"modified":"2026-09-03T13:56:10","modified_gmt":"2026-09-03T13:56:10","slug":"ceuta-pedro-sanchez-defend-le-maroc-face-a-la-crise-migratoire","status":"publish","type":"post","link":"https:\/\/www.europesays.com\/afrique\/199230\/","title":{"rendered":"Ceuta : Pedro S\u00e1nchez d\u00e9fend le Maroc face \u00e0 la crise migratoire"},"content":{"rendered":"<p>Un mois apr\u00e8s l&rsquo;arriv\u00e9e massive de migrants dans l&rsquo;enclave espagnole de Ceuta en provenance du Maroc, 5000 personnes restent livr\u00e9es \u00e0 elles-m\u00eames dans les rues et sur les plages. Les habitants signalent leur m\u00e9contentement. Devant le Parlement jeudi matin, le Premier ministre Pedro S\u00e1nchez a, lui, continu\u00e9 \u00e0 d\u00e9fendre le Royaume.<\/p>\n<p>Le sujet a vir\u00e9 \u00e0 la crise politique en Espagne, fragilisant le leader socialiste mis sous forte pression par la droite et l&rsquo;extr\u00eame droite.<\/p>\n<p>Fin juillet, 70&rsquo;000 personnes en provenance du Maroc ont afflu\u00e9 dans l&rsquo;enclave espagnole et des dizaines sont mortes en mer.<\/p>\n<p>Cinquante mille habitants sont descendus dans les rues de plusieurs villes espagnoles, dont Ceuta, mercredi soir, en scandant \u00ab\u00a0expulsez les envahisseurs!\u00a0\u00bb, pour d\u00e9noncer la gestion de la crise par le gouvernement de Pedro S\u00e1nchez.<\/p>\n<p> &gt;&gt; Les images dans le 12h45\u00a0:   <img decoding=\"async\" class=\"embed-responsive-item\" loading=\"lazy\" src=\"https:\/\/www.europesays.com\/afrique\/wp-content\/uploads\/2026\/09\/d95ee877-29346459.image.jpeg\" alt=\"L'afflux de migrants \u00e0 Ceuta d\u00e9clenche une crise politique en Espagne\"\/>    L&rsquo;afflux de migrants \u00e0 Ceuta d\u00e9clenche une crise politique en Espagne \/ 12h45 \/ 1 min. \/ aujourd&rsquo;hui \u00e0 12:45 \u00ab\u00a0Pr\u00e9sident incomp\u00e9tent\u00a0\u00bb<\/p>\n<p>\u00ab\u00a0On se sent abandonn\u00e9s comme si nous \u00e9tions des citoyens de seconde zone\u00a0\u00bb, a d\u00e9clar\u00e9 un manifestant. \u00ab\u00a0Ils doivent faire quelque chose pour Ceuta. Ils ne peuvent pas laisser les gens \u00e0 la rue, ni laisser les habitants de Ceuta sans protection\u00a0\u00bb, a poursuivi une autre.<\/p>\n<p>\u00ab\u00a0Notre pr\u00e9sident actuel est incomp\u00e9tent et il aurait d\u00fb, d\u00e8s le premier jour, envoyer l&rsquo;arm\u00e9e, la Garde civile et la police pour emp\u00eacher l&rsquo;afflux d&rsquo;un si grand nombre de personnes\u00a0\u00bb, d\u00e9plore une madril\u00e8ne.<\/p>\n<p>Une col\u00e8re largement exploit\u00e9e par les partis de droite et d&rsquo;extr\u00eame-droite.<\/p>\n<p>\u00ab\u00a0Pas de preuves\u00a0\u00bb<\/p>\n<p>Face aux d\u00e9put\u00e9s jeudi, le Premier ministre s&rsquo;est d\u00e9fendu de toute inaction, assurant une nouvelle fois n&rsquo;avoir \u00ab\u00a0aucune preuve\u00a0\u00bb de l&rsquo;implication du Maroc. Les interrogations sur le d\u00e9roulement de l&rsquo;\u00e9v\u00e9nement se sont encore renforc\u00e9es mercredi par la fuite dans la presse d&rsquo;un rapport policier pointant notamment la \u00ab\u00a0permissivit\u00e9\u00a0\u00bb des forces de l&rsquo;ordre marocaines.<\/p>\n<p>Pedro S\u00e1nchez avait d\u00e9j\u00e0 d\u00e9douan\u00e9 le Royaume lundi lors d&rsquo;un entretien radiophonique.<\/p>\n<p>\u00ab\u00a0Si ces preuves solides existaient, nous agirions en cons\u00e9quence, avec toute la fermet\u00e9 que la situation exige\u00a0\u00bb, a poursuivi le chef du gouvernement, r\u00e9p\u00e9tant qu&rsquo;aucun rapport pr\u00e9alable n&rsquo;avait anticip\u00e9 \u00ab\u00a0l&rsquo;ampleur\u00a0\u00bb ou \u00ab\u00a0la possibilit\u00e9\u00a0\u00bb de cet afflux de migrants.<\/p>\n<p> &gt;&gt; Ecouter les pr\u00e9cisions du 12h30\u00a0:    Crise migratoire \u00e0 Ceuta: Pedro Sanchez s\u2019exprime devant le Parlement espagnol \/ Le 12h30 \/ 1 min. \/ aujourd&rsquo;hui \u00e0 12:39 <\/p>\n<p>N\u00e9anmoins, il a vivement critiqu\u00e9 jeudi les d\u00e9clarations \u00ab\u00a0inacceptables\u00a0\u00bb de deux ministres marocains, qui ont r\u00e9cemment revendiqu\u00e9 la souverainet\u00e9 marocaine sur Ceuta et Melilla, deux territoires espagnols enclav\u00e9s au Maroc.<\/p>\n<p>Le ministre de la Justice Abdellatif Ouahbi a notamment r\u00e9cemment revendiqu\u00e9 dans un entretien la \u00ab\u00a0marocanit\u00e9\u00a0\u00bb de Ceuta et Melilla, tout en insistant sur le \u00ab\u00a0droit historique\u00a0\u00bb et le \u00ab\u00a0droit g\u00e9ographique\u00a0\u00bb que le Maroc estime avoir sur ces territoires.<\/p>\n<p>\u00ab\u00a0Depuis des si\u00e8cles, ces deux villes sont espagnoles (&#8230;). Et je vous assure que, pour le gouvernement espagnol, cela restera ainsi jusqu&rsquo;\u00e0 la fin des temps\u00a0\u00bb, a aussi lanc\u00e9 Pedro S\u00e1nchez depuis la tribune.<\/p>\n<p>Appel \u00e0 d\u00e9missionner<\/p>\n<p>Le socialiste a par ailleurs appel\u00e9 le roi d&rsquo;Espagne Felipe VI \u00e0 se rendre dans ces deux villes \u00ab\u00a0dans les prochaines semaines\u00a0\u00bb, pour leur transmettre \u00ab\u00a0l&rsquo;engagement absolu de l&rsquo;Etat\u00a0\u00bb.<\/p>\n<p>Mais l\u2019intervention de Sanchez n\u2019a pas convaincu l\u2019opposition de droite. Le dirigeant du parti populaire l&rsquo;invite \u00e0 \u00ab\u00a0d\u00e9missionner pour incomp\u00e9tence ou complicit\u00e9 avec le Maroc\u00a0\u00bb, convaincu que le gouvernement de S\u00e1nchez soutient le Maroc pour des raisons personnelles.<\/p>\n<p class=\"sources\">juma avec afp<\/p>\n","protected":false},"excerpt":{"rendered":"Un mois apr\u00e8s l&rsquo;arriv\u00e9e massive de migrants dans l&rsquo;enclave espagnole de Ceuta en provenance du Maroc, 5000 personnes&hellip;\n","protected":false},"author":2,"featured_media":199231,"comment_status":"","ping_status":"","sticky":false,"template":"","format":"standard","meta":{"footnotes":"","_share_on_mastodon":"0"},"categories":[83],"tags":[19501,52857,1062,60509,1190,22064,60510,911,60511,86,133,108,13088,126,10942,60512,5176,582,18790,115],"class_list":["post-199230","post","type-post","status-publish","format-standard","has-post-thumbnail","category-maroc","tag-ceuta","tag-crise-des-refugies","tag-espagne","tag-fribourg","tag-gouvernement","tag-habitant","tag-immigrant","tag-immigration","tag-incident-a-la-frontiere-maroc-espagne","tag-maroc","tag-monde","tag-parlement","tag-pedro-sanchez","tag-politique","tag-premier-ou-premiere-ministre","tag-president-du-gouvernement-despagne","tag-refugies","tag-relations-internationales","tag-royaume","tag-societe"],"share_on_mastodon":{"url":"https:\/\/pubeurope.com\/@afrique\/117207458427379771","error":""},"_links":{"self":[{"href":"https:\/\/www.europesays.com\/afrique\/wp-json\/wp\/v2\/posts\/199230","targetHints":{"allow":["GET"]}}],"collection":[{"href":"https:\/\/www.europesays.com\/afrique\/wp-json\/wp\/v2\/posts"}],"about":[{"href":"https:\/\/www.europesays.com\/afrique\/wp-json\/wp\/v2\/types\/post"}],"author":[{"embeddable":true,"href":"https:\/\/www.europesays.com\/afrique\/wp-json\/wp\/v2\/users\/2"}],"replies":[{"embeddable":true,"href":"https:\/\/www.europesays.com\/afrique\/wp-json\/wp\/v2\/comments?post=199230"}],"version-history":[{"count":0,"href":"https:\/\/www.europesays.com\/afrique\/wp-json\/wp\/v2\/posts\/199230\/revisions"}],"wp:featuredmedia":[{"embeddable":true,"href":"https:\/\/www.europesays.com\/afrique\/wp-json\/wp\/v2\/media\/199231"}],"wp:attachment":[{"href":"https:\/\/www.europesays.com\/afrique\/wp-json\/wp\/v2\/media?parent=199230"}],"wp:term":[{"taxonomy":"category","embeddable":true,"href":"https:\/\/www.europesays.com\/afrique\/wp-json\/wp\/v2\/categories?post=199230"},{"taxonomy":"post_tag","embeddable":true,"href":"https:\/\/www.europesays.com\/afrique\/wp-json\/wp\/v2\/tags?post=199230"}],"curies":[{"name":"wp","href":"https:\/\/api.w.org\/{rel}","templated":true}]}}