{"id":199259,"date":"2026-09-03T15:02:16","date_gmt":"2026-09-03T15:02:16","guid":{"rendered":"https:\/\/www.europesays.com\/afrique\/199259\/"},"modified":"2026-09-03T15:02:16","modified_gmt":"2026-09-03T15:02:16","slug":"vtc-uber-annonce-son-depart-du-nigeria-et-douganda","status":"publish","type":"post","link":"https:\/\/www.europesays.com\/afrique\/199259\/","title":{"rendered":"VTC : Uber annonce son d\u00e9part du Nigeria et d&rsquo;Ouganda"},"content":{"rendered":"<p>La soci\u00e9t\u00e9 de VTC Uber a annonc\u00e9 mercredi qu&rsquo;elle mettait fin \u00e0 ses activit\u00e9s au Nigeria et en Ouganda, avec effet imm\u00e9diat. Fond\u00e9e en 2009, l&rsquo;entreprise am\u00e9ricaine s&rsquo;\u00e9tait implant\u00e9e en 2014 au Nigeria, le pays le plus peupl\u00e9 d&rsquo;Afrique, d&rsquo;abord dans la m\u00e9gapole de Lagos, avant de s&rsquo;\u00e9tendre \u00e0 l&rsquo;ensemble du territoire.\u00a0<\/p>\n<p>En 2016, elle avait lanc\u00e9 ses op\u00e9rations en Ouganda. \u00ab\u00a0Apr\u00e8s un examen approfondi de nos activit\u00e9s, nous avons pris la d\u00e9cision difficile de mettre fin \u00e0 nos op\u00e9rations au Nigeria, \u00e0 compter du 2 septembre 2026\u00a0\u00bb, a d\u00e9clar\u00e9 la soci\u00e9t\u00e9 dans un communiqu\u00e9, sans fournir plus de d\u00e9tails. Uber a \u00e9galement annonc\u00e9 mercredi licencier 3.300 personnes, soit 10% de ses employ\u00e9s, au niveau mondial.\u00a0En janvier, Uber avait d\u00e9j\u00e0 quitt\u00e9 la Tanzanie apr\u00e8s dix ans.\u00a0<\/p>\n<p>Lire aussi : <a href=\"https:\/\/ecomatin.net\/yango-group-met-fin-a-sa-collaboration-de-conseil-avec-awana-ateba-michel-en-2024-elodie-filopon-dirige-les-affaires-publiques-au-cameroun\" rel=\"nofollow noopener\" target=\"_blank\">Yango Group met fin \u00e0 sa collaboration de conseil avec Awana Ateba Michel en 2024 Elodie Filopon dirige les affaires publiques au Cameroun<\/a><\/p>\n<p>Les Nig\u00e9rians traversent une crise brutale du co\u00fbt de la vie dans le contexte des r\u00e9formes \u00e9conomiques mises en place par le pr\u00e9sident Bola Tinubu.\u00a0 Les \u00e9conomistes et les investisseurs ont soutenu ces mesures, invoquant une stabilit\u00e9 macro\u00e9conomique accrue, bien que les d\u00e9tracteurs affirment que les b\u00e9n\u00e9fices des r\u00e9formes ne se sont pas encore r\u00e9percut\u00e9s sur les citoyens ordinaires.\u00a0<\/p>\n<p>La suite apr\u00e8s cette publicit\u00e9<img alt=\"diamondcapitalconvention-2026-08-18-in article\" loading=\"lazy\" width=\"0\" height=\"0\" decoding=\"async\" data-nimg=\"1\" class=\"h-full w-auto max-w-full rounded-md object-contain\" style=\"color:transparent\"   src=\"https:\/\/www.europesays.com\/afrique\/wp-content\/uploads\/2026\/09\/1788447736_211_image.png\"\/><\/p>\n<p>La suppression des subventions sur les carburants a fait monter en fl\u00e8che les prix du carburant, et les automobilistes ont \u00e9t\u00e9 \u00e0 nouveau mis \u00e0 rude \u00e9preuve lorsque la guerre en Iran a r\u00e9duit l&rsquo;approvisionnement mondial en p\u00e9trole et fait grimper les prix \u00e0 la pompe.\u00a0 Mercredi apr\u00e8s-midi, les utilisateurs pouvaient encore r\u00e9server des courses via l&rsquo;application, comme l&rsquo;a constat\u00e9 un journaliste de l&rsquo;AFP.\u00a0<\/p>\n<p>Les chauffeurs Uber se plaignent depuis longtemps que les tarifs propos\u00e9s sur l&rsquo;application sont trop bas.\u00a0L&rsquo;entreprise a indiqu\u00e9 que son service d&rsquo;assistance resterait disponible jusqu&rsquo;au 23 septembre pour r\u00e9soudre les litiges en cours.\u00a0 Des applications concurrentes telles que Bolt et InDrive sont \u00e9galement pr\u00e9sentes au Nigeria.\u00a0\u00ab\u00a0Nous avons apport\u00e9 une contribution significative \u00e0 l&rsquo;\u00e9conomie nig\u00e9riane, avec un apport estim\u00e9 \u00e0 34 milliards de nairas (53,6 millions de dollars de l&rsquo;\u00e9poque ndlr) sur le march\u00e9 local\u00a0\u00bb, d\u00e9clarait en 2023 Tope Akinwumi, le directeur d&rsquo;Uber pour le Nigeria.<\/p>\n<p>\u00a9 Agence France Presse<\/p>\n<p>Lire aussi : <a href=\"https:\/\/ecomatin.net\/apres-yango-et-on-go-zgo-company-se-lance-dans-le-transport-urbain-avec-zgo-au-cameroun\" rel=\"nofollow noopener\" target=\"_blank\">VTC : apr\u00e8s Yango et On Go, Zgo Company se lance dans le transport urbain avec \u00ab ZGO \u00bb au Cameroun<\/a><\/p>\n","protected":false},"excerpt":{"rendered":"La soci\u00e9t\u00e9 de VTC Uber a annonc\u00e9 mercredi qu&rsquo;elle mettait fin \u00e0 ses activit\u00e9s au Nigeria et en&hellip;\n","protected":false},"author":2,"featured_media":199260,"comment_status":"","ping_status":"","sticky":false,"template":"","format":"standard","meta":{"footnotes":"","_share_on_mastodon":"0"},"categories":[177],"tags":[242,12710,1965,921,30004,49011,12,1567,4776,2169,48817,27711,48819,1029,11150,60513,80,192,314,48818,1028,316,32591],"class_list":["post-199259","post","type-post","status-publish","format-standard","has-post-thumbnail","category-ouganda","tag-actualites","tag-afrique-centrale","tag-bola-tinubu","tag-bolt","tag-business-afrique","tag-business-et-entreprises","tag-cameroun","tag-carburants","tag-cemac","tag-congo","tag-ecomatin","tag-economie-africaine","tag-finance-cemac","tag-gabon","tag-guinee-equatoriale","tag-indrive","tag-news","tag-nigeria","tag-ouganda","tag-rca","tag-tchad","tag-uber","tag-vtc"],"share_on_mastodon":{"url":"https:\/\/pubeurope.com\/@afrique\/117207718022984480","error":""},"_links":{"self":[{"href":"https:\/\/www.europesays.com\/afrique\/wp-json\/wp\/v2\/posts\/199259","targetHints":{"allow":["GET"]}}],"collection":[{"href":"https:\/\/www.europesays.com\/afrique\/wp-json\/wp\/v2\/posts"}],"about":[{"href":"https:\/\/www.europesays.com\/afrique\/wp-json\/wp\/v2\/types\/post"}],"author":[{"embeddable":true,"href":"https:\/\/www.europesays.com\/afrique\/wp-json\/wp\/v2\/users\/2"}],"replies":[{"embeddable":true,"href":"https:\/\/www.europesays.com\/afrique\/wp-json\/wp\/v2\/comments?post=199259"}],"version-history":[{"count":0,"href":"https:\/\/www.europesays.com\/afrique\/wp-json\/wp\/v2\/posts\/199259\/revisions"}],"wp:featuredmedia":[{"embeddable":true,"href":"https:\/\/www.europesays.com\/afrique\/wp-json\/wp\/v2\/media\/199260"}],"wp:attachment":[{"href":"https:\/\/www.europesays.com\/afrique\/wp-json\/wp\/v2\/media?parent=199259"}],"wp:term":[{"taxonomy":"category","embeddable":true,"href":"https:\/\/www.europesays.com\/afrique\/wp-json\/wp\/v2\/categories?post=199259"},{"taxonomy":"post_tag","embeddable":true,"href":"https:\/\/www.europesays.com\/afrique\/wp-json\/wp\/v2\/tags?post=199259"}],"curies":[{"name":"wp","href":"https:\/\/api.w.org\/{rel}","templated":true}]}}