{"id":199263,"date":"2026-09-03T15:15:14","date_gmt":"2026-09-03T15:15:14","guid":{"rendered":"https:\/\/www.europesays.com\/afrique\/199263\/"},"modified":"2026-09-03T15:15:14","modified_gmt":"2026-09-03T15:15:14","slug":"projet-weldy-lamont-senelec-guy-marius-sagna-exige-des-explications-sur-les-retards-et-les-paiements","status":"publish","type":"post","link":"https:\/\/www.europesays.com\/afrique\/199263\/","title":{"rendered":"Projet Weldy Lamont-Senelec : Guy Marius Sagna exige des explications sur les retards et les paiements"},"content":{"rendered":"<p>\t\t\t\t\t Quatre questions \u00e9crites et toujours pas de r\u00e9ponse&#13;\t\t\t\t\t <br \/>Le dossier Weldy Lamont continue de susciter les interrogations de Guy Marius Sagna. Dans une publication, le d\u00e9put\u00e9 affirme avoir adress\u00e9 plusieurs questions \u00e9crites au gouvernement concernant l\u2019ex\u00e9cution du contrat d\u2019\u00e9lectrification conclu entre l\u2019\u00c9tat du S\u00e9n\u00e9gal, la Senelec et la soci\u00e9t\u00e9 Weldy Lamont Associates, Inc.<\/p>\n<p>Selon lui, une premi\u00e8re question \u00e9crite avait \u00e9t\u00e9 transmise le 25 novembre 2025 au sujet des retards enregistr\u00e9s dans le projet et de la n\u00e9gociation d\u2019un avenant avec la Senelec. Plus de neuf mois apr\u00e8s, il affirme n\u2019avoir re\u00e7u aucune r\u00e9ponse.&#13;\t\t\t\t\t <\/p>\n<p>Le parlementaire dit avoir adress\u00e9 une deuxi\u00e8me question \u00e9crite le 5 janvier 2026, cette fois sur le d\u00e9caissement correspondant \u00e0 80 % du volet solaire alors que, selon les informations dont il dispose, le niveau d\u2019ex\u00e9cution \u00e9tait alors tr\u00e8s faible.&#13;\t\t\t\t\t <\/p>\n<p>Face \u00e0 l\u2019absence de r\u00e9ponse, Guy Marius Sagna affirme avoir saisi de nouveau le gouvernement en avril 2026 pour demander des explications sur ses deux pr\u00e9c\u00e9dentes interpellations. Il \u00e9voque aujourd\u2019hui une quatri\u00e8me question \u00e9crite consacr\u00e9e aux manquements qu\u2019il attribue \u00e0 Weldy Lamont ainsi qu\u2019\u00e0 la posture de l\u2019\u00c9tat dans ce dossier.&#13;\t\t\t\t\t <\/p>\n<p>Un \u00e9cart entre facturation et r\u00e9alisation&#13;\t\t\t\t\t <br \/>&#13;\t\t\t\t\t <br \/>Au c\u0153ur des pr\u00e9occupations du d\u00e9put\u00e9 figure le niveau d\u2019ex\u00e9cution du contrat. Il affirme que plus de 50 % du march\u00e9 auraient d\u00e9j\u00e0 \u00e9t\u00e9 pay\u00e9s, alors que seulement environ 20 % des travaux auraient \u00e9t\u00e9 effectivement r\u00e9alis\u00e9s.&#13;\t\t\t\t\t <\/p>\n<p>Le projet pr\u00e9voit l\u2019\u00e9lectrification de quelque 630 localit\u00e9s. Selon Guy Marius Sagna, environ 120 seulement seraient \u00e0 ce stade r\u00e9alis\u00e9es.&#13;\t\t\t\t\t <\/p>\n<p>Le volet solaire suscite \u00e9galement ses inqui\u00e9tudes. Il affirme que 80 % de cette composante auraient \u00e9t\u00e9 factur\u00e9s, alors qu\u2019une dizaine de centrales sur les 70 pr\u00e9vues seraient annonc\u00e9es comme \u00e9tant en cours de r\u00e9alisation et qu\u2019aucune ne serait, \u00e0 ce stade, fonctionnelle.&#13;\t\t\t\t\t <\/p>\n<p>Des chiffres qui, s\u2019ils sont confirm\u00e9s, traduiraient un important d\u00e9calage entre les paiements effectu\u00e9s et l\u2019avancement r\u00e9el du projet.&#13;\t\t\t\t\t <\/p>\n<p>Des avertissements de la Senelec \u00e9voqu\u00e9s&#13;\t\t\t\t\t <br \/>&#13;\t\t\t\t\t <br \/>Guy Marius Sagna affirme par ailleurs que Weldy Lamont aurait re\u00e7u trois lettres d\u2019avertissement de la Senelec pour des lenteurs dans l\u2019ex\u00e9cution et le non-respect des d\u00e9lais contractuels.&#13;\t\t\t\t\t <\/p>\n<p>Le contrat devait initialement arriver \u00e0 \u00e9ch\u00e9ance en juin 2026. Or, compte tenu du niveau d\u2019avancement pr\u00e9sent\u00e9 par le d\u00e9put\u00e9, Weldy Lamont aurait sollicit\u00e9 une prorogation d\u2019un an du d\u00e9lai contractuel. Cette prolongation serait, selon lui, actuellement en voie de validation.&#13;\t\t\t\t\t <\/p>\n<p>Fournisseurs et sous-traitants au c\u0153ur des inqui\u00e9tudes&#13;\t\t\t\t\t <br \/>&#13;\t\t\t\t\t <br \/>Autre point soulev\u00e9 : la disponibilit\u00e9 du mat\u00e9riel n\u00e9cessaire \u00e0 la r\u00e9alisation des infrastructures solaires. Le d\u00e9put\u00e9 cite notamment les panneaux photovolta\u00efques, les shelters, les coffrets et les c\u00e2bles basse tension.&#13;\t\t\t\t\t <\/p>\n<p>Il affirme que certains \u00e9quipements indispensables ne seraient pas suffisamment command\u00e9s ou disponibles pour permettre l\u2019ach\u00e8vement des centrales pr\u00e9vues.&#13;\t\t\t\t\t <\/p>\n<p>Guy Marius Sagna \u00e9voque \u00e9galement des difficult\u00e9s financi\u00e8res rencontr\u00e9es par des fournisseurs et sous-traitants. Selon ses d\u00e9clarations, certains auraient livr\u00e9 du mat\u00e9riel ou r\u00e9alis\u00e9 des prestations \u00e0 cr\u00e9dit avant d\u2019attendre plusieurs mois le r\u00e8glement de leurs factures. Il affirme m\u00eame que des entreprises locales auraient engag\u00e9 des proc\u00e9dures judiciaires pour obtenir le paiement de leurs cr\u00e9ances.&#13;\t\t\t\t\t <\/p>\n<p>Des interrogations sur l\u2019avancement r\u00e9el&#13;\t\t\t\t\t <br \/>&#13;\t\t\t\t\t <br \/>Le parlementaire met \u00e9galement en doute certaines d\u00e9clarations relatives \u00e0 l\u2019\u00e9tat d\u2019avancement du projet. Il affirme que des localit\u00e9s pr\u00e9sent\u00e9es comme \u00e9tant \u00ab en cours de r\u00e9alisation \u00bb n\u2019auraient, dans certains cas, pas encore connu le d\u00e9marrage effectif des travaux.&#13;\t\t\t\t\t <\/p>\n<p>Pour Guy Marius Sagna, cette situation soul\u00e8ve donc une question centrale : comment expliquer qu\u2019un projet ait atteint un niveau de facturation sup\u00e9rieur \u00e0 50 % alors que son taux de r\u00e9alisation physique serait d\u2019environ 20 % ?&#13;\t\t\t\t\t <\/p>\n<p>Le d\u00e9put\u00e9 demande par cons\u00e9quent au gouvernement de s\u2019expliquer sur la gestion du contrat, le r\u00f4le de la Senelec, les paiements effectu\u00e9s, l\u2019\u00e9tat r\u00e9el des travaux et les raisons justifiant une \u00e9ventuelle prolongation d\u2019un an.&#13;\t\t\t\t\t <\/p>\n<p>Au-del\u00e0 du cas Weldy Lamont, Guy Marius Sagna s\u2019interroge enfin sur le silence du pouvoir ex\u00e9cutif face \u00e0 ses pr\u00e9c\u00e9dentes questions \u00e9crites. Il estime que l\u2019absence de r\u00e9ponse \u00e0 trois interpellations successives l\u2019a conduit \u00e0 saisir une nouvelle fois le gouvernement.&#13;\t\t\t\t\t <\/p>\n<p>Les accusations et chiffres avanc\u00e9s par le d\u00e9put\u00e9 appellent d\u00e9sormais des clarifications officielles des autorit\u00e9s concern\u00e9es ainsi que de Weldy Lamont et de la Senelec.&#13;\t\t\t\t\t <\/p>\n","protected":false},"excerpt":{"rendered":"Quatre questions \u00e9crites et toujours pas de r\u00e9ponse&#13; Le dossier Weldy Lamont continue de susciter les interrogations de&hellip;\n","protected":false},"author":2,"featured_media":199264,"comment_status":"","ping_status":"","sticky":false,"template":"","format":"standard","meta":{"footnotes":"","_share_on_mastodon":"0"},"categories":[84],"tags":[1904,10333,910,35922,1190,206,60514,11,11482,57641,60515],"class_list":["post-199263","post","type-post","status-publish","format-standard","has-post-thumbnail","category-senegal","tag-assemblee-nationale","tag-electrification","tag-energie","tag-fournisseurs","tag-gouvernement","tag-guy-marius-sagna","tag-projet-solaire","tag-senegal","tag-senelec","tag-sous-traitants","tag-weldy-lamont"],"share_on_mastodon":{"url":"https:\/\/pubeurope.com\/@afrique\/117207769000872313","error":""},"_links":{"self":[{"href":"https:\/\/www.europesays.com\/afrique\/wp-json\/wp\/v2\/posts\/199263","targetHints":{"allow":["GET"]}}],"collection":[{"href":"https:\/\/www.europesays.com\/afrique\/wp-json\/wp\/v2\/posts"}],"about":[{"href":"https:\/\/www.europesays.com\/afrique\/wp-json\/wp\/v2\/types\/post"}],"author":[{"embeddable":true,"href":"https:\/\/www.europesays.com\/afrique\/wp-json\/wp\/v2\/users\/2"}],"replies":[{"embeddable":true,"href":"https:\/\/www.europesays.com\/afrique\/wp-json\/wp\/v2\/comments?post=199263"}],"version-history":[{"count":0,"href":"https:\/\/www.europesays.com\/afrique\/wp-json\/wp\/v2\/posts\/199263\/revisions"}],"wp:featuredmedia":[{"embeddable":true,"href":"https:\/\/www.europesays.com\/afrique\/wp-json\/wp\/v2\/media\/199264"}],"wp:attachment":[{"href":"https:\/\/www.europesays.com\/afrique\/wp-json\/wp\/v2\/media?parent=199263"}],"wp:term":[{"taxonomy":"category","embeddable":true,"href":"https:\/\/www.europesays.com\/afrique\/wp-json\/wp\/v2\/categories?post=199263"},{"taxonomy":"post_tag","embeddable":true,"href":"https:\/\/www.europesays.com\/afrique\/wp-json\/wp\/v2\/tags?post=199263"}],"curies":[{"name":"wp","href":"https:\/\/api.w.org\/{rel}","templated":true}]}}