{"id":199289,"date":"2026-09-03T16:01:10","date_gmt":"2026-09-03T16:01:10","guid":{"rendered":"https:\/\/www.europesays.com\/afrique\/199289\/"},"modified":"2026-09-03T16:01:10","modified_gmt":"2026-09-03T16:01:10","slug":"la-croix-rouge-visee-par-de-fausses-informations-sur-la-crise-migratoire-a-ceuta","status":"publish","type":"post","link":"https:\/\/www.europesays.com\/afrique\/199289\/","title":{"rendered":"La Croix-Rouge vis\u00e9e par de fausses informations sur la crise migratoire \u00e0 Ceuta"},"content":{"rendered":"<p>La crise migratoire qui <a href=\"https:\/\/fr.euronews.com\/my-europe\/2026\/09\/01\/le-gouvernement-espagnol-debloque-309-millions-deuros-daide-pour-ceuta\" rel=\"nofollow noopener\" target=\"_blank\">se poursuit dans le territoire espagnol de Ceuta<\/a>, limitrophe du Maroc, continue d\u2019alimenter la d\u00e9sinformation en ligne.<\/p>\n<p>          <img decoding=\"async\" class=\"c-ad__placeholder__logo\" src=\"https:\/\/static.euronews.com\/website\/images\/logos\/logo-euronews-stacked-outlined-72x72-grey-9.svg\" width=\"72\" height=\"72\" alt=\"\" loading=\"lazy\"\/><br \/>\n          PUBLICIT\u00c9<\/p>\n<p>          <img decoding=\"async\" class=\"c-ad__placeholder__logo\" src=\"https:\/\/static.euronews.com\/website\/images\/logos\/logo-euronews-stacked-outlined-72x72-grey-9.svg\" width=\"72\" height=\"72\" alt=\"\" loading=\"lazy\"\/><br \/>\n          PUBLICIT\u00c9<\/p>\n<p>Selon le Premier ministre espagnol, Pedro S\u00e1nchez, des recherches men\u00e9es par le service diplomatique de l\u2019UE indiquent que des r\u00e9seaux russes et isra\u00e9liens seraient responsables de <a href=\"https:\/\/fr.euronews.com\/my-europe\/2026\/08\/31\/crise-a-ceuta-sanchez-accuse-la-russie-et-israel-davoir-alimente-la-desinformation\" rel=\"nofollow noopener\" target=\"_blank\">l\u2019explosion de faux contenus sur les r\u00e9seaux sociaux<\/a>. <\/p>\n<p>Il a expliqu\u00e9 lundi au micro de la radio Cadena Ser que \u00ab\u00a0l\u2019extr\u00eame droite internationale\u00a0\u00bb \u00e9tait \u00e9galement \u00e0 l\u2019origine de ces messages, puisqu\u2019elle utilise syst\u00e9matiquement la question migratoire pour \u00ab\u00a0attaquer non seulement l\u2019Espagne, mais aussi l\u2019Europe\u00a0\u00bb. La Russie comme Isra\u00ebl ont d\u00e9menti ces accusations.<\/p>\n<p>En l\u2019espace de deux jours seulement, plus de 72 000 personnes ont franchi la fronti\u00e8re depuis le Maroc vers le territoire espagnol de Ceuta, un afflux sans pr\u00e9c\u00e9dent qui a fait au moins 100 morts et plong\u00e9 l\u2019enclave dans une grave crise humanitaire et politique.<\/p>\n<p>Des milliers de personnes se trouvent encore dans l\u2019enclave, le gouvernement espagnol avan\u00e7ant le chiffre d\u2019environ 5 000. Les estimations locales sont plus \u00e9lev\u00e9es et la surpopulation, les manifestations massives \u00e0 travers l\u2019Espagne ainsi que des \u00e9pisodes de violence ponctuels mettent le territoire sous pression.<\/p>\n<p>Une vid\u00e9o sortie de son contexte<\/p>\n<p>La Croix-Rouge, organisation humanitaire, est devenue l\u2019une des principales cibles de la d\u00e9sinformation autour de cette crise.<\/p>\n<p>Le 27 ao\u00fbt, des manifestants \u00e0 Ceuta ont tent\u00e9 d\u2019emp\u00eacher les v\u00e9hicules de la Croix-Rouge d\u2019acheminer de la nourriture aux migrants, sur fond d\u2019hostilit\u00e9 croissante envers l\u2019organisation caritative. <\/p>\n<p>Fin juillet, la Croix-Rouge a commenc\u00e9 \u00e0 distribuer nourriture et eau aux <a href=\"https:\/\/fr.euronews.com\/my-europe\/2026\/09\/02\/crise-de-ceuta-dapres-un-rapport-espagnol-des-agents-marocains-auraient-dirige-des-migrant\" rel=\"nofollow noopener\" target=\"_blank\">migrants qui ont contourn\u00e9 la fronti\u00e8re \u00e0 la nage<\/a> ou franchi les cl\u00f4tures depuis le Maroc pour atteindre le territoire espagnol.<\/p>\n<p>Dans ce contexte, la Croix-Rouge a \u00e9t\u00e9 la cible d\u2019affirmations fausses ou trompeuses qui ont circul\u00e9 en ligne. <\/p>\n<p>Une vid\u00e9o, partag\u00e9e plus de 13 000 fois, pr\u00e9tend montrer des hommes transf\u00e9r\u00e9s de Ceuta vers la p\u00e9ninsule espagnole : certains internautes affirment que les dispositifs de transfert de mineurs non accompagn\u00e9s vers le continent seraient d\u00e9tourn\u00e9s, mais la vid\u00e9o n\u2019en apporte aucune preuve.<\/p>\n<p>En r\u00e9alit\u00e9, les images ont \u00e9t\u00e9 tourn\u00e9es sur la plage d\u2019El Trampol\u00edn, \u00e0 Ceuta, et montrent la Croix-Rouge en train de distribuer de la nourriture \u00e0 environ 2 000 migrants.<\/p>\n<p>On peut le constater en comparant avec d\u2019autres s\u00e9quences, publi\u00e9es plusieurs jours plus t\u00f4t par <a href=\"https:\/\/www.europapress.es\/sociedad\/noticia-cruz-roja-cooperacion-sur-sur-reparten-alimentos-basicos-2000-migrantes-playa-trampolin-ceuta-20260803213559.html#20260803213559\" target=\"_blank\" rel=\"noreferrer nofollow noopener\">l\u2019agence de presse espagnole Europa Press<\/a>, qui montrent sous un angle diff\u00e9rent la Croix-Rouge et d\u2019autres organisations caritatives distribuant de la nourriture aux migrants le 3 ao\u00fbt.<\/p>\n<p>Incendies et inondations<\/p>\n<p>D\u2019autres publications accusent la Croix-Rouge de venir en aide aux migrants tout en abandonnant les citoyens espagnols touch\u00e9s par <a href=\"https:\/\/fr.euronews.com\/my-europe\/2026\/07\/29\/incendies-en-france-et-en-espagne-comment-lue-coordonne-laide-internationale-depuis-bruxel\" rel=\"nofollow noopener\" target=\"_blank\">les incendies de for\u00eat<\/a>. Des milliers d\u2019hectares ont br\u00fbl\u00e9 cet \u00e9t\u00e9 en Espagne et dans d\u2019autres parties de l\u2019Europe, attis\u00e9s par le changement climatique et des vagues de chaleur record.<\/p>\n<p>Un internaute affirme par exemple n\u2019avoir vu aucune preuve d\u2019une intervention de la Croix-Rouge aupr\u00e8s des personnes touch\u00e9es par les incendies. D\u2019autres publications soutiennent que l\u2019argent des contribuables espagnols servirait \u00e0 nourrir les migrants plut\u00f4t qu\u2019\u00e0 aider les citoyens.<\/p>\n<p>D\u2019autres messages affirment que la Croix-Rouge aurait \u00e9galement ignor\u00e9 les victimes <a href=\"https:\/\/fr.euronews.com\/2025\/10\/29\/espagne-un-an-apres-les-iondations-les-images-les-plus-choquantes-de-la-catastrophe\" rel=\"nofollow noopener\" target=\"_blank\">des inondations dans la r\u00e9gion de Valence en 2024<\/a>, qui ont fait plus de 220 morts et caus\u00e9 des d\u00e9g\u00e2ts se chiffrant en milliards d\u2019euros. Selon ces publications, les ONG ne seraient intervenues pour aider que lorsque \u00ab\u00a0les cam\u00e9ras \u00e9taient d\u00e9j\u00e0 l\u00e0\u00a0\u00bb, alors qu\u2019elles \u00ab\u00a0fonctionnent comme une montre suisse\u00a0\u00bb lorsqu\u2019il s\u2019agit de venir en aide aux migrants.<\/p>\n<p>Or les registres de la Croix-Rouge montrent que l\u2019organisation est intervenue lors de ces deux situations d\u2019urgence.<\/p>\n<p>Selon ses donn\u00e9es, au 24 ao\u00fbt, la Croix-Rouge <a href=\"https:\/\/www2.cruzroja.es\/web\/ahora\/-\/cruz-roja-contin-c3-baa-activa-frente-a-una-de-las-mayores-emergencias-por-incendios-forestales-de-su-historia\" target=\"_blank\" rel=\"noreferrer nofollow noopener\">avait mobilis\u00e9 plus de 938 membres de son personnel<\/a> et des b\u00e9n\u00e9voles alors que les incendies ravageaient la p\u00e9ninsule Ib\u00e9rique, fourni une assistance \u00e0 pr\u00e8s de 6 900 reprises et offert un h\u00e9bergement temporaire \u00e0 plus de 5 600 personnes. <\/p>\n<p>Ses op\u00e9rations ont \u00e9galement d\u00e9marr\u00e9 imm\u00e9diatement apr\u00e8s les inondations catastrophiques de 2024 : \u00e0 l\u2019occasion du premier anniversaire du sinistre, <a href=\"https:\/\/www2.cruzroja.es\/web\/ahora\/-\/cruz-roja-impulsa-la-recuperaci-c3-b3n-de-m-c3-a1s-de-143000-personas-un-ano-despues-de-la-dana\" target=\"_blank\" rel=\"noreferrer nofollow noopener\">elle indiquait avoir aid\u00e9<\/a> plus de 143 000 personnes gr\u00e2ce \u00e0 des dispositifs d\u2019aide d\u2019urgence et des programmes de reconstruction \u00e0 plus long terme.<\/p>\n<p>Par ailleurs, des publications en ligne affirment que la pression exerc\u00e9e par des habitants aurait contraint la Croix-Rouge \u00e0 quitter Ceuta et \u00e0 cesser d\u2019aider les migrants.<\/p>\n<p>Des manifestants ont effectivement bloqu\u00e9 temporairement ses v\u00e9hicules. Mais selon les m\u00e9dias locaux, le convoi a rejoint El Trampol\u00edn en empruntant un autre itin\u00e9raire et a men\u00e9 sa distribution \u00e0 terme.<\/p>\n<p>La Croix-Rouge espagnole a refus\u00e9 de commenter lorsqu\u2019elle a \u00e9t\u00e9 sollicit\u00e9e par The Cube, l\u2019\u00e9quipe de v\u00e9rification des faits d\u2019Euronews.<\/p>\n","protected":false},"excerpt":{"rendered":"La crise migratoire qui se poursuit dans le territoire espagnol de Ceuta, limitrophe du Maroc, continue d\u2019alimenter la&hellip;\n","protected":false},"author":2,"featured_media":199290,"comment_status":"","ping_status":"","sticky":false,"template":"","format":"standard","meta":{"footnotes":"","_share_on_mastodon":"0"},"categories":[83],"tags":[19501,1056,1062,2352,911,86],"class_list":["post-199289","post","type-post","status-publish","format-standard","has-post-thumbnail","category-maroc","tag-ceuta","tag-croix-rouge","tag-espagne","tag-fact-checking","tag-immigration","tag-maroc"],"share_on_mastodon":{"url":"https:\/\/pubeurope.com\/@afrique\/117207950043450502","error":""},"_links":{"self":[{"href":"https:\/\/www.europesays.com\/afrique\/wp-json\/wp\/v2\/posts\/199289","targetHints":{"allow":["GET"]}}],"collection":[{"href":"https:\/\/www.europesays.com\/afrique\/wp-json\/wp\/v2\/posts"}],"about":[{"href":"https:\/\/www.europesays.com\/afrique\/wp-json\/wp\/v2\/types\/post"}],"author":[{"embeddable":true,"href":"https:\/\/www.europesays.com\/afrique\/wp-json\/wp\/v2\/users\/2"}],"replies":[{"embeddable":true,"href":"https:\/\/www.europesays.com\/afrique\/wp-json\/wp\/v2\/comments?post=199289"}],"version-history":[{"count":0,"href":"https:\/\/www.europesays.com\/afrique\/wp-json\/wp\/v2\/posts\/199289\/revisions"}],"wp:featuredmedia":[{"embeddable":true,"href":"https:\/\/www.europesays.com\/afrique\/wp-json\/wp\/v2\/media\/199290"}],"wp:attachment":[{"href":"https:\/\/www.europesays.com\/afrique\/wp-json\/wp\/v2\/media?parent=199289"}],"wp:term":[{"taxonomy":"category","embeddable":true,"href":"https:\/\/www.europesays.com\/afrique\/wp-json\/wp\/v2\/categories?post=199289"},{"taxonomy":"post_tag","embeddable":true,"href":"https:\/\/www.europesays.com\/afrique\/wp-json\/wp\/v2\/tags?post=199289"}],"curies":[{"name":"wp","href":"https:\/\/api.w.org\/{rel}","templated":true}]}}