{"id":199302,"date":"2026-09-03T16:26:20","date_gmt":"2026-09-03T16:26:20","guid":{"rendered":"https:\/\/www.europesays.com\/afrique\/199302\/"},"modified":"2026-09-03T16:26:20","modified_gmt":"2026-09-03T16:26:20","slug":"banque-mondiale-quatre-leviers-pour-accelerer-lintegration-economique-de-lafrique","status":"publish","type":"post","link":"https:\/\/www.europesays.com\/afrique\/199302\/","title":{"rendered":"Banque mondiale : quatre leviers pour acc\u00e9l\u00e9rer l\u2019int\u00e9gration \u00e9conomique de l\u2019Afrique"},"content":{"rendered":"<p>Le rapport \u00abIntegrating Africa: From Threads to Hubs\u00bb ne se contente pas d\u2019un diagnostic sans appel sur la fragmentation du commerce africain. Il propose un cadre d\u2019action op\u00e9rationnel pour faire de l\u2019int\u00e9gration r\u00e9gionale un moteur de transformation structurelle. La ZLECAf offre un cadre historique, mais sa concr\u00e9tisation d\u00e9pendra de la capacit\u00e9 des \u00c9tats \u00e0 rendre leurs syst\u00e8mes \u00e9conomiques interop\u00e9rables et \u00e0 b\u00e2tir de v\u00e9ritables cha\u00eenes de valeur r\u00e9gionales. Quatre piliers sont identifi\u00e9s pour y parvenir.<\/p>\n<p>Le rapport de la Banque mondiale ne se contente pas d\u2019un diagnostic ; il propose un cadre d\u2019action op\u00e9rationnel, articul\u00e9 autour de quatre piliers interd\u00e9pendants, pour faire de l\u2019int\u00e9gration r\u00e9gionale un v\u00e9ritable moteur de transformation structurelle. L\u2019id\u00e9e-force qui les sous-tend est que les march\u00e9s r\u00e9gionaux offrent l\u2019\u00e9chelle n\u00e9cessaire pour permettre la sp\u00e9cialisation, le partage de la production et des investissements de plus grande ampleur.<\/p>\n<p>Le rapport identifie des opportunit\u00e9s concr\u00e8tes dans les produits alimentaires transform\u00e9s, la p\u00e9trochimie, les min\u00e9raux et m\u00e9taux, les machines, le mat\u00e9riel de transport, les textiles, l\u2019\u00e9nergie et les services. L\u2019objectif est de relier les strat\u00e9gies industrielles nationales aux sources d\u2019approvisionnement, \u00e0 la demande et aux infrastructures r\u00e9gionales, afin de connecter, par exemple, les pays producteurs de min\u00e9raux aux transformateurs et aux manufacturiers du continent, ou les producteurs agricoles aux industries agroalimentaires r\u00e9gionales. Une part consid\u00e9rable des co\u00fbts du commerce en Afrique provient cependant d\u2019inefficacit\u00e9s internes aux pays : lenteurs douani\u00e8res, logistique d\u00e9faillante, divergences r\u00e9glementaires, restrictions sur les services et infrastructures inad\u00e9quates.<\/p>\n<p>Le rapport estime qu\u2019environ 60% des co\u00fbts du commerce sont de cette nature, un fardeau que les gouvernements peuvent all\u00e9ger par des r\u00e9formes nationales sans attendre de nouveaux accords r\u00e9gionaux. L\u2019interop\u00e9rabilit\u00e9 \u2013 la capacit\u00e9 des syst\u00e8mes \u00e0 fonctionner de mani\u00e8re fluide au-del\u00e0 des fronti\u00e8res \u2013 est la cl\u00e9 de cette r\u00e9duction des frictions. Des mesures comme les guichets uniques \u00e9lectroniques, les inspections bas\u00e9es sur les risques, des r\u00e8gles d\u2019origine simplifi\u00e9es et des march\u00e9s de fret plus concurrentiels peuvent r\u00e9duire les co\u00fbts imm\u00e9diatement et rendre les \u00e9changes plus fluides. Mais les r\u00e9formes nationales, aussi n\u00e9cessaires soient-elles, ne suffisent pas.<\/p>\n<p>Le rapport souligne que les engagements sp\u00e9cifiques, contraignants et ex\u00e9cutoires produisent de meilleurs r\u00e9sultats en mati\u00e8re d\u2019int\u00e9gration que les simples d\u00e9clarations d\u2019intention. Les \u00e9l\u00e9ments qui font la diff\u00e9rence sont les dispositions sur les services, l\u2019investissement, la facilitation des \u00e9changes, la transparence, la reconnaissance mutuelle, ainsi que des m\u00e9canismes de r\u00e8glement des diff\u00e9rends cr\u00e9dibles et ex\u00e9cutoires. \u00c0 cet \u00e9gard, des coalitions de pays volontaires peuvent montrer la voie en mettant en \u0153uvre des r\u00e9formes ambitieuses de mani\u00e8re pionni\u00e8re, cr\u00e9ant ainsi une \u00e9mulation positive pour l\u2019ensemble du continent. Le quatri\u00e8me pilier, enfin, concerne les biens publics r\u00e9gionaux.<\/p>\n<p>La production et les \u00e9changes r\u00e9gionaux n\u00e9cessitent des infrastructures, des services et des institutions partag\u00e9s que les march\u00e9s seuls ne peuvent fournir : corridors de transport, pools \u00e9nerg\u00e9tiques, r\u00e9seaux num\u00e9riques, syst\u00e8mes de paiement, surveillance des maladies et r\u00e9silience climatique. Ces biens g\u00e9n\u00e8rent des b\u00e9n\u00e9fices qui transcendent les fronti\u00e8res et sont essentiels \u00e0 la fluidit\u00e9 des \u00e9changes. Le rapport d\u00e9veloppe un cadre op\u00e9rationnel pour adapter le mod\u00e8le de fourniture de chaque bien public \u2013 qu\u2019il s\u2019agisse de r\u00e8gles continentales uniformes, de mise en \u0153uvre par les Communaut\u00e9s \u00e9conomiques r\u00e9gionales (CER) ou de coalitions cibl\u00e9es \u2013, selon la nature du bien et les capacit\u00e9s des acteurs concern\u00e9s.<\/p>\n<p>Le rapport insiste sur un point central : la ZLECAf offre un cadre historique, mais sa concr\u00e9tisation d\u00e9pendra de la capacit\u00e9 des \u00c9tats \u00e0 rendre leurs syst\u00e8mes \u00e9conomiques interop\u00e9rables et \u00e0 b\u00e2tir de v\u00e9ritables cha\u00eenes de valeur r\u00e9gionales. Le chemin est encore long, et les d\u00e9fis \u2013 coordination des r\u00e9formes, investissements dans les infrastructures, confiance entre partenaires \u2013 ne manquent pas. Mais le cadre est d\u00e9sormais pos\u00e9 pour transformer les engagements continentaux en march\u00e9s fonctionnels, et les fils en hubs.<\/p>\n<p>H.K. \/ Les Inspirations \u00c9CO<\/p>\n<p>                  L&rsquo;\u00e9mission<\/p>\n<p class=\"ytsponso-v46-intro-desc\">Chaque semaine, un grand invit\u00e9 d\u00e9crypte les enjeux de l&rsquo;\u00e9conomie marocaine.<\/p>\n<p><\/p>\n<p>&#13;<\/p>\n<p><\/p>\n<p><a dir=\"LTR\" class=\"alert-main\" href=\"https:\/\/leseco.ma\/maroc\/etudes-a-letranger-transferts-loyers-frais-de-sejour-les-nouvelles-regles-a-connaitre.html\" target=\"_blank\" rel=\"nofollow noopener\">&#13;<br \/>\n    &#13;<br \/>\n        &#13;<br \/>\n        &#13;<br \/>\n        &#13;<br \/>\n<\/a><\/p>\n<p><\/p>\n","protected":false},"excerpt":{"rendered":"Le rapport \u00abIntegrating Africa: From Threads to Hubs\u00bb ne se contente pas d\u2019un diagnostic sans appel sur la&hellip;\n","protected":false},"author":2,"featured_media":199303,"comment_status":"","ping_status":"","sticky":false,"template":"","format":"standard","meta":{"footnotes":"","_share_on_mastodon":"0"},"categories":[4],"tags":[6,988,60520,28128,2243],"class_list":["post-199302","post","type-post","status-publish","format-standard","has-post-thumbnail","category-afrique","tag-afrique","tag-banque-mondiale","tag-integrating-africa-from-threads-to-hubs","tag-integration-regionale","tag-zlecaf"],"share_on_mastodon":{"url":"https:\/\/pubeurope.com\/@afrique\/117208048128646632","error":""},"_links":{"self":[{"href":"https:\/\/www.europesays.com\/afrique\/wp-json\/wp\/v2\/posts\/199302","targetHints":{"allow":["GET"]}}],"collection":[{"href":"https:\/\/www.europesays.com\/afrique\/wp-json\/wp\/v2\/posts"}],"about":[{"href":"https:\/\/www.europesays.com\/afrique\/wp-json\/wp\/v2\/types\/post"}],"author":[{"embeddable":true,"href":"https:\/\/www.europesays.com\/afrique\/wp-json\/wp\/v2\/users\/2"}],"replies":[{"embeddable":true,"href":"https:\/\/www.europesays.com\/afrique\/wp-json\/wp\/v2\/comments?post=199302"}],"version-history":[{"count":0,"href":"https:\/\/www.europesays.com\/afrique\/wp-json\/wp\/v2\/posts\/199302\/revisions"}],"wp:featuredmedia":[{"embeddable":true,"href":"https:\/\/www.europesays.com\/afrique\/wp-json\/wp\/v2\/media\/199303"}],"wp:attachment":[{"href":"https:\/\/www.europesays.com\/afrique\/wp-json\/wp\/v2\/media?parent=199302"}],"wp:term":[{"taxonomy":"category","embeddable":true,"href":"https:\/\/www.europesays.com\/afrique\/wp-json\/wp\/v2\/categories?post=199302"},{"taxonomy":"post_tag","embeddable":true,"href":"https:\/\/www.europesays.com\/afrique\/wp-json\/wp\/v2\/tags?post=199302"}],"curies":[{"name":"wp","href":"https:\/\/api.w.org\/{rel}","templated":true}]}}