{"id":199346,"date":"2026-09-03T17:19:22","date_gmt":"2026-09-03T17:19:22","guid":{"rendered":"https:\/\/www.europesays.com\/afrique\/199346\/"},"modified":"2026-09-03T17:19:22","modified_gmt":"2026-09-03T17:19:22","slug":"le-portugais-carlos-queiroz-reste-finalement-a-la-tete-du-ghana-2","status":"publish","type":"post","link":"https:\/\/www.europesays.com\/afrique\/199346\/","title":{"rendered":"Le Portugais Carlos Queiroz reste finalement \u00e0 la t\u00eate du Ghana"},"content":{"rendered":"<p class=\"mb-4 text-lg md:leading-8 break-words\">L&rsquo;entra\u00eeneur de 73 ans a conduit cet \u00e9t\u00e9 les Black Stars jusqu&rsquo;en 16e de finale du Mondial, o\u00f9 ils ont \u00e9t\u00e9 \u00e9cart\u00e9s par <a data-ylk=\"slk:la Colombie (1-0).;elm:context_link;itc:0;sec:content-canvas;\" data-yga=\"{&quot;yLinkElement&quot;:&quot;link&quot;,&quot;yLinkElementType&quot;:&quot;article_link&quot;}\" href=\"https:\/\/www.rfi.fr\/fr\/afrique-foot\/20260704-coupe-du-monde-2026-la-colombie-ma\u00eetrise-facilement-le-ghana-et-file-en-8es-de-finale\" rel=\"noopener noreferrer nofollow\" target=\"_blank\">la Colombie (1-0).<\/a> Le technicien portugais avait alors annonc\u00e9 son d\u00e9part. Mais les deux parties ont conclu un accord scellant la poursuite de la mission de Queiroz, a indiqu\u00e9 la GFA dans un communiqu\u00e9. \u00ab Il a \u00e9t\u00e9 convenu que Carlos Queiroz entamerait un nouveau mandat d&rsquo;entra\u00eeneur \u00e0 partir de la prochaine tr\u00eave internationale \u00bb, a-t-elle pr\u00e9cis\u00e9.<\/p>\n<p>Les \u00e9liminatoires de la CAN 2027 en vue<\/p>\n<p class=\"mb-4 text-lg md:leading-8 break-words\">Le Ghana affrontera la C\u00f4te d&rsquo;Ivoire puis la Gambie en fin de mois pour le d\u00e9buts des \u00e9liminatoires de la Coupe d&rsquo;Afrique des nations (CAN) 2027 pr\u00e9vue au Kenya, en Ouganda et en Tanzanie. Ensuite, les hommes de Carlos Queiroz encha\u00eeneront contre la Somalie dans le groupe C avec l&rsquo;ambition de d\u00e9crocher leur billet pour la CAN. Le Ghana a remport\u00e9 la CAN \u00e0 quatre reprises en 1963, 1965, 1978 et 1982.<\/p>\n<p class=\"mb-4 text-lg md:leading-8 break-words\">L&rsquo;entra\u00eeneur v\u00e9t\u00e9ran avait \u00e9t\u00e9 nomm\u00e9 deux mois avant le Mondial nord-am\u00e9ricain apr\u00e8s la s\u00e9paration avec le <a data-ylk=\"slk:s\u00e9lectionneur Otto Addo;elm:context_link;itc:0;sec:content-canvas;\" data-yga=\"{&quot;yLinkElement&quot;:&quot;link&quot;,&quot;yLinkElementType&quot;:&quot;article_link&quot;}\" href=\"https:\/\/www.rfi.fr\/fr\/afrique-foot\/20260331-coupe-du-monde-2026-le-ghana-limoge-son-s\u00e9lectionneur-\u00e0-dix-semaines-du-mondial\" rel=\"noopener noreferrer nofollow\" target=\"_blank\">s\u00e9lectionneur Otto Addo<\/a>. Otto Addo occupait le banc de la s\u00e9lection depuis mars 2024 apr\u00e8s un premier mandat entre mai 2022 et d\u00e9cembre 2022.<\/p>\n<p class=\"mb-4 text-lg md:leading-8 break-words\">\u00c0 l&rsquo;\u00e9poque, la F\u00e9d\u00e9ration ghan\u00e9enne n&rsquo;avait pas fait mention d&rsquo;une dur\u00e9e de contrat au-del\u00e0 de la Coupe du monde pour Queiroz. Avant de prendre en charge les Black Stars, il avait \u00e9galement dirig\u00e9 le Portugal, la Colombie, l&rsquo;\u00c9gypte, l&rsquo;Iran et le Qatar.<\/p>\n","protected":false},"excerpt":{"rendered":"L&rsquo;entra\u00eeneur de 73 ans a conduit cet \u00e9t\u00e9 les Black Stars jusqu&rsquo;en 16e de finale du Mondial, o\u00f9&hellip;\n","protected":false},"author":2,"featured_media":199347,"comment_status":"","ping_status":"","sticky":false,"template":"","format":"standard","meta":{"footnotes":"","_share_on_mastodon":"0"},"categories":[161],"tags":[24264,3657,60568,60566,278,60564,44355,60565,60569,1456,60567,21442],"class_list":["post-199346","post","type-post","status-publish","format-standard","has-post-thumbnail","category-ghana","tag-carlos-queiroz","tag-colombie","tag-contre-la-somalie-dans-le-groupe-c","tag-gfa-dans-un","tag-ghana","tag-lentraineur-de-73-ans","tag-le-ghana","tag-mandat-entre-mai-2022-et","tag-navait-pas-fait-mention-dune","tag-otto-addo","tag-portugais-avait-alors-annonce","tag-treve-internationale"],"share_on_mastodon":{"url":"https:\/\/pubeurope.com\/@afrique\/117208256512542947","error":""},"_links":{"self":[{"href":"https:\/\/www.europesays.com\/afrique\/wp-json\/wp\/v2\/posts\/199346","targetHints":{"allow":["GET"]}}],"collection":[{"href":"https:\/\/www.europesays.com\/afrique\/wp-json\/wp\/v2\/posts"}],"about":[{"href":"https:\/\/www.europesays.com\/afrique\/wp-json\/wp\/v2\/types\/post"}],"author":[{"embeddable":true,"href":"https:\/\/www.europesays.com\/afrique\/wp-json\/wp\/v2\/users\/2"}],"replies":[{"embeddable":true,"href":"https:\/\/www.europesays.com\/afrique\/wp-json\/wp\/v2\/comments?post=199346"}],"version-history":[{"count":0,"href":"https:\/\/www.europesays.com\/afrique\/wp-json\/wp\/v2\/posts\/199346\/revisions"}],"wp:featuredmedia":[{"embeddable":true,"href":"https:\/\/www.europesays.com\/afrique\/wp-json\/wp\/v2\/media\/199347"}],"wp:attachment":[{"href":"https:\/\/www.europesays.com\/afrique\/wp-json\/wp\/v2\/media?parent=199346"}],"wp:term":[{"taxonomy":"category","embeddable":true,"href":"https:\/\/www.europesays.com\/afrique\/wp-json\/wp\/v2\/categories?post=199346"},{"taxonomy":"post_tag","embeddable":true,"href":"https:\/\/www.europesays.com\/afrique\/wp-json\/wp\/v2\/tags?post=199346"}],"curies":[{"name":"wp","href":"https:\/\/api.w.org\/{rel}","templated":true}]}}