{"id":199396,"date":"2026-09-03T18:30:29","date_gmt":"2026-09-03T18:30:29","guid":{"rendered":"https:\/\/www.europesays.com\/afrique\/199396\/"},"modified":"2026-09-03T18:30:29","modified_gmt":"2026-09-03T18:30:29","slug":"senegal-accord-avec-le-fmi-de-22-milliards-de-dollars-et-restructuration-de-la-dette-exterieure","status":"publish","type":"post","link":"https:\/\/www.europesays.com\/afrique\/199396\/","title":{"rendered":"S\u00e9n\u00e9gal : accord avec le FMI de 2,2 milliards de dollars et restructuration de la dette ext\u00e9rieure"},"content":{"rendered":"<p>Le S\u00e9n\u00e9gal a conclu un accord technique avec le FMI pour un programme de financement triennal. Dakar exclut formellement sa dette en francs CFA du processus de traitement des cr\u00e9ances.<\/p>\n<p><img loading=\"lazy\" decoding=\"async\" width=\"353\" height=\"500\" alt=\"\" style=\"max-width:100%; height:auto;\" class=\"perfmatters-lazy\" src=\"https:\/\/www.europesays.com\/afrique\/wp-content\/uploads\/2026\/07\/Pigier-journee.webp\"\/><\/p>\n<p>Le S\u00e9n\u00e9gal et le Fonds mon\u00e9taire international (FMI) ont conclu un accord technique au niveau des services pour un programme de financement triennal d\u2019un montant de 2,2 milliards de dollars. Ce m\u00e9canisme pr\u00e9voit un traitement de la dette ext\u00e9rieure du pays sous l\u2019\u00e9gide du Cadre commun renforc\u00e9 du G20, engageant Dakar dans une ren\u00e9gociation cibl\u00e9e de ses engagements financiers internationaux.<\/p>\n<p>Dans ce processus, le gouvernement s\u00e9n\u00e9galais a fermement fix\u00e9 une ligne rouge : l\u2019exclusion formelle de sa dette libell\u00e9e en francs CFA du p\u00e9rim\u00e8tre de la restructuration. L\u2019ex\u00e9cutif entend ainsi pr\u00e9server la stabilit\u00e9 et l\u2019\u00e9quilibre du march\u00e9 financier r\u00e9gional de l\u2019Union \u00e9conomique et mon\u00e9taire ouest-africaine (UEMOA), o\u00f9 les investisseurs de la zone d\u00e9tiennent d\u2019importants volumes de titres publics.<\/p>\n<p>La distinction entre dette locale et dette ext\u00e9rieure se heurte n\u00e9anmoins \u00e0 la complexit\u00e9 des Total Return Swaps (TRS). Ces instruments financiers sophistiqu\u00e9s, bien qu\u2019adoss\u00e9s \u00e0 des obligations souveraines \u00e9mises sur le march\u00e9 int\u00e9rieur, ont \u00e9t\u00e9 directement contract\u00e9s aupr\u00e8s de bailleurs de fonds et d\u2019institutions internationales, rendant plus floue la fronti\u00e8re juridique de ces cr\u00e9ances.<\/p>\n<p>Les donn\u00e9es publi\u00e9es par le minist\u00e8re s\u00e9n\u00e9galais des Finances r\u00e9v\u00e8lent l\u2019ampleur de ce recours \u00e0 l\u2019ing\u00e9nierie financi\u00e8re. Au cours de l\u2019ann\u00e9e 2025, les autorit\u00e9s de Dakar ont ainsi men\u00e9 sept op\u00e9rations de type TRS, mobilisant une enveloppe globale de 721 milliards de francs CFA, soit l\u2019\u00e9quivalent d\u2019environ 1,2 milliard de dollars.<\/p>\n<p>L\u2019obstacle juridique des cr\u00e9anciers privil\u00e9gi\u00e9s<\/p>\n<p>Ces montages financiers impliquent notamment des contreparties de premier plan comme la First Abu Dhabi Bank et l\u2019Africa Finance Corporation (AFC). L\u2019int\u00e9gration de cette derni\u00e8re dans une restructuration commerciale pose une contrainte majeure, l\u2019institution multilat\u00e9rale b\u00e9n\u00e9ficiant du statut de cr\u00e9ancier privil\u00e9gi\u00e9 qui restreint son inclusion dans tout sch\u00e9ma de d\u00e9cote ou de r\u00e9\u00e9chelonnement.<\/p>\n","protected":false},"excerpt":{"rendered":"Le S\u00e9n\u00e9gal a conclu un accord technique avec le FMI pour un programme de financement triennal. Dakar exclut&hellip;\n","protected":false},"author":2,"featured_media":199397,"comment_status":"","ping_status":"","sticky":false,"template":"","format":"standard","meta":{"footnotes":"","_share_on_mastodon":"0"},"categories":[84],"tags":[1869,479,546,7,60608,572,3028,11],"class_list":["post-199396","post","type-post","status-publish","format-standard","has-post-thumbnail","category-senegal","tag-accord","tag-dette","tag-dollars","tag-economie","tag-exterieure","tag-milliards","tag-restructuration","tag-senegal"],"share_on_mastodon":{"url":"https:\/\/pubeurope.com\/@afrique\/117208535967189888","error":""},"_links":{"self":[{"href":"https:\/\/www.europesays.com\/afrique\/wp-json\/wp\/v2\/posts\/199396","targetHints":{"allow":["GET"]}}],"collection":[{"href":"https:\/\/www.europesays.com\/afrique\/wp-json\/wp\/v2\/posts"}],"about":[{"href":"https:\/\/www.europesays.com\/afrique\/wp-json\/wp\/v2\/types\/post"}],"author":[{"embeddable":true,"href":"https:\/\/www.europesays.com\/afrique\/wp-json\/wp\/v2\/users\/2"}],"replies":[{"embeddable":true,"href":"https:\/\/www.europesays.com\/afrique\/wp-json\/wp\/v2\/comments?post=199396"}],"version-history":[{"count":0,"href":"https:\/\/www.europesays.com\/afrique\/wp-json\/wp\/v2\/posts\/199396\/revisions"}],"wp:featuredmedia":[{"embeddable":true,"href":"https:\/\/www.europesays.com\/afrique\/wp-json\/wp\/v2\/media\/199397"}],"wp:attachment":[{"href":"https:\/\/www.europesays.com\/afrique\/wp-json\/wp\/v2\/media?parent=199396"}],"wp:term":[{"taxonomy":"category","embeddable":true,"href":"https:\/\/www.europesays.com\/afrique\/wp-json\/wp\/v2\/categories?post=199396"},{"taxonomy":"post_tag","embeddable":true,"href":"https:\/\/www.europesays.com\/afrique\/wp-json\/wp\/v2\/tags?post=199396"}],"curies":[{"name":"wp","href":"https:\/\/api.w.org\/{rel}","templated":true}]}}