{"id":199481,"date":"2026-09-03T19:52:17","date_gmt":"2026-09-03T19:52:17","guid":{"rendered":"https:\/\/www.europesays.com\/afrique\/199481\/"},"modified":"2026-09-03T19:52:17","modified_gmt":"2026-09-03T19:52:17","slug":"basket-pacome-dadiet-reussit-ses-debuts-avec-la-cote-divoire-et-vise-le-mondial","status":"publish","type":"post","link":"https:\/\/www.europesays.com\/afrique\/199481\/","title":{"rendered":"Basket : Pac\u00f4me Dadiet r\u00e9ussit ses d\u00e9buts avec la C\u00f4te d&rsquo;Ivoire et vise le Mondial"},"content":{"rendered":"<p>Fra\u00eechement int\u00e9gr\u00e9 aux \u00c9l\u00e9phants du basketball, l&rsquo;ailier des New York Knicks dresse le bilan de ses premiers pas internationaux et \u00e9voque les contraintes de son calendrier am\u00e9ricain.<\/p>\n<p><img loading=\"lazy\" decoding=\"async\" width=\"353\" height=\"500\" alt=\"\" style=\"max-width:100%; height:auto;\" class=\"perfmatters-lazy\" src=\"https:\/\/www.europesays.com\/afrique\/wp-content\/uploads\/2026\/07\/Pigier-journee.webp\"\/><\/p>\n<p>L\u2019ailier des New York Knicks, Pac\u00f4me Dadiet, a officiellement fait ses premiers pas sous la tunique de la C\u00f4te d\u2019Ivoire \u00e0 Dakar. Le jeune basketteur a disput\u00e9 ses premi\u00e8res rencontres internationales avec la s\u00e9lection ivoirienne lors de la quatri\u00e8me fen\u00eatre des \u00e9liminatoires de la Coupe du monde de basketball 2027, organis\u00e9e sur le parquet s\u00e9n\u00e9galais \u00e0 la fin du mois d\u2019ao\u00fbt 2026.<\/p>\n<p>Pour cette grande premi\u00e8re sur la sc\u00e8ne continentale avec les \u00c9l\u00e9phants, le joueur \u00e9voluant dans la prestigieuse ligue nord-am\u00e9ricaine a quitt\u00e9 la capitale s\u00e9n\u00e9galaise sur une fiche positive. Pac\u00f4me Dadiet et ses partenaires de vestiaire ont engrang\u00e9 deux victoires au cours de ce tournoi qualificatif, conc\u00e9dant seulement un revers face \u00e0 la redoutable formation de l\u2019Angola.<\/p>\n<p>Cette premi\u00e8re convocation a \u00e9galement rev\u00eatu une dimension familiale toute particuli\u00e8re pour le soci\u00e9taire de la franchise new-yorkaise. Le rassemblement de Dakar a en effet permis \u00e0 Pac\u00f4me Dadiet de partager directement le parquet en s\u00e9lection nationale avec son fr\u00e8re a\u00een\u00e9, Maxence Dadiet, marquant ainsi une \u00e9tape m\u00e9morable dans l\u2019histoire sportive de la fratrie ivoirienne.<\/p>\n<p>La suite de la campagne \u00e9liminatoire s\u2019annonce toutefois plus complexe \u00e0 n\u00e9gocier pour le basketteur ivoirien. Pac\u00f4me Dadiet a d\u2019ores et d\u00e9j\u00e0 fait savoir qu\u2019il lui sera particuli\u00e8rement difficile de rejoindre les \u00c9l\u00e9phants pour disputer l\u2019ultime fen\u00eatre qualificative programm\u00e9e en f\u00e9vrier \u00e0 Abidjan, les imp\u00e9ratifs du calendrier r\u00e9gulier de la NBA retenant les joueurs aupr\u00e8s de leurs franchises respectives durant l\u2019hiver.<\/p>\n<p>Objectif Mondial et temps de jeu \u00e0 New York<\/p>\n<p>Malgr\u00e9 cet obstacle logistique, les ambitions du joueur restent intactes pour les mois \u00e0 venir. Lors d\u2019un entretien accord\u00e9 aux micros de Radio France Internationale (RFI), Pac\u00f4me Dadiet a r\u00e9affirm\u00e9 sa volont\u00e9 d\u00e9termin\u00e9e d\u2019aider la C\u00f4te d\u2019Ivoire \u00e0 valider son billet pour la phase finale du Mondial 2027, tout en affichant sa ferme intention de conqu\u00e9rir un temps de jeu significatif sous le maillot des New York Knicks d\u00e8s la reprise des comp\u00e9titions.<\/p>\n","protected":false},"excerpt":{"rendered":"Fra\u00eechement int\u00e9gr\u00e9 aux \u00c9l\u00e9phants du basketball, l&rsquo;ailier des New York Knicks dresse le bilan de ses premiers pas&hellip;\n","protected":false},"author":2,"featured_media":199482,"comment_status":"","ping_status":"","sticky":false,"template":"","format":"standard","meta":{"footnotes":"","_share_on_mastodon":"0"},"categories":[154],"tags":[3088,722,216,23888,60645,22613,7,10116,60644,10679,1212],"class_list":["post-199481","post","type-post","status-publish","format-standard","has-post-thumbnail","category-cote-divoire","tag-basket","tag-cote","tag-cote-divoire","tag-drsquo","tag-dadiet","tag-debuts","tag-economie","tag-ivoire","tag-pacome","tag-reussit","tag-vise"],"share_on_mastodon":{"url":"https:\/\/pubeurope.com\/@afrique\/117208858759619226","error":""},"_links":{"self":[{"href":"https:\/\/www.europesays.com\/afrique\/wp-json\/wp\/v2\/posts\/199481","targetHints":{"allow":["GET"]}}],"collection":[{"href":"https:\/\/www.europesays.com\/afrique\/wp-json\/wp\/v2\/posts"}],"about":[{"href":"https:\/\/www.europesays.com\/afrique\/wp-json\/wp\/v2\/types\/post"}],"author":[{"embeddable":true,"href":"https:\/\/www.europesays.com\/afrique\/wp-json\/wp\/v2\/users\/2"}],"replies":[{"embeddable":true,"href":"https:\/\/www.europesays.com\/afrique\/wp-json\/wp\/v2\/comments?post=199481"}],"version-history":[{"count":0,"href":"https:\/\/www.europesays.com\/afrique\/wp-json\/wp\/v2\/posts\/199481\/revisions"}],"wp:featuredmedia":[{"embeddable":true,"href":"https:\/\/www.europesays.com\/afrique\/wp-json\/wp\/v2\/media\/199482"}],"wp:attachment":[{"href":"https:\/\/www.europesays.com\/afrique\/wp-json\/wp\/v2\/media?parent=199481"}],"wp:term":[{"taxonomy":"category","embeddable":true,"href":"https:\/\/www.europesays.com\/afrique\/wp-json\/wp\/v2\/categories?post=199481"},{"taxonomy":"post_tag","embeddable":true,"href":"https:\/\/www.europesays.com\/afrique\/wp-json\/wp\/v2\/tags?post=199481"}],"curies":[{"name":"wp","href":"https:\/\/api.w.org\/{rel}","templated":true}]}}