{"id":199508,"date":"2026-09-03T20:18:11","date_gmt":"2026-09-03T20:18:11","guid":{"rendered":"https:\/\/www.europesays.com\/afrique\/199508\/"},"modified":"2026-09-03T20:18:11","modified_gmt":"2026-09-03T20:18:11","slug":"le-bresil-installe-sa-premiere-antenne-commerciale-permanente-en-afrique-a-addis-abeba","status":"publish","type":"post","link":"https:\/\/www.europesays.com\/afrique\/199508\/","title":{"rendered":"Le Br\u00e9sil installe sa premi\u00e8re antenne commerciale permanente en Afrique \u00e0 Addis-Abeba"},"content":{"rendered":"<p>Brasilia acc\u00e9l\u00e8re son offensive \u00e9conomique sur le continent africain en \u00e9tablissant un ancrage institutionnel direct en \u00c9thiopie. Cette implantation strat\u00e9gique entend tirer profit des synergies cr\u00e9\u00e9es au sein des BRICS pour stimuler les investissements bilat\u00e9raux.<\/p>\n<p><img loading=\"lazy\" decoding=\"async\" width=\"353\" height=\"500\" alt=\"\" style=\"max-width:100%; height:auto;\" class=\"perfmatters-lazy\" src=\"https:\/\/www.europesays.com\/afrique\/wp-content\/uploads\/2026\/07\/Pigier-journee.webp\"\/><\/p>\n<p>L\u2019Agence br\u00e9silienne de promotion des exportations et des investissements (ApexBrasil) a officiellement inaugur\u00e9 le 2 septembre 2026 \u00e0 Addis-Abeba sa toute premi\u00e8re antenne permanente sur le sol africain. Cette ouverture marque une \u00e9tape in\u00e9dite dans le d\u00e9ploiement des relations \u00e9conomiques de la premi\u00e8re puissance d\u2019Am\u00e9rique latine vers le continent, choisissant la capitale \u00e9thiopienne comme porte d\u2019entr\u00e9e op\u00e9rationnelle.<\/p>\n<p>Cette initiative strat\u00e9gique a pour objectif direct d\u2019intensifier les flux d\u2019\u00e9changes commerciaux et de stimuler les investissements bilat\u00e9raux. Les relations \u00e9conomiques b\u00e9n\u00e9ficient d\u2019un \u00e9lan politique suppl\u00e9mentaire, consolid\u00e9 par l\u2019appartenance conjointe du Br\u00e9sil et de l\u2019\u00c9thiopie au bloc des BRICS, qui sert de levier pour dynamiser les accords commerciaux et financiers mutuels.<\/p>\n<p>L\u2019\u00e9tablissement de cette structure conclut une vaste mission \u00e9conomique br\u00e9silienne entam\u00e9e fin ao\u00fbt 2026 \u00e0 travers le continent. Cette tourn\u00e9e commerciale a notamment conduit les repr\u00e9sentants br\u00e9siliens \u00e0 effectuer des \u00e9tapes de prospection successives en Afrique du Sud, en Zambie et au Mozambique, renfor\u00e7ant les contacts institutionnels avant l\u2019installation d\u00e9finitive du p\u00f4le \u00e9thiopien.<\/p>\n<p>Sur le plan op\u00e9rationnel, la nouvelle entit\u00e9 aura pour mandat de fournir des analyses de march\u00e9 rigoureuses aux investisseurs br\u00e9siliens tout en facilitant leur int\u00e9gration. L\u2019agence se chargera \u00e9galement d\u2019orchestrer des rencontres d\u2019affaires interentreprises (B2B) destin\u00e9es \u00e0 lever les obstacles pratiques \u00e0 l\u2019implantation des entreprises sur le march\u00e9 \u00e9thiopien et sur le reste du continent.<\/p>\n<p>Agro-industrie et \u00e9nergies vertes au c\u0153ur des priorit\u00e9s<\/p>\n<p>Les deux gouvernements ont cibl\u00e9 des secteurs prioritaires pour mat\u00e9rialiser ces ambitions de croissance partag\u00e9e. Les efforts d\u2019investissement se concentreront principalement sur l\u2019agro-industrie, l\u2019\u00e9nergie verte, l\u2019industrie manufacturi\u00e8re, les infrastructures logistiques ainsi que les programmes conjoints de transfert de technologies pour stimuler la comp\u00e9titivit\u00e9 locale.<\/p>\n","protected":false},"excerpt":{"rendered":"Brasilia acc\u00e9l\u00e8re son offensive \u00e9conomique sur le continent africain en \u00e9tablissant un ancrage institutionnel direct en \u00c9thiopie. Cette&hellip;\n","protected":false},"author":2,"featured_media":199509,"comment_status":"","ping_status":"","sticky":false,"template":"","format":"standard","meta":{"footnotes":"","_share_on_mastodon":"0"},"categories":[158],"tags":[60598,60597,6,60648,1368,15976,7,262,58523,60649,14307],"class_list":["post-199508","post","type-post","status-publish","format-standard","has-post-thumbnail","category-ethiopie","tag-abeba","tag-addis","tag-afrique","tag-antenne","tag-bresil","tag-commerciale","tag-economie","tag-ethiopie","tag-installe","tag-permanente","tag-premiere"],"share_on_mastodon":{"url":"https:\/\/pubeurope.com\/@afrique\/117208960635429069","error":""},"_links":{"self":[{"href":"https:\/\/www.europesays.com\/afrique\/wp-json\/wp\/v2\/posts\/199508","targetHints":{"allow":["GET"]}}],"collection":[{"href":"https:\/\/www.europesays.com\/afrique\/wp-json\/wp\/v2\/posts"}],"about":[{"href":"https:\/\/www.europesays.com\/afrique\/wp-json\/wp\/v2\/types\/post"}],"author":[{"embeddable":true,"href":"https:\/\/www.europesays.com\/afrique\/wp-json\/wp\/v2\/users\/2"}],"replies":[{"embeddable":true,"href":"https:\/\/www.europesays.com\/afrique\/wp-json\/wp\/v2\/comments?post=199508"}],"version-history":[{"count":0,"href":"https:\/\/www.europesays.com\/afrique\/wp-json\/wp\/v2\/posts\/199508\/revisions"}],"wp:featuredmedia":[{"embeddable":true,"href":"https:\/\/www.europesays.com\/afrique\/wp-json\/wp\/v2\/media\/199509"}],"wp:attachment":[{"href":"https:\/\/www.europesays.com\/afrique\/wp-json\/wp\/v2\/media?parent=199508"}],"wp:term":[{"taxonomy":"category","embeddable":true,"href":"https:\/\/www.europesays.com\/afrique\/wp-json\/wp\/v2\/categories?post=199508"},{"taxonomy":"post_tag","embeddable":true,"href":"https:\/\/www.europesays.com\/afrique\/wp-json\/wp\/v2\/tags?post=199508"}],"curies":[{"name":"wp","href":"https:\/\/api.w.org\/{rel}","templated":true}]}}