{"id":199514,"date":"2026-09-03T20:25:13","date_gmt":"2026-09-03T20:25:13","guid":{"rendered":"https:\/\/www.europesays.com\/afrique\/199514\/"},"modified":"2026-09-03T20:25:13","modified_gmt":"2026-09-03T20:25:13","slug":"aram-belhadj-si-les-derives-se-poursuivent-letat-finira-reellement-par-seffondrer","status":"publish","type":"post","link":"https:\/\/www.europesays.com\/afrique\/199514\/","title":{"rendered":"Aram Belhadj : si les d\u00e9rives se poursuivent, l\u2019\u00c9tat finira r\u00e9ellement par s\u2019effondrer"},"content":{"rendered":"<p class=\"wp-block-paragraph\">La d\u00e9t\u00e9rioration des services publics ne serait plus une succession de dysfonctionnements isol\u00e9s, mais le signe d\u2019un recul beaucoup plus profond du pays. L\u2019\u00e9conomiste Aram Belhadj a lanc\u00e9, jeudi 3 septembre 2026, une s\u00e9v\u00e8re mise en garde sur la situation en Tunisie, estimant que la poursuite de cette d\u00e9gradation pourrait, \u00e0 terme, menacer l\u2019\u00c9tat et ses institutions.<\/p>\n<p class=\"wp-block-paragraph\">L\u2019\u00e9conomiste Aram Belhadj, docteur en sciences \u00e9conomiques et enseignant-chercheur \u00e0 l\u2019Universit\u00e9 de Carthage, est revenu, jeudi, dans un post Facebook sur la situation dans le pays. Son constat part d\u2019un \u00e9l\u00e9ment tr\u00e8s concret : la qualit\u00e9 de l\u2019eau potable distribu\u00e9e par la Sonede, qu\u2019il pr\u00e9sente comme l\u2019une des illustrations de la d\u00e9t\u00e9rioration des services publics.<\/p>\n<p class=\"wp-block-paragraph\">M. Belhadj affirme disposer de nombreuses photos et recevoir r\u00e9guli\u00e8rement des vid\u00e9os envoy\u00e9es par diff\u00e9rentes personnes pour documenter cette situation. Les derni\u00e8res, pr\u00e9cise-t-il, concernent la qualit\u00e9 de l\u2019eau du robinet. Il explique cependant avoir choisi de ne pas les publier, consid\u00e9rant qu\u2019une telle diffusion ne servirait pas n\u00e9cessairement l\u2019image de la Tunisie, aussi bien \u00e0 l\u2019int\u00e9rieur qu\u2019\u00e0 l\u2019\u00e9tranger, et pourrait \u00ab faire plus de mal que de bien \u00bb.<\/p>\n<p>Des services publics au risque d\u2019effondrement de l\u2019\u00c9tat<\/p>\n<p class=\"wp-block-paragraph\">Pour l\u2019\u00e9conomiste, le probl\u00e8me d\u00e9passe toutefois largement la seule question de l\u2019eau. Celle-ci appara\u00eet dans son analyse comme l\u2019une des manifestations d\u2019une situation beaucoup plus g\u00e9n\u00e9rale.<\/p>\n<p class=\"wp-block-paragraph\">Aram Belhadj interpelle ainsi les responsables charg\u00e9s des affaires de l\u2019\u00c9tat et ceux auxquels incombe, selon ses termes, la responsabilit\u00e9 d\u2019assurer un minimum de bien-\u00eatre \u00e0 la population. Il estime que le pays est en train de r\u00e9gresser simultan\u00e9ment sur plusieurs fronts : \u00e9conomique, social, politique, financier, sanitaire ou encore sportif, \u00e9voquant plus largement un recul \u00ab \u00e0 tous les niveaux \u00bb.<\/p>\n<p class=\"wp-block-paragraph\">Son avertissement est particuli\u00e8rement s\u00e9v\u00e8re. Si les responsables ne prennent pas conscience de cette r\u00e9gression, pr\u00e9vient-il, ses cons\u00e9quences pourraient finir par toucher l\u2019ensemble de la soci\u00e9t\u00e9. Il emploie l\u2019image du \u00ab d\u00e9luge \u00bb qui viendrait emporter \u00ab le vert et le sec \u00bb et n\u2019\u00e9pargner personne.<\/p>\n<p class=\"wp-block-paragraph\">Pour appuyer son alerte, l\u2019\u00e9conomiste rappelle l\u2019Executive Opinion Survey de Davos concernant la Tunisie en 2022. Selon lui, cette enqu\u00eate avait identifi\u00e9 comme principal risque mena\u00e7ant le pays l\u2019\u00ab effondrement de l\u2019\u00c9tat \u00bb.<\/p>\n<p class=\"wp-block-paragraph\">Aram Belhadj explique cette notion par un effondrement des services publics, susceptible, selon lui, de conduire \u00e0 un d\u00e9sordre g\u00e9n\u00e9ralis\u00e9 et de porter atteinte \u00e0 la stabilit\u00e9 du pays. Il \u00e9tablit ainsi un lien direct entre la d\u00e9t\u00e9rioration qu\u2019il observe aujourd\u2019hui et ce risque identifi\u00e9 quelques ann\u00e9es auparavant.<\/p>\n<p>Une \u00ab r\u00e9volution des mentalit\u00e9s \u00bb pour \u00e9viter le d\u00e9crochage<\/p>\n<p class=\"wp-block-paragraph\">Le constat dress\u00e9 par l\u2019\u00e9conomiste n\u2019est cependant pas celui d\u2019une fatalit\u00e9. Aram Belhadj consid\u00e8re que la Tunisie dispose toujours de tous les atouts n\u00e9cessaires pour figurer parmi les pays \u00e9mergents.<\/p>\n<p class=\"wp-block-paragraph\">Mais cette possibilit\u00e9 suppose, selon lui, une \u00ab r\u00e9volution des mentalit\u00e9s \u00bb, particuli\u00e8rement chez les dirigeants et les responsables. Sans ce changement, il estime que la poursuite des dysfonctionnements actuels pourrait mener au sc\u00e9nario qu\u2019il redoute.<\/p>\n<p class=\"wp-block-paragraph\">\u00ab Si les d\u00e9rives que nous vivons se poursuivent et s\u2019il n\u2019y a pas de r\u00e9volution des mentalit\u00e9s, particuli\u00e8rement chez nos dirigeants et nos responsables, l\u2019\u00c9tat s\u2019effondrera r\u00e9ellement \u00bb, avertit-il en substance.<\/p>\n<p class=\"wp-block-paragraph\">Il estime alors que les institutions qui subsistent pourraient \u00e0 leur tour dispara\u00eetre et que la Tunisie risquerait de devenir un pays \u00ab en d\u00e9veloppement, faible et pauvre, dans tous les sens du terme \u00bb.<\/p>\n<p class=\"wp-block-paragraph\">Partant de la qualit\u00e9 de l\u2019eau du robinet, Aram Belhadj livre ainsi une alerte qui d\u00e9passe largement ce seul probl\u00e8me : celle d\u2019un pays qui, malgr\u00e9 les atouts dont il dispose encore, risque selon lui un profond d\u00e9crochage si la d\u00e9t\u00e9rioration actuelle se poursuit.<\/p>\n<p><img fetchpriority=\"high\" data-dominant-color=\"e8e8e9\" data-has-transparency=\"false\" style=\"--dominant-color: #e8e8e9;\" decoding=\"async\" width=\"700\" height=\"415\" src=\"https:\/\/www.europesays.com\/afrique\/wp-content\/uploads\/2026\/09\/post-FB-Belhaj-030926.webp\" alt=\"\" class=\"wp-image-1416748 not-transparent\"  \/><\/p>\n<p class=\"has-text-align-right wp-block-paragraph\">I.N.<\/p>\n","protected":false},"excerpt":{"rendered":"La d\u00e9t\u00e9rioration des services publics ne serait plus une succession de dysfonctionnements isol\u00e9s, mais le signe d\u2019un recul&hellip;\n","protected":false},"author":2,"featured_media":25053,"comment_status":"","ping_status":"","sticky":false,"template":"","format":"standard","meta":{"footnotes":"","_share_on_mastodon":"0"},"categories":[120],"tags":[11097,7891,60650,20398,7410,3257,124],"class_list":["post-199514","post","type-post","status-publish","format-standard","has-post-thumbnail","category-tunisie","tag-aram-belhadj","tag-derives","tag-deterioration","tag-effondrement","tag-public","tag-services","tag-tunisie"],"share_on_mastodon":{"url":"https:\/\/pubeurope.com\/@afrique\/117208988110741560","error":""},"_links":{"self":[{"href":"https:\/\/www.europesays.com\/afrique\/wp-json\/wp\/v2\/posts\/199514","targetHints":{"allow":["GET"]}}],"collection":[{"href":"https:\/\/www.europesays.com\/afrique\/wp-json\/wp\/v2\/posts"}],"about":[{"href":"https:\/\/www.europesays.com\/afrique\/wp-json\/wp\/v2\/types\/post"}],"author":[{"embeddable":true,"href":"https:\/\/www.europesays.com\/afrique\/wp-json\/wp\/v2\/users\/2"}],"replies":[{"embeddable":true,"href":"https:\/\/www.europesays.com\/afrique\/wp-json\/wp\/v2\/comments?post=199514"}],"version-history":[{"count":0,"href":"https:\/\/www.europesays.com\/afrique\/wp-json\/wp\/v2\/posts\/199514\/revisions"}],"wp:featuredmedia":[{"embeddable":true,"href":"https:\/\/www.europesays.com\/afrique\/wp-json\/wp\/v2\/media\/25053"}],"wp:attachment":[{"href":"https:\/\/www.europesays.com\/afrique\/wp-json\/wp\/v2\/media?parent=199514"}],"wp:term":[{"taxonomy":"category","embeddable":true,"href":"https:\/\/www.europesays.com\/afrique\/wp-json\/wp\/v2\/categories?post=199514"},{"taxonomy":"post_tag","embeddable":true,"href":"https:\/\/www.europesays.com\/afrique\/wp-json\/wp\/v2\/tags?post=199514"}],"curies":[{"name":"wp","href":"https:\/\/api.w.org\/{rel}","templated":true}]}}