{"id":199515,"date":"2026-09-03T20:26:14","date_gmt":"2026-09-03T20:26:14","guid":{"rendered":"https:\/\/www.europesays.com\/afrique\/199515\/"},"modified":"2026-09-03T20:26:14","modified_gmt":"2026-09-03T20:26:14","slug":"apres-les-rumeurs-renard-et-xavi-pourquoi-la-selection-algerienne-soriente-t-elle-vers-un-duo-local","status":"publish","type":"post","link":"https:\/\/www.europesays.com\/afrique\/199515\/","title":{"rendered":"Apr\u00e8s les rumeurs Renard et Xavi : pourquoi la s\u00e9lection alg\u00e9rienne s&rsquo;oriente-t-elle vers un duo local ?"},"content":{"rendered":"<p>Apr\u00e8s une Coupe du monde d\u00e9cevante, l&rsquo;Alg\u00e9rie n&rsquo;a toujours pas d\u00e9sign\u00e9 de successeur \u00e0 l&rsquo;entra\u00eeneur bosnien, Vladimir Petkovic. Faute de solutions satisfaisantes, le pari Brahim Hamdani, associ\u00e9 \u00e0 Antar Yahia, devrait vraisemblablement \u00eatre tent\u00e9, \u00e0 l&rsquo;approche des prochaines \u00e9ch\u00e9ances.<\/p>\n<p>Parmi les dix s\u00e9lections africaines qui ont particip\u00e9 \u00e0 la derni\u00e8re Coupe du monde, six ont d\u00e9cid\u00e9 de changer d&rsquo;entra\u00eeneur, selon le quotidien<a href=\"https:\/\/www.lequipe.fr\/Football\/Actualites\/Maghreb-fc-le-blog-de-nabil-djellit-mais-qui-va-succeder-a-vladimir-petkovic-a-la-tete-de-l-algerie\/1715622?utm_source=Social%20media&amp;utm_campaign=twitter&amp;utm_content=photo&amp;utm_medium=Social%20media\" rel=\"nofollow noopener\" data-affiliate-type=\"NONE\" target=\"_blank\">\u00ab L&rsquo;\u00c9quipe \u00bb<\/a>fran\u00e7ais.<\/p>\n<p>Cinq pays ont nomm\u00e9 de nouveaux entra\u00eeneurs en vue des \u00e9liminatoires de la Coupe d&rsquo;Afrique des nations 2027, pr\u00e9vues \u00e0 la fin du mois en cours. L&rsquo;Alg\u00e9rie reste le seul pays en retard pour trancher sur l&rsquo;identit\u00e9 de son entra\u00eeneur.<\/p>\n<p>\u00c0 lire \u00e9galement<\/p>\n<p style=\"text-align:start\">Nouvelle r\u00e9v\u00e9lation : la FIFA a d\u00e9pens\u00e9 des millions de dollars pour prot\u00e9ger la r\u00e9putation d&rsquo;Infantino<\/p>\n<p style=\"text-align:start\">Enqu\u00eate d\u00e9taill\u00e9e : Infantino a re\u00e7u des cadeaux de Poutine et a utilis\u00e9 la FIFA \u00e0 des fins personnelles<\/p>\n<p>Et le temps presse, car la s\u00e9lection disputera, dans les derniers jours de septembre, les deux premi\u00e8res journ\u00e9es des \u00e9liminatoires de la Coupe d&rsquo;Afrique des nations 2027, lorsqu&rsquo;elle recevra la Zambie, avant de se rendre au Burundi.<\/p>\n<p>Apr\u00e8s la fin de l&rsquo;\u00e8re fade de Petkovic, il fallait rapidement chercher un entra\u00eeneur. Sur les r\u00e9seaux sociaux, de nombreux supporters de l&rsquo;Alg\u00e9rie ont pens\u00e9 que le moment \u00e9tait venu d&rsquo;engager Herv\u00e9 Renard.<\/p>\n<p>Si le Fran\u00e7ais s&rsquo;\u00e9tait rapproch\u00e9 du poste de s\u00e9lectionneur de l&rsquo;Alg\u00e9rie, apr\u00e8s la Coupe d&rsquo;Afrique des nations en C\u00f4te d&rsquo;Ivoire, cela ne s&rsquo;est pas r\u00e9p\u00e9t\u00e9 cette fois-ci. La d\u00e9marche n&rsquo;a m\u00eame pas \u00e9t\u00e9 enclench\u00e9e.<\/p>\n<p>Apr\u00e8s avoir sond\u00e9 des entra\u00eeneurs \u00e9trangers, la f\u00e9d\u00e9ration a annonc\u00e9 une liste de trois noms, par l&rsquo;interm\u00e9diaire de la Direction technique nationale pr\u00e9sid\u00e9e par Rabah Sa\u00e2dane, l&rsquo;ancien s\u00e9lectionneur national : l&rsquo;Espagnol F\u00e9lix S\u00e1nchez Bas, son compatriote Rafael Ben\u00edtez et le Belge Tom Saintfiet.<\/p>\n<p>S\u00e1nchez, ancien entra\u00eeneur du Qatar et de l&rsquo;\u00c9quateur, \u00e9tait entr\u00e9 en n\u00e9gociations avec l&rsquo;Alg\u00e9rie, avant de pr\u00e9ciser qu&rsquo;il \u00e9tait \u00e9galement int\u00e9ress\u00e9 par une piste asiatique. C&rsquo;est de l\u00e0 qu&rsquo;a commenc\u00e9 \u00e0 s&rsquo;\u00e9vaporer le plan \u00ab A \u00bb.<\/p>\n<p>Du c\u00f4t\u00e9 des entra\u00eeneurs locaux, aucun nom ne s&rsquo;est impos\u00e9 avec force. D&rsquo;autres entra\u00eeneurs ont \u00e9galement \u00e9t\u00e9 sond\u00e9s, parmi lesquels Igor Tudor et Xavi, mais sans r\u00e9ponse positive, selon \u00ab L&rsquo;\u00c9quipe \u00bb.<\/p>\n<p>Une mission \u00e0 deux<\/p>\n<p>Finalement, la f\u00e9d\u00e9ration alg\u00e9rienne a pris conscience qu&rsquo;il n&rsquo;existe pas actuellement sur le march\u00e9 le profil id\u00e9al pour prendre en main la s\u00e9lection. Durant cette p\u00e9riode d&rsquo;attente, Antar Yahia, l&rsquo;ancien international alg\u00e9rien, a \u00e9t\u00e9 charg\u00e9 d&rsquo;\u00e9tablir une liste \u00e9largie pour les matchs de septembre.<\/p>\n<p>L&rsquo;ancien d\u00e9fenseur a contact\u00e9 les joueurs et leur entourage, pour les rassurer apr\u00e8s la d\u00e9ception laiss\u00e9e par l&rsquo;\u00e9limination du Mondial. Cette mission men\u00e9e par Yahia pourrait se transformer en un r\u00f4le permanent, et m\u00eame prendre une plus grande ampleur.<\/p>\n<p>D\u00e9sormais, la f\u00e9d\u00e9ration r\u00e9fl\u00e9chit s\u00e9rieusement \u00e0 un duo compos\u00e9 de Yahia et de Brahim Hamdani. Ce dernier est apparu sur la sc\u00e8ne locale il y a un mois seulement. Il a \u00e9t\u00e9 nomm\u00e9 en juillet entra\u00eeneur de la s\u00e9lection d&rsquo;Alg\u00e9rie (moins de 20 ans), et avait auparavant men\u00e9 la s\u00e9lection (moins de 21 ans) \u00e0 remporter les Jeux m\u00e9diterran\u00e9ens, un exploit que l&rsquo;Alg\u00e9rie n&rsquo;avait plus r\u00e9alis\u00e9 depuis 1975.<\/p>\n<p>L&rsquo;ancien joueur de l&rsquo;Olympique de Marseille pr\u00e9sente un parcours relativement modeste. Il est pass\u00e9 par les clubs de C\u00f4te Bleue, de Marignane et de Courbevoie dans les divisions inf\u00e9rieures fran\u00e7aises.<\/p>\n<p>Les deux hommes ont pour particularit\u00e9 d&rsquo;avoir port\u00e9 le maillot national, et ils sont \u00e9galement en contact \u00e9troit avec la r\u00e9alit\u00e9 du football alg\u00e9rien et son environnement. Si ce choix est retenu, seront-ils plus qu&rsquo;une simple solution provisoire ?<\/p>\n<p>Malgr\u00e9 le manque d&rsquo;exp\u00e9rience aux plus hauts niveaux de l&rsquo;entra\u00eenement, la f\u00e9d\u00e9ration est pr\u00eate \u00e0 tenter ce pari, et m\u00eame \u00e0 aller plus loin si les choses concordent, en vue de la Coupe d&rsquo;Afrique des nations 2027, qui sera organis\u00e9e conjointement au Kenya, en Ouganda et en Tanzanie, du 19 juin au 18 juillet.<\/p>\n<p>La d\u00e9cision finale devrait \u00eatre prise samedi prochain, lors de la r\u00e9union du bureau f\u00e9d\u00e9ral.<\/p>\n<p>Vous pouvez discuter des sujets et des actualit\u00e9s plus en profondeur sur les forums de \u00ab Kooora \u00bb.<\/p>\n","protected":false},"excerpt":{"rendered":"Apr\u00e8s une Coupe du monde d\u00e9cevante, l&rsquo;Alg\u00e9rie n&rsquo;a toujours pas d\u00e9sign\u00e9 de successeur \u00e0 l&rsquo;entra\u00eeneur bosnien, Vladimir Petkovic.&hellip;\n","protected":false},"author":2,"featured_media":199516,"comment_status":"","ping_status":"","sticky":false,"template":"","format":"standard","meta":{"footnotes":"","_share_on_mastodon":"0"},"categories":[85],"tags":[56669,4620,60653,116,60651,2730,60654,60652,12110,2647],"class_list":["post-199515","post","type-post","status-publish","format-standard","has-post-thumbnail","category-algerie","tag-africa-cup-of-nations-qualification","tag-algeria","tag-algeria-vs-zambia","tag-algerie","tag-algerie-vs-zambie","tag-burundi","tag-burundi-vs-algeria","tag-burundi-vs-algerie","tag-zambia","tag-zambie"],"share_on_mastodon":{"url":"https:\/\/pubeurope.com\/@afrique\/117208991809389106","error":""},"_links":{"self":[{"href":"https:\/\/www.europesays.com\/afrique\/wp-json\/wp\/v2\/posts\/199515","targetHints":{"allow":["GET"]}}],"collection":[{"href":"https:\/\/www.europesays.com\/afrique\/wp-json\/wp\/v2\/posts"}],"about":[{"href":"https:\/\/www.europesays.com\/afrique\/wp-json\/wp\/v2\/types\/post"}],"author":[{"embeddable":true,"href":"https:\/\/www.europesays.com\/afrique\/wp-json\/wp\/v2\/users\/2"}],"replies":[{"embeddable":true,"href":"https:\/\/www.europesays.com\/afrique\/wp-json\/wp\/v2\/comments?post=199515"}],"version-history":[{"count":0,"href":"https:\/\/www.europesays.com\/afrique\/wp-json\/wp\/v2\/posts\/199515\/revisions"}],"wp:featuredmedia":[{"embeddable":true,"href":"https:\/\/www.europesays.com\/afrique\/wp-json\/wp\/v2\/media\/199516"}],"wp:attachment":[{"href":"https:\/\/www.europesays.com\/afrique\/wp-json\/wp\/v2\/media?parent=199515"}],"wp:term":[{"taxonomy":"category","embeddable":true,"href":"https:\/\/www.europesays.com\/afrique\/wp-json\/wp\/v2\/categories?post=199515"},{"taxonomy":"post_tag","embeddable":true,"href":"https:\/\/www.europesays.com\/afrique\/wp-json\/wp\/v2\/tags?post=199515"}],"curies":[{"name":"wp","href":"https:\/\/api.w.org\/{rel}","templated":true}]}}