{"id":199517,"date":"2026-09-03T20:27:35","date_gmt":"2026-09-03T20:27:35","guid":{"rendered":"https:\/\/www.europesays.com\/afrique\/199517\/"},"modified":"2026-09-03T20:27:35","modified_gmt":"2026-09-03T20:27:35","slug":"une-restructuration-de-2830-milliards-de-fcfa-declenche-le-compte-a-rebours-du-defaut-au-senegal-bloomberg","status":"publish","type":"post","link":"https:\/\/www.europesays.com\/afrique\/199517\/","title":{"rendered":"Une restructuration de 2830 milliards de FCFA d\u00e9clenche le compte \u00e0 rebours du d\u00e9faut au S\u00e9n\u00e9gal (Bloomberg)"},"content":{"rendered":"<p>\n\t\t\t\t\t Une restructuration obligataire de 5 milliards de dollars soit pr\u00e8s de 2830 milliards de francs CFA au taux actuel d\u00e9clenche le compte \u00e0 rebours du d\u00e9faut de paiement du S\u00e9n\u00e9gal, selon Bloomberg. Mardi, le gouvernement a d\u00e9voil\u00e9 un programme de sauvetage avec le Fonds mon\u00e9taire international qui doit aboutir \u00e0 la restructuration de ce montant d\u2019euro-obligations, une annonce qui r\u00e9pond \u00e0 la question que se posaient depuis deux ans les investisseurs obligataires des march\u00e9s \u00e9mergents : le S\u00e9n\u00e9gal pouvait-il \u00e9viter d\u2019\u00eatre le premier pays du continent \u00e0 faire d\u00e9faut depuis le reniement de ses dettes par l\u2019\u00c9thiopie en 2023 ? <br \/>\u00a0 <br \/>La dette s\u00e9n\u00e9galaise, d\u00e9j\u00e0 class\u00e9e en grande difficult\u00e9 sur les march\u00e9s, a imm\u00e9diatement chut\u00e9 apr\u00e8s l\u2019annonce, signe que certains investisseurs ont \u00e9t\u00e9 surpris par la nouvelle. Ce mouvement marque le d\u00e9but d\u2019un processus que beaucoup d\u2019observateurs anticipent long et sem\u00e9 d\u2019emb\u00fbches pour stabiliser les finances d\u2019un pays longtemps pr\u00e9sent\u00e9 comme un mod\u00e8le de saine gestion \u00e9conomique. <br \/>\u00a0 <br \/>Si Dakar n\u2019a pas explicitement annonc\u00e9 un d\u00e9faut de paiement, l\u2019ensemble des pays ayant eu recours au Cadre commun du G20 ont, jusqu\u2019ici, cess\u00e9 de rembourser leurs dettes pendant la dur\u00e9e des n\u00e9gociations d\u2019all\u00e8gement. Le test d\u00e9cisif interviendra le 13 septembre, date d\u2019\u00e9ch\u00e9ance d\u2019un paiement d\u2019int\u00e9r\u00eats sur une euro-obligation. Sur les march\u00e9s, les euro-obligations \u00e0 \u00e9ch\u00e9ance 2048 ont malgr\u00e9 tout progress\u00e9 pour une deuxi\u00e8me s\u00e9ance cons\u00e9cutive, gagnant 0,3 cent pour atteindre 49,78 cents, tandis que les titres \u00e0 \u00e9ch\u00e9ance 2031 restaient quasi stables \u00e0 51,28 cents, une hausse que les op\u00e9rateurs attribuent \u00e0 des rachats de positions courtes plut\u00f4t qu\u2019\u00e0 un changement des fondamentaux. <br \/>\u00a0 <br \/>Le compte \u00e0 rebours financier s\u2019accompagne d\u2019un compte \u00e0 rebours politique. Le pr\u00e9sident Bassirou Diomaye Faye a limog\u00e9 en mai son ancien alli\u00e9 et Premier ministre Ousmane Sonko, farouchement oppos\u00e9 \u00e0 une restructuration. Devenu pr\u00e9sident de l\u2019Assembl\u00e9e nationale, Sonko a r\u00e9agi sur Facebook apr\u00e8s l\u2019annonce de l\u2019accord avec le FMI en exigeant un \u00ab d\u00e9bat sain sur les engagements du S\u00e9n\u00e9gal \u00bb. <br \/>\u00a0 <br \/>L\u2019op\u00e9ration doit aussi \u00e9prouver la mani\u00e8re dont les emprunteurs souverains traitent les swaps de rendement total (TRS), des instruments controvers\u00e9s assimilables \u00e0 de la dette, contract\u00e9s par le S\u00e9n\u00e9gal et d\u2019autres pays au cours de l\u2019ann\u00e9e \u00e9coul\u00e9e et critiqu\u00e9s par le FMI. Si la dette libell\u00e9e en francs CFA sera exclue de toute restructuration, le sort des emprunts TRS souscrits aupr\u00e8s de First Abu Dhabi Bank et d\u2019Africa Finance Corp reste incertain ; les deux \u00e9tablissements n\u2019ont pas souhait\u00e9 commenter. Selon Martin Kessler, directeur ex\u00e9cutif du Laboratoire de finance pour le d\u00e9veloppement \u00e0 l\u2019\u00c9cole d\u2019\u00e9conomie de Paris, ces instruments \u00ab pourraient cr\u00e9er beaucoup de probl\u00e8mes \u00bb lors des n\u00e9gociations. Il rel\u00e8ve par ailleurs que, ne disposant pas de sa propre monnaie, le S\u00e9n\u00e9gal ne pourra pas d\u00e9valuer pour amortir le choc, contrairement \u00e0 la Zambie, au Ghana ou \u00e0 l\u2019\u00c9thiopie, ce qui alourdit le poids de l\u2019ajustement budg\u00e9taire. <br \/>\u00a0 <br \/>Le ministre des Finances, Cheikh Diba, a assur\u00e9 aux investisseurs que Dakar utiliserait une version \u00ab am\u00e9lior\u00e9e \u00bb du Cadre commun, avec des d\u00e9lais plus courts et un partage d\u2019informations pr\u00e9coce entre cat\u00e9gories de cr\u00e9anciers. Le S\u00e9n\u00e9gal pr\u00e9voit de convoquer une r\u00e9union d\u2019information rassemblant cr\u00e9anciers multilat\u00e9raux, bilat\u00e9raux et priv\u00e9s sous l\u2019\u00e9gide du FMI, une \u00e9tape in\u00e9dite en six ans d\u2019existence du dispositif d\u00e8s que les travaux techniques sur la viabilit\u00e9 de la dette seront suffisamment avanc\u00e9s. <br \/>\u00a0 <br \/>Pour les trois pays ayant d\u00e9j\u00e0 conclu ce type d\u2019accord notamment Zambie, Ghana et \u00c9thiopie, les n\u00e9gociations ont \u00e9t\u00e9 longues et p\u00e9nibles, la coordination entre cr\u00e9anciers aux int\u00e9r\u00eats divers, du Club de Paris aux nouveaux pr\u00eateurs comme la Chine, ayant g\u00e9n\u00e9r\u00e9 des retards co\u00fbteux, voire, dans le cas \u00e9thiopien, une proc\u00e9dure judiciaire \u00e0 Londres engag\u00e9e par des d\u00e9tenteurs d\u2019obligations. C\u2019est pr\u00e9cis\u00e9ment ce que le compte \u00e0 rebours s\u00e9n\u00e9galais doit maintenant mettre \u00e0 l\u2019\u00e9preuve. \u00ab Le S\u00e9n\u00e9gal sera vraiment le cas test \u00bb, r\u00e9sume Martin Kessler. \u00ab Il y a eu une am\u00e9lioration, mais je pense que le fait que le S\u00e9n\u00e9gal ait mis autant de temps \u00e0 postuler au Cadre commun est une preuve d\u2019\u00e9chec. \u00bb\n\t\t\t\t <\/p>\n","protected":false},"excerpt":{"rendered":"Une restructuration obligataire de 5 milliards de dollars soit pr\u00e8s de 2830 milliards de francs CFA au taux&hellip;\n","protected":false},"author":2,"featured_media":199518,"comment_status":"","ping_status":"","sticky":false,"template":"","format":"standard","meta":{"footnotes":"","_share_on_mastodon":"0"},"categories":[84],"tags":[6,198,203,197,201,202,195,205,206,196,204,200,199,11,113],"class_list":["post-199517","post","type-post","status-publish","format-standard","has-post-thumbnail","category-senegal","tag-afrique","tag-aliou-cisse","tag-amadou-ba","tag-apr","tag-bassirou-diomaye-faye","tag-bathelemy-dias","tag-dakar","tag-el-malick-ndiaye","tag-guy-marius-sagna","tag-macky-sall","tag-madiambal-diagne","tag-ousmane-sonko","tag-pastef","tag-senegal","tag-ziguinchor"],"share_on_mastodon":{"url":"https:\/\/pubeurope.com\/@afrique\/117208995853056847","error":""},"_links":{"self":[{"href":"https:\/\/www.europesays.com\/afrique\/wp-json\/wp\/v2\/posts\/199517","targetHints":{"allow":["GET"]}}],"collection":[{"href":"https:\/\/www.europesays.com\/afrique\/wp-json\/wp\/v2\/posts"}],"about":[{"href":"https:\/\/www.europesays.com\/afrique\/wp-json\/wp\/v2\/types\/post"}],"author":[{"embeddable":true,"href":"https:\/\/www.europesays.com\/afrique\/wp-json\/wp\/v2\/users\/2"}],"replies":[{"embeddable":true,"href":"https:\/\/www.europesays.com\/afrique\/wp-json\/wp\/v2\/comments?post=199517"}],"version-history":[{"count":0,"href":"https:\/\/www.europesays.com\/afrique\/wp-json\/wp\/v2\/posts\/199517\/revisions"}],"wp:featuredmedia":[{"embeddable":true,"href":"https:\/\/www.europesays.com\/afrique\/wp-json\/wp\/v2\/media\/199518"}],"wp:attachment":[{"href":"https:\/\/www.europesays.com\/afrique\/wp-json\/wp\/v2\/media?parent=199517"}],"wp:term":[{"taxonomy":"category","embeddable":true,"href":"https:\/\/www.europesays.com\/afrique\/wp-json\/wp\/v2\/categories?post=199517"},{"taxonomy":"post_tag","embeddable":true,"href":"https:\/\/www.europesays.com\/afrique\/wp-json\/wp\/v2\/tags?post=199517"}],"curies":[{"name":"wp","href":"https:\/\/api.w.org\/{rel}","templated":true}]}}