{"id":199528,"date":"2026-09-03T20:36:12","date_gmt":"2026-09-03T20:36:12","guid":{"rendered":"https:\/\/www.europesays.com\/afrique\/199528\/"},"modified":"2026-09-03T20:36:12","modified_gmt":"2026-09-03T20:36:12","slug":"sibio-2026-la-qualite-doit-devenir-un-droit-pour-le-consommateur-ivoirien-plaide-dr-venance-oungbe","status":"publish","type":"post","link":"https:\/\/www.europesays.com\/afrique\/199528\/","title":{"rendered":"SIBIO 2026: \u00ab La qualit\u00e9 doit devenir un droit pour le consommateur ivoirien \u00bb, plaide Dr Venance Oungb\u00e9"},"content":{"rendered":"<p>Dr Oungb\u00e9 Venance, commissaire g\u00e9n\u00e9ral du Salon international du bio, insiste sur la n\u00e9cessit\u00e9 pour la C\u00f4te d&rsquo;Ivoire de se doter de son propre label bio. (Ph: Dr)<\/p>\n<p>                    Le jeudi 2 septembre 2026, Fratmat.info a re\u00e7u une copie de la synth\u00e8se r\u00e9dig\u00e9e par Dr Oungb\u00e9 Venance, commissaire g\u00e9n\u00e9ral du Salon international du bio (Sibio), sur la n\u00e9cessit\u00e9 pour la C\u00f4te d&rsquo;Ivoire de se doter de son propre label bio.<br \/>\n        A l&rsquo;occasion de la 3e \u00e9dition du salon, pr\u00e9vue du 29 octobre au 2 novembre 2026 \u00e0 l&rsquo;Universit\u00e9 F\u00e9lix Houphou\u00ebt-Boigny de Cocody, le Forum africain pour la promotion du bio (Fap-bio) entend ouvrir ce d\u00e9bat : \u00ab Comment garantir aux Ivoiriens l&rsquo;acc\u00e8s \u00e0 des produits bio de qualit\u00e9, adapt\u00e9s \u00e0 leur pouvoir d&rsquo;achat ? \u00bb<\/p>\n<p>Selon Dr Oungb\u00e9 Venance, par ailleurs pionnier de la raniculture en C\u00f4te d&rsquo;Ivoire, un paradoxe demeure. Produire selon des normes internationales co\u00fbte cher, si bien que les produits certifi\u00e9s deviennent difficilement accessibles au consommateur local. \u00ab Le risque est de voir se d\u00e9velopper une agriculture bio destin\u00e9e aux march\u00e9s ext\u00e9rieurs, tandis que le consommateur local reste priv\u00e9 de produits sains et tra\u00e7ables \u00bb, alerte-t-il.<\/p>\n<p>Le consommateur ivoirien a aussi droit \u00e0 la qualit\u00e9<\/p>\n<p>Pour l&rsquo;expert, il ne s&rsquo;agit pas de remettre en cause les certifications internationales, mais de s&rsquo;interroger : \u00ab La qualit\u00e9 doit-elle \u00eatre r\u00e9serv\u00e9e \u00e0 l&rsquo;exportation ? \u00bb Consommer local, insiste-t-il, \u00ab doit aussi signifier consommer sain, responsable et durable. \u00bb<\/p>\n<p>Vers un label bio Made in C\u00f4te d&rsquo;Ivoire<\/p>\n<p>C&rsquo;est dans cette perspective qu&rsquo;un groupe d&rsquo;experts planche sur un \u2018\u2019Label bio Made in C\u00f4te d&rsquo;Ivoire\u2019\u2019, d\u00e9j\u00e0 envisag\u00e9 sous l&rsquo;appellation \u00ab L Bio \u00bb, assorti d&rsquo;un cahier des charges et de m\u00e9canismes de tra\u00e7abilit\u00e9 qui sera pr\u00e9sent\u00e9 lors du salon. \u00ab Elle doit devenir un droit pour le consommateur ivoirien et un v\u00e9ritable levier de d\u00e9veloppement pour nos producteurs \u00bb, conclut le Dr Oungb\u00e9. Une question de souverainet\u00e9 alimentaire, \u00e0 quelques semaines du Sibio 2026.<\/p>\n<p>Une correspondance particuli\u00e8re de J.D.<\/p>\n<p>Source : Sercom<\/p>\n","protected":false},"excerpt":{"rendered":"Dr Oungb\u00e9 Venance, commissaire g\u00e9n\u00e9ral du Salon international du bio, insiste sur la n\u00e9cessit\u00e9 pour la C\u00f4te d&rsquo;Ivoire&hellip;\n","protected":false},"author":2,"featured_media":199529,"comment_status":"","ping_status":"","sticky":false,"template":"","format":"standard","meta":{"footnotes":"","_share_on_mastodon":"0"},"categories":[154],"tags":[58,6,15889,216,417,21818,60665,11039,12912,88,95,60667,7515,315,13045,60664,697,60666],"class_list":["post-199528","post","type-post","status-publish","format-standard","has-post-thumbnail","category-cote-divoire","tag-58","tag-afrique","tag-consommateur","tag-cote-divoire","tag-devenir","tag-doit","tag-dr","tag-droit","tag-ivoirien","tag-la","tag-le","tag-oungbe","tag-plaide","tag-pour","tag-qualite","tag-sibio","tag-un","tag-venance"],"share_on_mastodon":{"url":"https:\/\/pubeurope.com\/@afrique\/117209031104887320","error":""},"_links":{"self":[{"href":"https:\/\/www.europesays.com\/afrique\/wp-json\/wp\/v2\/posts\/199528","targetHints":{"allow":["GET"]}}],"collection":[{"href":"https:\/\/www.europesays.com\/afrique\/wp-json\/wp\/v2\/posts"}],"about":[{"href":"https:\/\/www.europesays.com\/afrique\/wp-json\/wp\/v2\/types\/post"}],"author":[{"embeddable":true,"href":"https:\/\/www.europesays.com\/afrique\/wp-json\/wp\/v2\/users\/2"}],"replies":[{"embeddable":true,"href":"https:\/\/www.europesays.com\/afrique\/wp-json\/wp\/v2\/comments?post=199528"}],"version-history":[{"count":0,"href":"https:\/\/www.europesays.com\/afrique\/wp-json\/wp\/v2\/posts\/199528\/revisions"}],"wp:featuredmedia":[{"embeddable":true,"href":"https:\/\/www.europesays.com\/afrique\/wp-json\/wp\/v2\/media\/199529"}],"wp:attachment":[{"href":"https:\/\/www.europesays.com\/afrique\/wp-json\/wp\/v2\/media?parent=199528"}],"wp:term":[{"taxonomy":"category","embeddable":true,"href":"https:\/\/www.europesays.com\/afrique\/wp-json\/wp\/v2\/categories?post=199528"},{"taxonomy":"post_tag","embeddable":true,"href":"https:\/\/www.europesays.com\/afrique\/wp-json\/wp\/v2\/tags?post=199528"}],"curies":[{"name":"wp","href":"https:\/\/api.w.org\/{rel}","templated":true}]}}