{"id":199538,"date":"2026-09-03T20:45:09","date_gmt":"2026-09-03T20:45:09","guid":{"rendered":"https:\/\/www.europesays.com\/afrique\/199538\/"},"modified":"2026-09-03T20:45:09","modified_gmt":"2026-09-03T20:45:09","slug":"tunisie-la-cour-de-cassation-confirme-les-lourdes-peines-dans-laffaire-du-complot-contre-letat","status":"publish","type":"post","link":"https:\/\/www.europesays.com\/afrique\/199538\/","title":{"rendered":"Tunisie\u00a0: la Cour de cassation confirme les lourdes peines dans l\u2019affaire du \u00ab\u00a0complot contre l\u2019\u00c9tat\u00a0\u00bb"},"content":{"rendered":"<p class=\"mb-4 text-lg md:leading-8 break-words\">En <a data-ylk=\"slk:Tunisie;elm:context_link;itc:0;sec:content-canvas;\" data-yga=\"{&quot;yLinkElement&quot;:&quot;link&quot;,&quot;yLinkElementType&quot;:&quot;article_link&quot;}\" href=\"https:\/\/www.france24.com\/fr\/tag\/tunisie\/\" class=\"gtm-add-suggested-tag\" rel=\"noopener noreferrer nofollow\" target=\"_blank\">Tunisie<\/a>, la Cour de cassation a confirm\u00e9, jeudi 3 septembre, les <a data-ylk=\"slk:lourdes peines confirm\u00e9es en appel en novembre 2025;elm:context_link;itc:0;sec:content-canvas;\" data-yga=\"{&quot;yLinkElement&quot;:&quot;link&quot;,&quot;yLinkElementType&quot;:&quot;article_link&quot;}\" href=\"https:\/\/www.france24.com\/fr\/afrique\/20251128-tunisie-opposants-condamn\u00e9s-en-appel-jusqu-\u00e0-45-ans-prison-pour-complot\" rel=\"noopener noreferrer nofollow\" target=\"_blank\">lourdes peines confirm\u00e9es en appel en novembre 2025<\/a> contre une quarantaine de personnes, dont plusieurs figures de l&rsquo;opposition tunisienne, dans l&rsquo;affaire dite du \u00ab\u00a0complot contre la s\u00fbret\u00e9 de l&rsquo;\u00c9tat\u00a0\u00bb.<\/p>\n<p class=\"mb-4 text-lg md:leading-8 break-words\">\u00ab\u00a0La Cour de cassation a rejet\u00e9 le recours, confirmant ainsi les peines prononc\u00e9es en appel\u00a0\u00bb, a indiqu\u00e9 \u00e0 l&rsquo;AFP Me Haifa Chebbi, avocate et fille d&rsquo;Ahmed N\u00e9jib Chebbi, 82 ans, <a data-ylk=\"slk:l&#039;un des opposants de gauche les plus c\u00e9l\u00e8bres du pays;elm:context_link;itc:0;sec:content-canvas;\" data-yga=\"{&quot;yLinkElement&quot;:&quot;link&quot;,&quot;yLinkElementType&quot;:&quot;article_link&quot;}\" href=\"https:\/\/www.france24.com\/fr\/afrique\/20251205-ahmed-n\u00e9jib-chebbi-figure-de-l-opposition-en-tunisie-a-\u00e9t\u00e9-arr\u00eat\u00e9\" rel=\"noopener noreferrer nofollow\" target=\"_blank\">l&rsquo;un des opposants de gauche les plus c\u00e9l\u00e8bres du pays<\/a>. Les condamnations sont d\u00e9sormais d\u00e9finitives, a-t-elle ajout\u00e9.<\/p>\n<p>Des peines allant jusqu&rsquo;\u00e0 45 ans de prison<\/p>\n<p class=\"mb-4 text-lg md:leading-8 break-words\">\u00ab\u00a0La bataille judiciaire est termin\u00e9e. Commence maintenant la bataille purement politique\u00a0\u00bb, a r\u00e9agi sur les r\u00e9seaux sociaux l&rsquo;opposante Dalila Msaddek, s\u0153ur de Jawhar Ben Mbarek, l&rsquo;un des condamn\u00e9s dans cette affaire <a data-ylk=\"slk:devenue embl\u00e9matique de la r\u00e9pression;elm:context_link;itc:0;sec:content-canvas;\" data-yga=\"{&quot;yLinkElement&quot;:&quot;link&quot;,&quot;yLinkElementType&quot;:&quot;article_link&quot;}\" href=\"https:\/\/www.france24.com\/fr\/afrique\/20260626-sihem-bensedrine-figure-de-la-justice-transitionnelle-en-tunisie-condamn\u00e9e-\u00e0-25-ans-de-prison\" rel=\"noopener noreferrer nofollow\" target=\"_blank\">devenue embl\u00e9matique de la r\u00e9pression<\/a> qui s&rsquo;est intensifi\u00e9e en Tunisie depuis le coup de force du pr\u00e9sident Ka\u00efs Sa\u00efed en juillet 2021.<\/p>\n<p class=\"mb-4 text-lg md:leading-8 break-words\">En novembre 2025, la cour d&rsquo;appel de Tunis avait confirm\u00e9 les condamnations prononc\u00e9es en premi\u00e8re instance, avec des peines pouvant atteindre 45 ans de prison.<\/p>\n<p class=\"mb-4 text-lg md:leading-8 break-words\">Parmi les personnes incarc\u00e9r\u00e9es dans ce dossier figurent notamment l&rsquo;opposant historique Ahmed N\u00e9jib Chebbi, l&rsquo;avocat Ayachi Hammami, le responsable du parti islamiste Ennahda Abdelhamid Jlassi, l&rsquo;ancien ministre centriste Ghazi Chaouachi ainsi que la militante Cha\u00efma Issa.<\/p>\n<p>Une \u00ab\u00a0affaire politique\u00a0\u00bb<\/p>\n<p class=\"mb-4 text-lg md:leading-8 break-words\">La tenue de l&rsquo;audience jeudi avait \u00e9t\u00e9 vivement critiqu\u00e9e, plusieurs avocats d\u00e9non\u00e7ant une date annonc\u00e9e au dernier moment et estimant qu&rsquo;elle ne leur avait pas permis de pr\u00e9parer convenablement leur d\u00e9fense dans cette affaire aux lourds enjeux politiques.<\/p>\n<p class=\"mb-4 text-lg md:leading-8 break-words\">Haifa Chebbi a d\u00e9nonc\u00e9 aupr\u00e8s de l&rsquo;AFP une \u00ab\u00a0affaire politique\u00a0\u00bb, instrumentalis\u00e9e selon elle par le pouvoir \u00ab\u00a0pour faire taire l&rsquo;opposition\u00a0\u00bb.<\/p>\n<p class=\"mb-4 text-lg md:leading-8 break-words\">\u00c0 voir aussi<a data-ylk=\"slk:Tunisie : des manifestations face \u00e0 un \u00e9t\u00e9 de coupures d&#039;\u00e9lectricit\u00e9, d&#039;eau, et de p\u00e9nuries;elm:context_link;itc:0;sec:content-canvas;\" data-yga=\"{&quot;yLinkElement&quot;:&quot;link&quot;,&quot;yLinkElementType&quot;:&quot;article_link&quot;}\" href=\"https:\/\/www.france24.com\/fr\/vid\u00e9o\/20260821-tunisie-des-manifestations-face-\u00e0-un-\u00e9t\u00e9-de-coupures-d-\u00e9lectricit\u00e9-d-eau-et-de-p\u00e9nuries\" class=\"a-read-more__link\" rel=\"noopener noreferrer nofollow\" target=\"_blank\">Tunisie : des manifestations face \u00e0 un \u00e9t\u00e9 de coupures d&rsquo;\u00e9lectricit\u00e9, d&rsquo;eau, et de p\u00e9nuries<\/a><\/p>\n<p class=\"mb-4 text-lg md:leading-8 break-words\">Avant l&rsquo;audience, <a data-ylk=\"slk:Amnesty International;elm:context_link;itc:0;sec:content-canvas;\" data-yga=\"{&quot;yLinkElement&quot;:&quot;link&quot;,&quot;yLinkElementType&quot;:&quot;article_link&quot;}\" href=\"https:\/\/www.france24.com\/fr\/tag\/amnesty-international\/\" class=\"gtm-add-suggested-tag\" rel=\"noopener noreferrer nofollow\" target=\"_blank\">Amnesty International<\/a> avait exhort\u00e9 les autorit\u00e9s tunisiennes \u00e0 annuler les condamnations, qu&rsquo;elle juge \u00ab\u00a0iniques\u00a0\u00bb, et \u00e0 lib\u00e9rer les d\u00e9tenus.<\/p>\n<p class=\"mb-4 text-lg md:leading-8 break-words\">L&rsquo;ONG fustigeait \u00ab\u00a0un proc\u00e8s collectif entach\u00e9 de violations des garanties d&rsquo;une proc\u00e9dure r\u00e9guli\u00e8re\u00a0\u00bb et d\u00e9non\u00e7ait les conditions de vie des prisonniers, aggrav\u00e9es selon elle par \u00ab\u00a0les r\u00e9centes vagues de chaleur successives\u00a0\u00bb.<\/p>\n<p class=\"mb-4 text-lg md:leading-8 break-words\">Avec AFP<\/p>\n","protected":false},"excerpt":{"rendered":"En Tunisie, la Cour de cassation a confirm\u00e9, jeudi 3 septembre, les lourdes peines confirm\u00e9es en appel en&hellip;\n","protected":false},"author":2,"featured_media":199539,"comment_status":"","ping_status":"","sticky":false,"template":"","format":"standard","meta":{"footnotes":"","_share_on_mastodon":"0"},"categories":[120],"tags":[60668,56757,30520,60670,126,60669,124],"class_list":["post-199538","post","type-post","status-publish","format-standard","has-post-thumbnail","category-tunisie","tag-contre-une-quarantaine-de-personnes","tag-haifa-chebbi","tag-nejib-chebbi","tag-plusieurs-avocats-denoncant-une-date","tag-politique","tag-quelle-juge-iniques","tag-tunisie"],"share_on_mastodon":{"url":"https:\/\/pubeurope.com\/@afrique\/117209066620979526","error":""},"_links":{"self":[{"href":"https:\/\/www.europesays.com\/afrique\/wp-json\/wp\/v2\/posts\/199538","targetHints":{"allow":["GET"]}}],"collection":[{"href":"https:\/\/www.europesays.com\/afrique\/wp-json\/wp\/v2\/posts"}],"about":[{"href":"https:\/\/www.europesays.com\/afrique\/wp-json\/wp\/v2\/types\/post"}],"author":[{"embeddable":true,"href":"https:\/\/www.europesays.com\/afrique\/wp-json\/wp\/v2\/users\/2"}],"replies":[{"embeddable":true,"href":"https:\/\/www.europesays.com\/afrique\/wp-json\/wp\/v2\/comments?post=199538"}],"version-history":[{"count":0,"href":"https:\/\/www.europesays.com\/afrique\/wp-json\/wp\/v2\/posts\/199538\/revisions"}],"wp:featuredmedia":[{"embeddable":true,"href":"https:\/\/www.europesays.com\/afrique\/wp-json\/wp\/v2\/media\/199539"}],"wp:attachment":[{"href":"https:\/\/www.europesays.com\/afrique\/wp-json\/wp\/v2\/media?parent=199538"}],"wp:term":[{"taxonomy":"category","embeddable":true,"href":"https:\/\/www.europesays.com\/afrique\/wp-json\/wp\/v2\/categories?post=199538"},{"taxonomy":"post_tag","embeddable":true,"href":"https:\/\/www.europesays.com\/afrique\/wp-json\/wp\/v2\/tags?post=199538"}],"curies":[{"name":"wp","href":"https:\/\/api.w.org\/{rel}","templated":true}]}}