{"id":199546,"date":"2026-09-03T20:49:43","date_gmt":"2026-09-03T20:49:43","guid":{"rendered":"https:\/\/www.europesays.com\/afrique\/199546\/"},"modified":"2026-09-03T20:49:43","modified_gmt":"2026-09-03T20:49:43","slug":"afrique-analyse-des-echanges-commerciaux-avec-lunion-europeenne","status":"publish","type":"post","link":"https:\/\/www.europesays.com\/afrique\/199546\/","title":{"rendered":"Afrique : Analyse des \u00e9changes commerciaux avec l\u2019Union europ\u00e9enne"},"content":{"rendered":"<p>          <img data-recalc-dims=\"1\" fetchpriority=\"high\" decoding=\"async\" aria-describedby=\"caption-attachment-2759\" class=\"size-full wp-image-2759\" src=\"https:\/\/www.europesays.com\/afrique\/wp-content\/uploads\/2026\/09\/Europe-Afrique.jpg\" alt=\"\u00a9 lemoci.com\" width=\"320\" height=\"211\"\/><\/p>\n<p id=\"caption-attachment-2759\" class=\"wp-caption-text\">\u00a9 lemoci.com<\/p>\n<p style=\"text-align: justify;\">Longtemps consid\u00e9r\u00e9s comme partenaires \u00e9conomiques privil\u00e9gi\u00e9s du continent africain, l\u2019Union europ\u00e9enne et ses 28 pays doivent d\u00e9sormais faire face aux grands pays \u00e9mergents qui leur disputent le leadership dans les \u00e9changes commerciaux avec l\u2019Afrique. Rong\u00e9e par une crise multiforme depuis 2008, l\u2019Europe milite pour que les pays africains dans leur ensemble signent les accords de partenariat \u00e9conomique (APE) qui lui assureraient un acc\u00e8s quasi-illimit\u00e9 aux march\u00e9s africains, avec un tarif douanier pr\u00e9f\u00e9rentiel. L\u2019Europe croit ainsi pouvoir accroitre le volume de ses exportations vers l\u2019Afrique mais feint d\u2019ignorer qu\u2019une application int\u00e9grale des APE aurait pour effet d\u2019asphyxier des industries africaines encore trop peu robustes pour survivre \u00e0 une lib\u00e9ralisation de leurs march\u00e9s nationaux.<\/p>\n<p>De la convention de Lom\u00e9 aux APE<\/p>\n<p style=\"text-align: justify;\">Encadr\u00e9s par la Convention de Lom\u00e9 (Togo) d\u00e8s 1975 puis par les Accords de Cotonou (B\u00e9nin) \u00e0 partir de 2003*, les \u00e9changes \u00e9conomiques entre l\u2019Union europ\u00e9enne (UE) et l\u2019Afrique ont toujours \u00e9t\u00e9 d\u00e9s\u00e9quilibr\u00e9s en raison notamment de la faiblesse du tissu industriel des pays d\u2019Afrique face \u00e0 la puissance des industries de l\u2019UE. Pour r\u00e9tablir une sorte d\u2019\u00e9quilibre dans les \u00e9changes, l\u2019UE et les pays ACP (Afrique, Cara\u00efbes, Pacifique) se sont accord\u00e9s pour ouvrir le march\u00e9 europ\u00e9en aux produits issus des pays ACP sans que l\u2019imp\u00f4t douanier ne leur soit exigible.<\/p>\n<p style=\"text-align: justify;\">La Convention de Lom\u00e9 comme les Accords de Cotonou n\u2019accordaient pas la r\u00e9ciprocit\u00e9 aux produits europ\u00e9ens export\u00e9s vers l\u2019Afrique, cependant ils pr\u00e9voyaient dans leurs dispositions, la mise en place de nouveaux accords de partenariat \u00e9conomique (APE) en 2007, lesquels devaient permettre un acc\u00e8s r\u00e9ciproque des signataires aux diff\u00e9rents march\u00e9s avec les m\u00eames conditions pr\u00e9f\u00e9rentielles. Seulement voil\u00e0, depuis 2007 de nombreux pays africains ne sont toujours pas pr\u00eats \u00e0 supporter les effets d\u2019une lib\u00e9ralisation et donc \u00e0 s\u2019engager dans les APE. Certains pays les ont sign\u00e9s en l\u2019\u00e9tat, d\u2019autres comme le Cameroun et l\u2019Ile Maurice ont sign\u00e9 une version all\u00e9g\u00e9e et d\u2019autres encore continuent leur n\u00e9gociation avec l\u2019UE. Face aux APE l\u2019Afrique n\u2019a pas pu parler d\u2019une seule voix.<\/p>\n<p>Seulement 28% des produits manufactur\u00e9s export\u00e9s vers l\u2019Europe par l\u2019Afrique<\/p>\n<p style=\"text-align: justify;\"><a href=\"http:\/\/www.mays-mouissi.com\/2015\/08\/31\/lafrique-face-a-la-crise-financiere-chinoise\/\" target=\"_blank\" rel=\"nofollow noopener\">Bien qu\u2019ils progressent moins rapidement compar\u00e9 au commerce avec la Chine<\/a>, les \u00e9changes commerciaux entre l\u2019UE et l\u2019Afrique demeurent \u00e0 un niveau appr\u00e9ciable. En effet, le volume des \u00e9changes entre les l\u2019Afrique et l\u2019Union europ\u00e9enne \u00e9tait de 358 milliards USD en 2013 et se d\u00e9composait comme suit :<\/p>\n<p style=\"text-align: justify;\">\u2013\u00a0\u00a0 \u00a0150 milliards d\u2019exportations de l\u2019Union europ\u00e9enne vers l\u2019Afrique ;<\/p>\n<p style=\"text-align: justify;\">\u2013\u00a0\u00a0 \u00a0208 milliards d\u2019exportations africaines vers l\u2019Union Europ\u00e9enne.<\/p>\n<p style=\"text-align: justify;\">L\u2019analyse d\u00e9taill\u00e9e des exportations africaines permet de constater que les hydrocarbures et les produits miniers repr\u00e9sentaient 72% des exportations africaines vers l\u2019Europe en 2013. Les produits manufactur\u00e9s \u00e0 valeur ajout\u00e9e se limitaient \u00e0 28% du total des exportations. En clair, les \u00e9conomies africaines ne sont toujours pas suffisamment diversifi\u00e9es ni suffisamment industrialis\u00e9es pour faire face \u00e0 une lib\u00e9ralisation.<\/p>\n<p style=\"text-align: justify;\">Si l\u2019Europe est \u00e0 la recherche de nouveaux d\u00e9bouch\u00e9s, l\u2019Afrique avec sa croissance moyenne de 5% par an depuis 10 ans peut constituer un relais de croissance. Il faut pour cela que l\u2019Europe n\u2019envisage pas ses investissements en Afrique uniquement sous le prisme des APE. Elle se doit d\u2019\u00eatre pr\u00e9sente d\u00e8s maintenant pour profiter \u00e0 moyen terme du march\u00e9 int\u00e9rieur africain qui se d\u00e9veloppe et surtout pour ne pas se laisser distancer par\u00a0 les nouveaux acteurs offensifs que sont les pays \u00e9mergents.<\/p>\n<p style=\"text-align: justify;\">Mays Mouissi<\/p>\n<p style=\"text-align: justify;\">* Les accords de Cotonou ont \u00e9t\u00e9 sign\u00e9s le 23 juin 2000 mais ne sont rentr\u00e9s en vigueur qu\u2019\u00e0 partir du 1er avril 2003.<\/p>\n<p style=\"text-align: justify;\">Sources principales :<\/p>\n<p style=\"text-align: justify;\">\u2013\u00a0\u00a0 \u00a0\u00ab L\u2019Union europ\u00e9enne et l\u2019Afrique (le G80) \u2013 La photographie du commerce, exportateurs &amp; importateurs, les locomotives \u00bb, Fl\u00e9 Doumbia, publi\u00e9 le 1er d\u00e9cembre 2014 aux Editions Sides<\/p>\n<p style=\"text-align: justify;\">\u2013\u00a0\u00a0 \u00a0<a href=\"http:\/\/www.consilium.europa.eu\/fr\/home\/\" target=\"_blank\" rel=\"nofollow noopener\">Le site du Conseil de l\u2019Europe<\/a><\/p>\n<p>\n\tArticles similaires<\/p>\n","protected":false},"excerpt":{"rendered":"\u00a9 lemoci.com Longtemps consid\u00e9r\u00e9s comme partenaires \u00e9conomiques privil\u00e9gi\u00e9s du continent africain, l\u2019Union europ\u00e9enne et ses 28 pays doivent&hellip;\n","protected":false},"author":2,"featured_media":199547,"comment_status":"","ping_status":"","sticky":false,"template":"","format":"standard","meta":{"footnotes":"","_share_on_mastodon":"0"},"categories":[2],"tags":[6,6443,18,51,67,68,69,70],"class_list":["post-199546","post","type-post","status-publish","format-standard","has-post-thumbnail","category-europe","tag-afrique","tag-echanges-commerciaux","tag-europe","tag-europe-afrique","tag-ue","tag-ue-afrique","tag-union-europeenne","tag-union-europeenne-afrique"],"share_on_mastodon":{"url":"https:\/\/pubeurope.com\/@afrique\/117209082375928014","error":""},"_links":{"self":[{"href":"https:\/\/www.europesays.com\/afrique\/wp-json\/wp\/v2\/posts\/199546","targetHints":{"allow":["GET"]}}],"collection":[{"href":"https:\/\/www.europesays.com\/afrique\/wp-json\/wp\/v2\/posts"}],"about":[{"href":"https:\/\/www.europesays.com\/afrique\/wp-json\/wp\/v2\/types\/post"}],"author":[{"embeddable":true,"href":"https:\/\/www.europesays.com\/afrique\/wp-json\/wp\/v2\/users\/2"}],"replies":[{"embeddable":true,"href":"https:\/\/www.europesays.com\/afrique\/wp-json\/wp\/v2\/comments?post=199546"}],"version-history":[{"count":0,"href":"https:\/\/www.europesays.com\/afrique\/wp-json\/wp\/v2\/posts\/199546\/revisions"}],"wp:featuredmedia":[{"embeddable":true,"href":"https:\/\/www.europesays.com\/afrique\/wp-json\/wp\/v2\/media\/199547"}],"wp:attachment":[{"href":"https:\/\/www.europesays.com\/afrique\/wp-json\/wp\/v2\/media?parent=199546"}],"wp:term":[{"taxonomy":"category","embeddable":true,"href":"https:\/\/www.europesays.com\/afrique\/wp-json\/wp\/v2\/categories?post=199546"},{"taxonomy":"post_tag","embeddable":true,"href":"https:\/\/www.europesays.com\/afrique\/wp-json\/wp\/v2\/tags?post=199546"}],"curies":[{"name":"wp","href":"https:\/\/api.w.org\/{rel}","templated":true}]}}