{"id":199552,"date":"2026-09-03T20:56:20","date_gmt":"2026-09-03T20:56:20","guid":{"rendered":"https:\/\/www.europesays.com\/afrique\/199552\/"},"modified":"2026-09-03T20:56:20","modified_gmt":"2026-09-03T20:56:20","slug":"administration-connectee-la-cote-divoire-vise-700-services-publics-numeriques-a-fort-impact-dici-trois-ans","status":"publish","type":"post","link":"https:\/\/www.europesays.com\/afrique\/199552\/","title":{"rendered":"Administration connect\u00e9e: La C\u00f4te d&rsquo;Ivoire vise 700 services publics num\u00e9riques \u00e0 fort impact d\u2019ici trois ans"},"content":{"rendered":"<p>700 services publics num\u00e9riques \u00e0 fort impact vis\u00e9s d\u2019ici trois ans. (Ph: Dr)<\/p>\n<p>                    R\u00e9unis \u00e0 Abidjan les 3 et 4 septembre 2026, les acteurs de l\u2019administration publique ivoirienne planchent sur la priorisation des services publics num\u00e9riques. Cette rencontre vise \u00e0 identifier les d\u00e9marches \u00e0 d\u00e9mat\u00e9rialiser en priorit\u00e9 et \u00e0 jeter les bases d\u2019infrastructures num\u00e9riques communes capables de soutenir l\u2019ambition de 700 services publics num\u00e9riques \u00e0 fort impact d\u2019ici trois ans.<br \/>\n        L\u2019objectif est de d\u00e9finir les services publics qui devront \u00eatre d\u00e9mat\u00e9rialis\u00e9s en priorit\u00e9 afin d\u2019am\u00e9liorer les prestations offertes aux citoyens et aux entreprises. Cette initiative constitue une \u00e9tape importante dans le processus de modernisation de l\u2019administration ivoirienne.<\/p>\n<p>Une administration davantage tourn\u00e9e vers l\u2019usager<\/p>\n<p>\u00c0 l\u2019ouverture des travaux, le repr\u00e9sentant de la ministre d\u2019\u00c9tat, ministre de la Fonction publique et de la Modernisation de l&rsquo;administration, a rappel\u00e9 la volont\u00e9 du gouvernement de b\u00e2tir une administration plus proche des citoyens, plus rapide et plus efficace.<\/p>\n<p>De son c\u00f4t\u00e9, le ministre de la Transition num\u00e9rique et de l\u2019Innovation technologique, Djibril Ouattara, a inscrit cette d\u00e9marche dans la feuille de route gouvernementale 2026-2028. Selon lui, la transformation num\u00e9rique doit avant tout permettre une meilleure organisation de l\u2019administration et une valorisation optimale des ressources d\u00e9j\u00e0 disponibles. Il a \u00e9galement soulign\u00e9 le r\u00f4le strat\u00e9gique de la donn\u00e9e dans l\u2019am\u00e9lioration des services publics et le d\u00e9veloppement de l\u2019innovation.<\/p>\n<p>Trois piliers pour construire l\u2019administration num\u00e9rique de demain<\/p>\n<p>Les r\u00e9flexions engag\u00e9es lors de cet atelier reposent sur trois fondations majeures, \u00e0 savoir la mise en place d\u2019une identit\u00e9 num\u00e9rique unique pour les citoyens, le d\u00e9veloppement d\u2019une plateforme d\u2019interop\u00e9rabilit\u00e9 permettant aux administrations d\u2019\u00e9changer leurs donn\u00e9es de mani\u00e8re s\u00e9curis\u00e9e et la r\u00e9alisation d\u2019un inventaire national des infrastructures num\u00e9riques publiques avec l\u2019appui de la Banque mondiale.<\/p>\n<p>Ces infrastructures communes, compar\u00e9es \u00e0 des routes ou \u00e0 des ponts num\u00e9riques, devront \u00eatre mutualis\u00e9es au b\u00e9n\u00e9fice de l\u2019ensemble des administrations publiques.<\/p>\n<p>700 services num\u00e9riques d\u2019ici \u00e0 2029<\/p>\n<p>\u00c0 travers cette d\u00e9marche, la C\u00f4te d\u2019Ivoire ambitionne de disposer, dans les trois prochaines ann\u00e9es, de 700 services publics num\u00e9riques coordonn\u00e9s et \u00e0 fort impact. Le gouvernement vise \u00e9galement une administration \u00ab z\u00e9ro papier \u00bb \u00e0 l\u2019horizon 2030.<\/p>\n","protected":false},"excerpt":{"rendered":"700 services publics num\u00e9riques \u00e0 fort impact vis\u00e9s d\u2019ici trois ans. (Ph: Dr) R\u00e9unis \u00e0 Abidjan les 3&hellip;\n","protected":false},"author":2,"featured_media":199553,"comment_status":"","ping_status":"","sticky":false,"template":"","format":"standard","meta":{"footnotes":"","_share_on_mastodon":"0"},"categories":[154],"tags":[4554,93,5455,1377,60676,722,216,573,723,1002,4406,88,226,6621,3257,3045,1212],"class_list":["post-199552","post","type-post","status-publish","format-standard","has-post-thumbnail","category-cote-divoire","tag-4554","tag-a","tag-administration","tag-ans","tag-connectee","tag-cote","tag-cote-divoire","tag-dici","tag-divoire","tag-fort","tag-impact","tag-la","tag-numeriques","tag-publics","tag-services","tag-trois","tag-vise"],"share_on_mastodon":{"url":"https:\/\/pubeurope.com\/@afrique\/117209110265231622","error":""},"_links":{"self":[{"href":"https:\/\/www.europesays.com\/afrique\/wp-json\/wp\/v2\/posts\/199552","targetHints":{"allow":["GET"]}}],"collection":[{"href":"https:\/\/www.europesays.com\/afrique\/wp-json\/wp\/v2\/posts"}],"about":[{"href":"https:\/\/www.europesays.com\/afrique\/wp-json\/wp\/v2\/types\/post"}],"author":[{"embeddable":true,"href":"https:\/\/www.europesays.com\/afrique\/wp-json\/wp\/v2\/users\/2"}],"replies":[{"embeddable":true,"href":"https:\/\/www.europesays.com\/afrique\/wp-json\/wp\/v2\/comments?post=199552"}],"version-history":[{"count":0,"href":"https:\/\/www.europesays.com\/afrique\/wp-json\/wp\/v2\/posts\/199552\/revisions"}],"wp:featuredmedia":[{"embeddable":true,"href":"https:\/\/www.europesays.com\/afrique\/wp-json\/wp\/v2\/media\/199553"}],"wp:attachment":[{"href":"https:\/\/www.europesays.com\/afrique\/wp-json\/wp\/v2\/media?parent=199552"}],"wp:term":[{"taxonomy":"category","embeddable":true,"href":"https:\/\/www.europesays.com\/afrique\/wp-json\/wp\/v2\/categories?post=199552"},{"taxonomy":"post_tag","embeddable":true,"href":"https:\/\/www.europesays.com\/afrique\/wp-json\/wp\/v2\/tags?post=199552"}],"curies":[{"name":"wp","href":"https:\/\/api.w.org\/{rel}","templated":true}]}}